{"id":1010,"date":"2017-06-13T13:05:15","date_gmt":"2017-06-13T16:05:15","guid":{"rendered":"http:\/\/fedemba.org.ar\/web\/?p=1010"},"modified":"2017-06-13T13:05:15","modified_gmt":"2017-06-13T16:05:15","slug":"ameport-invita-a-participar-del-festival-artistico-solidario","status":"publish","type":"post","link":"https:\/\/fedemba.org.ar\/web\/ameport-invita-a-participar-del-festival-artistico-solidario\/","title":{"rendered":"AMEPORT INVITA A PARTICIPAR DEL FESTIVAL ART\u00cdSTICO SOLIDARIO"},"content":{"rendered":"<p><strong>La Asociaci\u00f3n Mutual Personal del Estado Nacional, Provincial, Municipal y Afines (AMEPORT), entidad adherida a\u00a0FEDEMBA, celebrar\u00e1 por quinto a\u00f1o consecutivo el\u00a0Festival Art\u00edstico Solidario a beneficio de la Comunidad Aborigen QOMPI<\/strong> de la Provincia de Formosa, en el \u201cClub Obras P\u00fablicas\u201d de Vicente L\u00f3pez (Juan D\u00edaz de Sol\u00eds 1851) el pr\u00f3ximo s\u00e1bado 17 de junio.<\/p>\n<p>La jornada, que contar\u00e1 con espect\u00e1culos musicales, bailes, teatro comunitario y buffet,<strong> tiene como objetivo colaborar con el Grupo \u201cL\u00edderes de Campamento\u201d de la Localidad Mart\u00ednez, quienes organizan cada a\u00f1o una expedici\u00f3n solidaria a la comunidad aborigen QOMPI<\/strong>, para brindarles asistencia, contribuir con distintos elementos de necesidad primordial y realizar actividades recreativas junto a los chicos del lugar.<\/p>\n<p><a href=\"http:\/\/fedemba.org.ar\/web\/wp-content\/uploads\/2017\/06\/IMG_20160718_122519071.jpg\"><img decoding=\"async\" loading=\"lazy\" class=\"alignleft size-full wp-image-1012\" src=\"http:\/\/fedemba.org.ar\/web\/wp-content\/uploads\/2017\/06\/IMG_20160718_122519071.jpg\" alt=\"IMG_20160718_122519071\" width=\"1000\" height=\"563\" srcset=\"https:\/\/fedemba.org.ar\/web\/wp-content\/uploads\/2017\/06\/IMG_20160718_122519071.jpg 1000w, https:\/\/fedemba.org.ar\/web\/wp-content\/uploads\/2017\/06\/IMG_20160718_122519071-300x169.jpg 300w\" sizes=\"(max-width: 1000px) 100vw, 1000px\" \/><\/a><\/p>\n<p><strong>La entrada al evento ser\u00e1 con alimentos no perecederos<\/strong> (leche en polvo, polenta, etc\u2026)<strong> u donaciones de ropa, material deportivo, juguetes o instrumentos musicales.<\/strong><\/p>\n<p><a href=\"http:\/\/fedemba.org.ar\/web\/wp-content\/uploads\/2017\/06\/IMG_20160718_101804459_HDR.jpg\"><img decoding=\"async\" loading=\"lazy\" class=\"alignleft size-full wp-image-1013\" src=\"http:\/\/fedemba.org.ar\/web\/wp-content\/uploads\/2017\/06\/IMG_20160718_101804459_HDR.jpg\" alt=\"IMG_20160718_101804459_HDR\" width=\"1000\" height=\"563\" srcset=\"https:\/\/fedemba.org.ar\/web\/wp-content\/uploads\/2017\/06\/IMG_20160718_101804459_HDR.jpg 1000w, https:\/\/fedemba.org.ar\/web\/wp-content\/uploads\/2017\/06\/IMG_20160718_101804459_HDR-300x169.jpg 300w\" sizes=\"(max-width: 1000px) 100vw, 1000px\" \/><\/a><\/p>\n<p><strong>Contribuyamos a sumar oportunidades a los que m\u00e1s necesitan de nosotros, solidariz\u00e1ndonos, seamos part\u00edcipes de un crecimiento comunitario.<\/strong><\/p>\n<p><a href=\"http:\/\/fedemba.org.ar\/web\/wp-content\/uploads\/2017\/06\/1016286-e1497287838753.jpg\"><img decoding=\"async\" loading=\"lazy\" class=\"size-full wp-image-1014\" src=\"http:\/\/fedemba.org.ar\/web\/wp-content\/uploads\/2017\/06\/1016286-e1497287838753.jpg\" alt=\"OLYMPUS DIGITAL CAMERA\" width=\"650\" height=\"488\" \/><\/a><\/p>\n<p>&nbsp;<\/p>\n<h3><\/h3>\n<h3><\/h3>\n<h3><\/h3>\n<h3><\/h3>\n<h3><\/h3>\n<h3><\/h3>\n<h3><\/h3>\n<h3><span style=\"color: #993366;\"><strong>PARA QUE NO TE OLVIDES:<\/strong><\/span><\/h3>\n<h4><strong>\u00bfD\u00f3nde y cu\u00e1ndo ser\u00e1 el Festival?<\/strong><\/h4>\n<p>El 17 de Junio en el \u201cClub Obras P\u00fablicas\u201d de Vicente L\u00f3pez (Ju\u00e1n D\u00edaz de Sol\u00eds 1851), de 12 a 18 hs.<\/p>\n<h4><strong>\u00bfQu\u00e9 precio tiene la entrada?<\/strong><\/h4>\n<p>Ninguno. Simplemente contribuir llevando alimentos no perecederos (leche en polvo, polenta, etc\u2026) u donaciones de ropa, material deportivo, juguetes o instrumentos musicales<\/p>\n<p><a href=\"http:\/\/fedemba.org.ar\/web\/wp-content\/uploads\/2017\/06\/Festival-Solidario.jpg\"><img decoding=\"async\" loading=\"lazy\" class=\"alignleft size-large wp-image-1011\" src=\"http:\/\/fedemba.org.ar\/web\/wp-content\/uploads\/2017\/06\/Festival-Solidario-981x1024.jpg\" alt=\"Festival Solidario\" width=\"981\" height=\"1024\" srcset=\"https:\/\/fedemba.org.ar\/web\/wp-content\/uploads\/2017\/06\/Festival-Solidario-981x1024.jpg 981w, https:\/\/fedemba.org.ar\/web\/wp-content\/uploads\/2017\/06\/Festival-Solidario-287x300.jpg 287w, https:\/\/fedemba.org.ar\/web\/wp-content\/uploads\/2017\/06\/Festival-Solidario.jpg 1000w\" sizes=\"(max-width: 981px) 100vw, 981px\" \/><\/a><\/p>\n","protected":false},"excerpt":{"rendered":"<p>La Asociaci\u00f3n Mutual Personal del Estado Nacional, Provincial, Municipal y Afines (AMEPORT), entidad adherida a FEDEMBA, celebrar\u00e1 por quinto a\u00f1o consecutivo el Festival Art\u00edstico Solidario a beneficio de la Comunidad Aborigen QOMPI de la Provincia de Formosa, en el \u201cClub Obras P\u00fablicas\u201d de Vicente L\u00f3pez (Juan D\u00edaz de Sol\u00eds 1851) el pr\u00f3ximo s\u00e1bado 17 de junio.<\/p>\n","protected":false},"author":1,"featured_media":1011,"comment_status":"closed","ping_status":"closed","sticky":false,"template":"","format":"standard","meta":[],"categories":[1],"tags":[30,12,6,87,10],"_links":{"self":[{"href":"https:\/\/fedemba.org.ar\/web\/wp-json\/wp\/v2\/posts\/1010"}],"collection":[{"href":"https:\/\/fedemba.org.ar\/web\/wp-json\/wp\/v2\/posts"}],"about":[{"href":"https:\/\/fedemba.org.ar\/web\/wp-json\/wp\/v2\/types\/post"}],"author":[{"embeddable":true,"href":"https:\/\/fedemba.org.ar\/web\/wp-json\/wp\/v2\/users\/1"}],"replies":[{"embeddable":true,"href":"https:\/\/fedemba.org.ar\/web\/wp-json\/wp\/v2\/comments?post=1010"}],"version-history":[{"count":6,"href":"https:\/\/fedemba.org.ar\/web\/wp-json\/wp\/v2\/posts\/1010\/revisions"}],"predecessor-version":[{"id":1023,"href":"https:\/\/fedemba.org.ar\/web\/wp-json\/wp\/v2\/posts\/1010\/revisions\/1023"}],"wp:featuredmedia":[{"embeddable":true,"href":"https:\/\/fedemba.org.ar\/web\/wp-json\/wp\/v2\/media\/1011"}],"wp:attachment":[{"href":"https:\/\/fedemba.org.ar\/web\/wp-json\/wp\/v2\/media?parent=1010"}],"wp:term":[{"taxonomy":"category","embeddable":true,"href":"https:\/\/fedemba.org.ar\/web\/wp-json\/wp\/v2\/categories?post=1010"},{"taxonomy":"post_tag","embeddable":true,"href":"https:\/\/fedemba.org.ar\/web\/wp-json\/wp\/v2\/tags?post=1010"}],"curies":[{"name":"wp","href":"https:\/\/api.w.org\/{rel}","templated":true}]}}