{"id":1036,"date":"2017-06-27T14:26:34","date_gmt":"2017-06-27T17:26:34","guid":{"rendered":"http:\/\/fedemba.org.ar\/web\/?p=1036"},"modified":"2017-06-27T14:33:00","modified_gmt":"2017-06-27T17:33:00","slug":"fedemba-presente-en-la-celebracion-del-50o-aniversario-de-mutual-universitaria","status":"publish","type":"post","link":"https:\/\/fedemba.org.ar\/web\/fedemba-presente-en-la-celebracion-del-50o-aniversario-de-mutual-universitaria\/","title":{"rendered":"FEDEMBA PRESENTE EN LA CELEBRACI\u00d3N DEL 50\u00ba ANIVERSARIO DE MUTUAL UNIVERSITARIA"},"content":{"rendered":"<p><span style=\"line-height: 115%; font-family: 'Arial','sans-serif'; font-size: 12pt;\"><span style=\"color: #000000;\">El Presidente de la <strong>Federaci\u00f3n de Entidades Mutuales de Buenos Aires <strong>(FEDEMBA),<\/strong> Dr. Dar\u00edo Mart\u00ednez Corti, <\/strong>y el Asesor Jur\u00eddico de la Federaci\u00f3n,<strong> Dr. Roberto De Cicco, <\/strong>asistieron el pasado 22 de junio a la celebraci\u00f3n por el<strong> <strong>50\u00ba Aniversario de la Mutual Universitaria<\/strong> <\/strong>en el sal\u00f3n del 5\u00ba Piso de la Casa Universitaria, Ayacucho 2361, Partido de San Mart\u00edn, el cual\u00a0cont\u00f3 con la participaci\u00f3n del<strong><strong> Intendente de San Mart\u00edn, Dr. Gabriel Katopodis, y del Presidente del Consejo Deliberante, Dr. Diego Perella.<\/strong><\/strong><\/span><\/span><\/p>\n<p><span style=\"line-height: 115%; font-family: 'Arial','sans-serif'; font-size: 12pt;\"><span style=\"color: #000000;\"><strong>El multitudinario acto <\/strong>se inici\u00f3 con las emocionantes palabras de la Presidenta de la Casa Universitaria de General San Mart\u00edn, Sra. Pina Poggi. A ella se le uni\u00f3<strong> la Dra. Lidya Kety Mart\u00ednez, Presidenta de Mutual Universitaria, Vocal Titular 2\u00ba de FEDEMBA e integrante de la Comisi\u00f3n de G\u00e9nero de CONAM, <\/strong>quien record\u00f3 con mucha euforia y alegr\u00eda a los miembros universitarios de la Comisi\u00f3n Directiva fundadora, siendo los propulsores de difundir el sentimiento mutualista en la ciudad. Adem\u00e1s destac\u00f3 con mucha satisfacci\u00f3n la finalizaci\u00f3n del Proyecto de construcci\u00f3n del Edificio Mutual I para los asociados, siendo uno de los sue\u00f1os de los primeros directivos de la entidad.<\/span><\/span><\/p>\n<p><a href=\"http:\/\/fedemba.org.ar\/web\/wp-content\/uploads\/2017\/06\/FOTO-CORTI-1.jpg\"><img decoding=\"async\" loading=\"lazy\" class=\"alignleft size-large wp-image-1040\" src=\"http:\/\/fedemba.org.ar\/web\/wp-content\/uploads\/2017\/06\/FOTO-CORTI-1-1024x851.jpg\" alt=\"FOTO CORTI 1\" width=\"1024\" height=\"851\" srcset=\"https:\/\/fedemba.org.ar\/web\/wp-content\/uploads\/2017\/06\/FOTO-CORTI-1-1024x851.jpg 1024w, https:\/\/fedemba.org.ar\/web\/wp-content\/uploads\/2017\/06\/FOTO-CORTI-1-300x249.jpg 300w, https:\/\/fedemba.org.ar\/web\/wp-content\/uploads\/2017\/06\/FOTO-CORTI-1.jpg 1376w\" sizes=\"(max-width: 1024px) 100vw, 1024px\" \/><\/a><\/p>\n<p><span style=\"line-height: 115%; font-family: 'Arial','sans-serif'; font-size: 12pt;\"><span style=\"color: #000000;\">A su vez, <strong>el Intendente de San Mart\u00edn le entreg\u00f3 una placa conmemorativa en nombre de la Municipalidad a la mutual, como as\u00ed tambi\u00e9n lo hicieron los directivos de FEDEMBA<\/strong>.<\/span><\/span><\/p>\n<p><a href=\"http:\/\/fedemba.org.ar\/web\/wp-content\/uploads\/2017\/06\/FOTO-CORTI.jpg\"><img decoding=\"async\" loading=\"lazy\" class=\"alignleft size-full wp-image-1039\" src=\"http:\/\/fedemba.org.ar\/web\/wp-content\/uploads\/2017\/06\/FOTO-CORTI.jpg\" alt=\"FOTO CORTI\" width=\"710\" height=\"554\" srcset=\"https:\/\/fedemba.org.ar\/web\/wp-content\/uploads\/2017\/06\/FOTO-CORTI.jpg 710w, https:\/\/fedemba.org.ar\/web\/wp-content\/uploads\/2017\/06\/FOTO-CORTI-300x234.jpg 300w\" sizes=\"(max-width: 710px) 100vw, 710px\" \/><\/a><\/p>\n<p><span style=\"line-height: 115%; font-family: 'Arial','sans-serif'; font-size: 12pt;\"><span style=\"color: #000000;\"><a href=\"http:\/\/fedemba.org.ar\/web\/wp-content\/uploads\/2017\/06\/foto-KATO-REDUCIDA.jpg\"><img decoding=\"async\" loading=\"lazy\" class=\"alignleft size-full wp-image-1041\" src=\"http:\/\/fedemba.org.ar\/web\/wp-content\/uploads\/2017\/06\/foto-KATO-REDUCIDA.jpg\" alt=\"foto-KATO-REDUCIDA\" width=\"776\" height=\"581\" srcset=\"https:\/\/fedemba.org.ar\/web\/wp-content\/uploads\/2017\/06\/foto-KATO-REDUCIDA.jpg 776w, https:\/\/fedemba.org.ar\/web\/wp-content\/uploads\/2017\/06\/foto-KATO-REDUCIDA-300x225.jpg 300w\" sizes=\"(max-width: 776px) 100vw, 776px\" \/><\/a>El clima de alegr\u00eda continu\u00f3 con la proyecci\u00f3n de un video institucional recordando las actividades realizadas en el a\u00f1o y la entrega de un presente a cada uno de los empleados de la instituci\u00f3n, agradeciendo su desempe\u00f1o y el apoyo constante para que la entidad siga logrando sus objetivos. <\/span><\/span><\/p>\n<p><span style=\"line-height: 115%; font-family: 'Arial','sans-serif'; font-size: 12pt;\"><span style=\"color: #000000;\">Para el cierre de esta m\u00e1gica celebraci\u00f3n los asistentes se deleitaron con unas canciones de la Soprano Claudia Severino y una exhibici\u00f3n de danzas folkl\u00f3ricas y tango a cargo de profesores de prestigio nacional.<\/span><\/span><\/p>\n<p><a href=\"http:\/\/fedemba.org.ar\/web\/wp-content\/uploads\/2017\/06\/FOTO-TORTA.jpg\"><img decoding=\"async\" loading=\"lazy\" class=\"alignleft size-large wp-image-1038\" src=\"http:\/\/fedemba.org.ar\/web\/wp-content\/uploads\/2017\/06\/FOTO-TORTA-1024x533.jpg\" alt=\"FOTO TORTA\" width=\"1024\" height=\"533\" srcset=\"https:\/\/fedemba.org.ar\/web\/wp-content\/uploads\/2017\/06\/FOTO-TORTA-1024x533.jpg 1024w, https:\/\/fedemba.org.ar\/web\/wp-content\/uploads\/2017\/06\/FOTO-TORTA-300x156.jpg 300w, https:\/\/fedemba.org.ar\/web\/wp-content\/uploads\/2017\/06\/FOTO-TORTA.jpg 1210w\" sizes=\"(max-width: 1024px) 100vw, 1024px\" \/><\/a><\/p>\n<p><a href=\"http:\/\/fedemba.org.ar\/web\/wp-content\/uploads\/2017\/06\/image004.jpg\"><img decoding=\"async\" loading=\"lazy\" class=\"alignleft size-full wp-image-1043\" src=\"http:\/\/fedemba.org.ar\/web\/wp-content\/uploads\/2017\/06\/image004.jpg\" alt=\"image004\" width=\"543\" height=\"406\" srcset=\"https:\/\/fedemba.org.ar\/web\/wp-content\/uploads\/2017\/06\/image004.jpg 543w, https:\/\/fedemba.org.ar\/web\/wp-content\/uploads\/2017\/06\/image004-300x224.jpg 300w\" sizes=\"(max-width: 543px) 100vw, 543px\" \/><\/a><\/p>\n<p><a href=\"http:\/\/fedemba.org.ar\/web\/wp-content\/uploads\/2017\/06\/foto-3.jpg\"><img decoding=\"async\" loading=\"lazy\" class=\"alignleft size-large wp-image-1037\" src=\"http:\/\/fedemba.org.ar\/web\/wp-content\/uploads\/2017\/06\/foto-3-1024x575.jpg\" alt=\"foto 3\" width=\"1024\" height=\"575\" srcset=\"https:\/\/fedemba.org.ar\/web\/wp-content\/uploads\/2017\/06\/foto-3-1024x575.jpg 1024w, https:\/\/fedemba.org.ar\/web\/wp-content\/uploads\/2017\/06\/foto-3-300x169.jpg 300w, https:\/\/fedemba.org.ar\/web\/wp-content\/uploads\/2017\/06\/foto-3.jpg 1296w\" sizes=\"(max-width: 1024px) 100vw, 1024px\" \/><\/a><\/p>\n","protected":false},"excerpt":{"rendered":"<p>El Presidente de la Federaci\u00f3n de Entidades Mutuales de Buenos Aires (FEDEMBA), Dr. Dar\u00edo Mart\u00ednez Corti, y el Asesor Jur\u00eddico de la Federaci\u00f3n, Dr. Roberto De Cicco, asistieron el pasado 22 de junio a la celebraci\u00f3n por el 50\u00ba Aniversario de la Mutual Universitaria en el sal\u00f3n del 5\u00ba Piso de la Casa Universitaria, Ayacucho 2361, Partido de San Mart\u00edn, el cual cont\u00f3 con la participaci\u00f3n del Intendente de San Mart\u00edn, Dr. Gabriel Katopodis, y del Presidente del Consejo Deliberante, Dr. Diego Perella.<\/p>\n","protected":false},"author":1,"featured_media":1038,"comment_status":"closed","ping_status":"closed","sticky":false,"template":"","format":"standard","meta":[],"categories":[1],"tags":[9,7,12,6,24,54,10,57],"_links":{"self":[{"href":"https:\/\/fedemba.org.ar\/web\/wp-json\/wp\/v2\/posts\/1036"}],"collection":[{"href":"https:\/\/fedemba.org.ar\/web\/wp-json\/wp\/v2\/posts"}],"about":[{"href":"https:\/\/fedemba.org.ar\/web\/wp-json\/wp\/v2\/types\/post"}],"author":[{"embeddable":true,"href":"https:\/\/fedemba.org.ar\/web\/wp-json\/wp\/v2\/users\/1"}],"replies":[{"embeddable":true,"href":"https:\/\/fedemba.org.ar\/web\/wp-json\/wp\/v2\/comments?post=1036"}],"version-history":[{"count":7,"href":"https:\/\/fedemba.org.ar\/web\/wp-json\/wp\/v2\/posts\/1036\/revisions"}],"predecessor-version":[{"id":1049,"href":"https:\/\/fedemba.org.ar\/web\/wp-json\/wp\/v2\/posts\/1036\/revisions\/1049"}],"wp:featuredmedia":[{"embeddable":true,"href":"https:\/\/fedemba.org.ar\/web\/wp-json\/wp\/v2\/media\/1038"}],"wp:attachment":[{"href":"https:\/\/fedemba.org.ar\/web\/wp-json\/wp\/v2\/media?parent=1036"}],"wp:term":[{"taxonomy":"category","embeddable":true,"href":"https:\/\/fedemba.org.ar\/web\/wp-json\/wp\/v2\/categories?post=1036"},{"taxonomy":"post_tag","embeddable":true,"href":"https:\/\/fedemba.org.ar\/web\/wp-json\/wp\/v2\/tags?post=1036"}],"curies":[{"name":"wp","href":"https:\/\/api.w.org\/{rel}","templated":true}]}}