{"id":1075,"date":"2017-07-20T15:28:26","date_gmt":"2017-07-20T18:28:26","guid":{"rendered":"http:\/\/fedemba.org.ar\/web\/?p=1075"},"modified":"2017-07-20T15:29:59","modified_gmt":"2017-07-20T18:29:59","slug":"jornada-de-capacitacion-de-fedemba","status":"publish","type":"post","link":"https:\/\/fedemba.org.ar\/web\/jornada-de-capacitacion-de-fedemba\/","title":{"rendered":"SE VIENE UNA NUEVA JORNADA DE CAPACITACI\u00d3N DE FEDEMBA"},"content":{"rendered":"<h3>La Federaci\u00f3n de Entidades Mutuales de Buenos Aires (FEDEMBA) invita a participar, en forma gratuita, de la <strong>JORNADA DE CAPACITACI\u00d3N DE FEDEMBA,<\/strong> que se desarrollar\u00e1 el MI\u00c9RCOLES 9 DE AGOSTO en la sede del C\u00edrculo de Suboficiales de la Prefectura Naval Argentina, Carlos Calvo 1337, Capital Federal.<\/h3>\n<h3>Aquellos que est\u00e9n interesados pueden inscribirse al 4361-7491 o en <a href=\"mailto:fedemba@yahoo.com.ar\">fedemba@yahoo.com.ar<\/a>. <strong>CUPOS LIMITADOS. <\/strong><\/h3>\n<h3><strong>FECHA TOPE DE INSCRIPCI\u00d3N: JUEVES 27 DE JULIO.<\/strong><\/h3>\n<h2><a href=\"http:\/\/fedemba.org.ar\/web\/wp-content\/uploads\/2017\/07\/Sin-t\u00edtulo.jpg\"><img decoding=\"async\" loading=\"lazy\" class=\"alignleft size-full wp-image-1076\" src=\"http:\/\/fedemba.org.ar\/web\/wp-content\/uploads\/2017\/07\/Sin-t\u00edtulo.jpg\" alt=\"Sin t\u00edtulo\" width=\"819\" height=\"428\" srcset=\"https:\/\/fedemba.org.ar\/web\/wp-content\/uploads\/2017\/07\/Sin-t\u00edtulo.jpg 819w, https:\/\/fedemba.org.ar\/web\/wp-content\/uploads\/2017\/07\/Sin-t\u00edtulo-300x157.jpg 300w\" sizes=\"(max-width: 819px) 100vw, 819px\" \/><\/a><\/h2>\n<p><strong>Fecha:<\/strong> Mi\u00e9rcoles 9 de agosto de 2017<\/p>\n<p><strong>Lugar:<\/strong> C\u00edrculo de Suboficiales de la Prefectura Naval Argentina (Carlos Calvo 1337, Capital Federal)<\/p>\n<p><strong><u>PROGRAMA<\/u><\/strong><\/p>\n<p>09.30 hs. \u00a0\u00a0\u00a0\u00a0\u00a0\u00a0\u00a0 Acreditaci\u00f3n.<\/p>\n<p>10.00 hs. \u00a0\u00a0\u00a0\u00a0\u00a0\u00a0\u00a0 Apertura.<\/p>\n<p>10.15 hs. \u00a0\u00a0\u00a0\u00a0\u00a0\u00a0\u00a0 Libros de Actas \/ R\u00fabrica (Noelia Paz y Nahuel Falc\u00f3n del \u00c1rea de R\u00fabrica y de Fiscalizaci\u00f3n Mutual, respectivamente, ambas del Instituto Nacional de Asociativismo y Econom\u00eda Social &#8211; INAES).<\/p>\n<p>11.30 hs.\u00a0\u00a0\u00a0\u00a0\u00a0\u00a0\u00a0\u00a0 Break.<\/p>\n<p>12.00 hs.\u00a0\u00a0\u00a0\u00a0\u00a0\u00a0\u00a0\u00a0 Crisis como oportunidad. Gesti\u00f3n para la transformaci\u00f3n de las mutuales (Prof. Sergio Echag\u00fce, del Instituto de Capacitaci\u00f3n Mutual Carlos Castillo de la Asociaci\u00f3n Mutual de Protecci\u00f3n Familiar).<\/p>\n<p>13.30 hs.\u00a0\u00a0\u00a0\u00a0\u00a0\u00a0\u00a0\u00a0\u00a0 Cierre institucional.<br \/>\nAlmuerzo de camarader\u00eda e integraci\u00f3n.<\/p>\n","protected":false},"excerpt":{"rendered":"<p>La Federaci\u00f3n de Entidades Mutuales de Buenos Aires (FEDEMBA) invita a participar, en forma gratuita, de la JORNADA DE CAPACITACI\u00d3N DE FEDEMBA, que se desarrollar\u00e1 el MI\u00c9RCOLES 9 DE AGOSTO en la sede del C\u00edrculo de Suboficiales de la Prefectura Naval Argentina, Carlos Calvo 1337, Capital Federal.<\/p>\n","protected":false},"author":1,"featured_media":1076,"comment_status":"closed","ping_status":"closed","sticky":false,"template":"","format":"standard","meta":[],"categories":[1],"tags":[55,12,6,8,67,15],"_links":{"self":[{"href":"https:\/\/fedemba.org.ar\/web\/wp-json\/wp\/v2\/posts\/1075"}],"collection":[{"href":"https:\/\/fedemba.org.ar\/web\/wp-json\/wp\/v2\/posts"}],"about":[{"href":"https:\/\/fedemba.org.ar\/web\/wp-json\/wp\/v2\/types\/post"}],"author":[{"embeddable":true,"href":"https:\/\/fedemba.org.ar\/web\/wp-json\/wp\/v2\/users\/1"}],"replies":[{"embeddable":true,"href":"https:\/\/fedemba.org.ar\/web\/wp-json\/wp\/v2\/comments?post=1075"}],"version-history":[{"count":2,"href":"https:\/\/fedemba.org.ar\/web\/wp-json\/wp\/v2\/posts\/1075\/revisions"}],"predecessor-version":[{"id":1078,"href":"https:\/\/fedemba.org.ar\/web\/wp-json\/wp\/v2\/posts\/1075\/revisions\/1078"}],"wp:featuredmedia":[{"embeddable":true,"href":"https:\/\/fedemba.org.ar\/web\/wp-json\/wp\/v2\/media\/1076"}],"wp:attachment":[{"href":"https:\/\/fedemba.org.ar\/web\/wp-json\/wp\/v2\/media?parent=1075"}],"wp:term":[{"taxonomy":"category","embeddable":true,"href":"https:\/\/fedemba.org.ar\/web\/wp-json\/wp\/v2\/categories?post=1075"},{"taxonomy":"post_tag","embeddable":true,"href":"https:\/\/fedemba.org.ar\/web\/wp-json\/wp\/v2\/tags?post=1075"}],"curies":[{"name":"wp","href":"https:\/\/api.w.org\/{rel}","templated":true}]}}