{"id":1084,"date":"2017-07-24T15:04:42","date_gmt":"2017-07-24T18:04:42","guid":{"rendered":"http:\/\/fedemba.org.ar\/web\/?p=1084"},"modified":"2017-07-25T11:48:26","modified_gmt":"2017-07-25T14:48:26","slug":"fedemba-asistio-a-la-gala-por-el-60o-aniversario-de-la-creacion-del-rotary-club-de-villa-del-parque","status":"publish","type":"post","link":"https:\/\/fedemba.org.ar\/web\/fedemba-asistio-a-la-gala-por-el-60o-aniversario-de-la-creacion-del-rotary-club-de-villa-del-parque\/","title":{"rendered":"FEDEMBA ASISTI\u00d3 A LA GALA POR EL 60\u00ba ANIVERSARIO DE LA CREACI\u00d3N DEL ROTARY CLUB DE VILLA DEL PARQUE"},"content":{"rendered":"<p>La Federaci\u00f3n de Entidades Mutuales de Buenos Aires<strong> (FEDEMBA) particip\u00f3 de la celebraci\u00f3n por el 60\u00ba Aniversario de la creaci\u00f3n del hist\u00f3rico Rotary Club de Villa del Parque<\/strong>, el pasado 14 de julio en Simbr\u00f3n 3058 Capital Federal, en donde adem\u00e1s <strong>se renovaron las autoridades del Club de esa zona, continuando en la presidencia el Integrante de la Junta Fiscalizadora de FEDEMBA y Presidente de la Asociaci\u00f3n Mutual Sociedad Central de Arquitectos, Arq. H\u00e9ctor Zubiaguirre.<\/strong><\/p>\n<p>En representaci\u00f3n de <strong>FEDEMBA<\/strong> asistieron el Presidente, Dr. Dar\u00edo Mart\u00ednez Corti, el Tesorero, Lic. Guillermo Palacios, la Secretaria de Promoci\u00f3n y Relaciones Institucionales, Dra. Rosa B. Rodr\u00edguez, y\u00a0la Integrante del Consejo Consultivo, Sra. Sandra Rodr\u00edguez.<\/p>\n<p><a href=\"http:\/\/fedemba.org.ar\/web\/wp-content\/uploads\/2017\/07\/IMG-20170717-WA0019.jpg\"><img decoding=\"async\" loading=\"lazy\" class=\"alignleft size-large wp-image-1086\" src=\"http:\/\/fedemba.org.ar\/web\/wp-content\/uploads\/2017\/07\/IMG-20170717-WA0019-1024x768.jpg\" alt=\"IMG-20170717-WA0019\" width=\"1024\" height=\"768\" srcset=\"https:\/\/fedemba.org.ar\/web\/wp-content\/uploads\/2017\/07\/IMG-20170717-WA0019-1024x768.jpg 1024w, https:\/\/fedemba.org.ar\/web\/wp-content\/uploads\/2017\/07\/IMG-20170717-WA0019-300x225.jpg 300w, https:\/\/fedemba.org.ar\/web\/wp-content\/uploads\/2017\/07\/IMG-20170717-WA0019.jpg 1280w\" sizes=\"(max-width: 1024px) 100vw, 1024px\" \/><\/a><\/p>\n<p>La gala cont\u00f3 con la asistencia de ex gobernadores del Distrito 4895 de Rotary International, directivos mutualistas, Presidentes y socios de otros clubes Rotary de Argentina.<\/p>\n<p>Asimismo, s<strong>e descubri\u00f3 una placa homenaje en la entrada de la sede<\/strong>, donada por la legislatura de la Ciudad Aut\u00f3noma de Buenos Aires, gracias a la gesti\u00f3n promovida por la Diputada por CABA, Lic. Claudia Calciano. En este sentido,<strong> los directivos de la Federaci\u00f3n le obsequiaron al Presidente del Rotary Club Villa del Parque una plaqueta conmemorativa<\/strong> por el Aniversario y le desearon los mejores \u00e9xitos en su gesti\u00f3n.<\/p>\n<p><strong>El Rotary<\/strong>\u00a0<strong>Club<\/strong>\u00a0cuenta con una larga historia de trabajo e inclusi\u00f3n en la gran mayor\u00eda de los barrios de Argentina y del mundo. Su principal objetivo es solucionar los problemas comunitarios para brindarle un cambio favorable a la sociedad.<\/p>\n<p><a href=\"http:\/\/fedemba.org.ar\/web\/wp-content\/uploads\/2017\/07\/20170714_232037_0040__3888x2592.jpg\"><img decoding=\"async\" loading=\"lazy\" class=\"alignleft size-large wp-image-1087\" src=\"http:\/\/fedemba.org.ar\/web\/wp-content\/uploads\/2017\/07\/20170714_232037_0040__3888x2592-1024x683.jpg\" alt=\"20170714_232037_0040__(3888x2592)\" width=\"1024\" height=\"683\" srcset=\"https:\/\/fedemba.org.ar\/web\/wp-content\/uploads\/2017\/07\/20170714_232037_0040__3888x2592-1024x683.jpg 1024w, https:\/\/fedemba.org.ar\/web\/wp-content\/uploads\/2017\/07\/20170714_232037_0040__3888x2592-300x200.jpg 300w, https:\/\/fedemba.org.ar\/web\/wp-content\/uploads\/2017\/07\/20170714_232037_0040__3888x2592.jpg 1118w\" sizes=\"(max-width: 1024px) 100vw, 1024px\" \/><\/a><\/p>\n<p><span style=\"color: #993366;\"><strong>SI QUER\u00c9S CONOCER M\u00c1S DE LA LABOR DEL ROTARY DE VILLA DEL PARQUE, ENTR\u00c1 AC\u00c1:<\/strong><\/span><\/p>\n<p><strong><a href=\"http:\/\/rotary4895.org\/villadelparque\/bs.home\">http:\/\/rotary4895.org\/villadelparque\/bs.home<\/a><\/strong><\/p>\n<p>&nbsp;<\/p>\n<p><span style=\"color: #993366;\"><strong>O FIJATE EL TRABAJO A NIVEL MUNDIAL:<\/strong><\/span><\/p>\n<p><strong><a href=\"https:\/\/www.rotary.org\/es\">https:\/\/www.rotary.org\/es<\/a><a href=\"http:\/\/fedemba.org.ar\/web\/wp-content\/uploads\/2017\/07\/IMG-20170717-WA0012.jpg\"><img decoding=\"async\" loading=\"lazy\" class=\"alignleft size-large wp-image-1089\" src=\"http:\/\/fedemba.org.ar\/web\/wp-content\/uploads\/2017\/07\/IMG-20170717-WA0012-1024x576.jpg\" alt=\"IMG-20170717-WA0012\" width=\"1024\" height=\"576\" srcset=\"https:\/\/fedemba.org.ar\/web\/wp-content\/uploads\/2017\/07\/IMG-20170717-WA0012-1024x576.jpg 1024w, https:\/\/fedemba.org.ar\/web\/wp-content\/uploads\/2017\/07\/IMG-20170717-WA0012-300x169.jpg 300w, https:\/\/fedemba.org.ar\/web\/wp-content\/uploads\/2017\/07\/IMG-20170717-WA0012.jpg 1280w\" sizes=\"(max-width: 1024px) 100vw, 1024px\" \/><\/a><\/strong><\/p>\n<p><a href=\"http:\/\/fedemba.org.ar\/web\/wp-content\/uploads\/2017\/07\/20170715_000205_0083__3888x2592.jpg\"><img decoding=\"async\" loading=\"lazy\" class=\"alignleft size-large wp-image-1088\" src=\"http:\/\/fedemba.org.ar\/web\/wp-content\/uploads\/2017\/07\/20170715_000205_0083__3888x2592-1024x683.jpg\" alt=\"20170715_000205_0083__(3888x2592)\" width=\"1024\" height=\"683\" srcset=\"https:\/\/fedemba.org.ar\/web\/wp-content\/uploads\/2017\/07\/20170715_000205_0083__3888x2592-1024x683.jpg 1024w, https:\/\/fedemba.org.ar\/web\/wp-content\/uploads\/2017\/07\/20170715_000205_0083__3888x2592-300x200.jpg 300w, https:\/\/fedemba.org.ar\/web\/wp-content\/uploads\/2017\/07\/20170715_000205_0083__3888x2592.jpg 1118w\" sizes=\"(max-width: 1024px) 100vw, 1024px\" \/><\/a><\/p>\n","protected":false},"excerpt":{"rendered":"<p>La Federaci\u00f3n de Entidades Mutuales de Buenos Aires (FEDEMBA) particip\u00f3 de la celebraci\u00f3n por el 60\u00ba Aniversario de la creaci\u00f3n del hist\u00f3rico Rotary Club de Villa del Parque, el pasado 14 de julio en Simbr\u00f3n 3058 Capital Federal, en donde adem\u00e1s se renovaron las autoridades del Club de esa zona, continuando en la presidencia el Integrante de la Junta Fiscalizadora de FEDEMBA y Presidente de la Asociaci\u00f3n Mutual Sociedad Central de Arquitectos, Arq. H\u00e9ctor Zubiaguirre.<\/p>\n","protected":false},"author":1,"featured_media":1085,"comment_status":"closed","ping_status":"closed","sticky":false,"template":"","format":"standard","meta":[],"categories":[1],"tags":[7,12,6,20,81,10,14,97,98,70],"_links":{"self":[{"href":"https:\/\/fedemba.org.ar\/web\/wp-json\/wp\/v2\/posts\/1084"}],"collection":[{"href":"https:\/\/fedemba.org.ar\/web\/wp-json\/wp\/v2\/posts"}],"about":[{"href":"https:\/\/fedemba.org.ar\/web\/wp-json\/wp\/v2\/types\/post"}],"author":[{"embeddable":true,"href":"https:\/\/fedemba.org.ar\/web\/wp-json\/wp\/v2\/users\/1"}],"replies":[{"embeddable":true,"href":"https:\/\/fedemba.org.ar\/web\/wp-json\/wp\/v2\/comments?post=1084"}],"version-history":[{"count":3,"href":"https:\/\/fedemba.org.ar\/web\/wp-json\/wp\/v2\/posts\/1084\/revisions"}],"predecessor-version":[{"id":1092,"href":"https:\/\/fedemba.org.ar\/web\/wp-json\/wp\/v2\/posts\/1084\/revisions\/1092"}],"wp:featuredmedia":[{"embeddable":true,"href":"https:\/\/fedemba.org.ar\/web\/wp-json\/wp\/v2\/media\/1085"}],"wp:attachment":[{"href":"https:\/\/fedemba.org.ar\/web\/wp-json\/wp\/v2\/media?parent=1084"}],"wp:term":[{"taxonomy":"category","embeddable":true,"href":"https:\/\/fedemba.org.ar\/web\/wp-json\/wp\/v2\/categories?post=1084"},{"taxonomy":"post_tag","embeddable":true,"href":"https:\/\/fedemba.org.ar\/web\/wp-json\/wp\/v2\/tags?post=1084"}],"curies":[{"name":"wp","href":"https:\/\/api.w.org\/{rel}","templated":true}]}}