{"id":1093,"date":"2017-07-27T14:32:35","date_gmt":"2017-07-27T17:32:35","guid":{"rendered":"http:\/\/fedemba.org.ar\/web\/?p=1093"},"modified":"2017-07-27T14:36:51","modified_gmt":"2017-07-27T17:36:51","slug":"fedemba-a-traves-de-ameport-entrego-varias-donaciones-a-la-comunidad-aborigen-qoompi-de-formosa","status":"publish","type":"post","link":"https:\/\/fedemba.org.ar\/web\/fedemba-a-traves-de-ameport-entrego-varias-donaciones-a-la-comunidad-aborigen-qoompi-de-formosa\/","title":{"rendered":"FEDEMBA, A TRAV\u00c9S DE AMEPORT, ENTREG\u00d3 VARIAS DONACIONES A LA COMUNIDAD ABOR\u00cdGEN QOOMPI DE FORMOSA"},"content":{"rendered":"<p>La Federaci\u00f3n de Entidades Mutuales de Buenos Aires<strong> (FEDEMBA) colabor\u00f3, a trav\u00e9s de la Mutual AMEPORT, una de sus entidades adheridas, con la\u00a0donaci\u00f3n de varios kits higi\u00e9nicos y juguetes a la Comunidad Aborigen Qoompi de Pozo del Tigre, en Formosa<\/strong>, los cuales llegaron el pasado 25 de julio a dicha comunidad.<\/p>\n<p><strong>La donaci\u00f3n se posibilit\u00f3 gracias al esfuerzo de la mutual AMEPORT como del grupo \u201cL\u00edderes de Campamento\u201d de Mart\u00ednez, en Buenos Aires,<\/strong> quienes participan cada a\u00f1o de este viaje hacia el pueblo formose\u00f1o para acercarles alimentos, ropa, libros, materiales deportivos y otros art\u00edculos de primera necesidad. Asimismo, ese mismo d\u00eda de entrega, se realizaron varios juegos recreativos para los m\u00e1s de 100 chicos de un colegio primario que integran la comunidad.<\/p>\n<p><a href=\"http:\/\/fedemba.org.ar\/web\/wp-content\/uploads\/2017\/07\/WhatsApp-Image-2017-07-25-at-15.31.58.jpeg\"><img decoding=\"async\" loading=\"lazy\" class=\"alignleft size-large wp-image-1095\" src=\"http:\/\/fedemba.org.ar\/web\/wp-content\/uploads\/2017\/07\/WhatsApp-Image-2017-07-25-at-15.31.58-1024x576.jpeg\" alt=\"WhatsApp Image 2017-07-25 at 15.31.58\" width=\"1024\" height=\"576\" srcset=\"https:\/\/fedemba.org.ar\/web\/wp-content\/uploads\/2017\/07\/WhatsApp-Image-2017-07-25-at-15.31.58-1024x576.jpeg 1024w, https:\/\/fedemba.org.ar\/web\/wp-content\/uploads\/2017\/07\/WhatsApp-Image-2017-07-25-at-15.31.58-300x169.jpeg 300w, https:\/\/fedemba.org.ar\/web\/wp-content\/uploads\/2017\/07\/WhatsApp-Image-2017-07-25-at-15.31.58.jpeg 1032w\" sizes=\"(max-width: 1024px) 100vw, 1024px\" \/><\/a><a href=\"http:\/\/fedemba.org.ar\/web\/wp-content\/uploads\/2017\/07\/WhatsApp-Image-2017-07-25-at-15.31.57.jpeg\"><img decoding=\"async\" loading=\"lazy\" class=\"alignleft size-large wp-image-1096\" src=\"http:\/\/fedemba.org.ar\/web\/wp-content\/uploads\/2017\/07\/WhatsApp-Image-2017-07-25-at-15.31.57-1024x576.jpeg\" alt=\"WhatsApp Image 2017-07-25 at 15.31.57\" width=\"1024\" height=\"576\" srcset=\"https:\/\/fedemba.org.ar\/web\/wp-content\/uploads\/2017\/07\/WhatsApp-Image-2017-07-25-at-15.31.57-1024x576.jpeg 1024w, https:\/\/fedemba.org.ar\/web\/wp-content\/uploads\/2017\/07\/WhatsApp-Image-2017-07-25-at-15.31.57-300x169.jpeg 300w, https:\/\/fedemba.org.ar\/web\/wp-content\/uploads\/2017\/07\/WhatsApp-Image-2017-07-25-at-15.31.57.jpeg 1032w\" sizes=\"(max-width: 1024px) 100vw, 1024px\" \/><\/a><\/p>\n<p>Adem\u00e1s, de <strong>FEDEMBA<\/strong>, tambi\u00e9n colaboraron la Confederaci\u00f3n Nacional de Mutualidades de la Rep\u00fablica Argentina <strong>(CONAM)<\/strong>, y el Instituto Nacional de Asociativismo y Econom\u00eda Social <strong>(INAES)<\/strong>.<\/p>\n<p><strong>Las donaciones para esta comunidad se juntan cada a\u00f1o en el Festival Art\u00edstico Solidario que realiza AMEPORT con la participaci\u00f3n del Grupo \u201cL\u00edderes de Campamento\u201d de la Localidad Mart\u00ednez.<\/strong><\/p>\n<p><a href=\"http:\/\/fedemba.org.ar\/web\/wp-content\/uploads\/2017\/07\/WhatsApp-Image-2017-07-25-at-15.31.56-1.jpeg\"><img decoding=\"async\" loading=\"lazy\" class=\"alignleft size-large wp-image-1098\" src=\"http:\/\/fedemba.org.ar\/web\/wp-content\/uploads\/2017\/07\/WhatsApp-Image-2017-07-25-at-15.31.56-1-1024x576.jpeg\" alt=\"WhatsApp Image 2017-07-25 at 15.31.56 (1)\" width=\"1024\" height=\"576\" srcset=\"https:\/\/fedemba.org.ar\/web\/wp-content\/uploads\/2017\/07\/WhatsApp-Image-2017-07-25-at-15.31.56-1-1024x576.jpeg 1024w, https:\/\/fedemba.org.ar\/web\/wp-content\/uploads\/2017\/07\/WhatsApp-Image-2017-07-25-at-15.31.56-1-300x169.jpeg 300w, https:\/\/fedemba.org.ar\/web\/wp-content\/uploads\/2017\/07\/WhatsApp-Image-2017-07-25-at-15.31.56-1.jpeg 1032w\" sizes=\"(max-width: 1024px) 100vw, 1024px\" \/><\/a><\/p>\n<p>&nbsp;<\/p>\n","protected":false},"excerpt":{"rendered":"<p>La Federaci\u00f3n de Entidades Mutuales de Buenos Aires (FEDEMBA) colabor\u00f3, a trav\u00e9s de la Mutual AMEPORT, una de sus entidades adheridas, con la entrega de varios kits higi\u00e9nicos y juguetes como donaciones a la Comunidad Aborigen Qoompi de Pozo del Tigre, en Formosa, los cuales les llegaron el pasado a dicha comunidad.<\/p>\n","protected":false},"author":1,"featured_media":1094,"comment_status":"closed","ping_status":"closed","sticky":false,"template":"","format":"standard","meta":[],"categories":[1],"tags":[30,12,6,99,10],"_links":{"self":[{"href":"https:\/\/fedemba.org.ar\/web\/wp-json\/wp\/v2\/posts\/1093"}],"collection":[{"href":"https:\/\/fedemba.org.ar\/web\/wp-json\/wp\/v2\/posts"}],"about":[{"href":"https:\/\/fedemba.org.ar\/web\/wp-json\/wp\/v2\/types\/post"}],"author":[{"embeddable":true,"href":"https:\/\/fedemba.org.ar\/web\/wp-json\/wp\/v2\/users\/1"}],"replies":[{"embeddable":true,"href":"https:\/\/fedemba.org.ar\/web\/wp-json\/wp\/v2\/comments?post=1093"}],"version-history":[{"count":3,"href":"https:\/\/fedemba.org.ar\/web\/wp-json\/wp\/v2\/posts\/1093\/revisions"}],"predecessor-version":[{"id":1101,"href":"https:\/\/fedemba.org.ar\/web\/wp-json\/wp\/v2\/posts\/1093\/revisions\/1101"}],"wp:featuredmedia":[{"embeddable":true,"href":"https:\/\/fedemba.org.ar\/web\/wp-json\/wp\/v2\/media\/1094"}],"wp:attachment":[{"href":"https:\/\/fedemba.org.ar\/web\/wp-json\/wp\/v2\/media?parent=1093"}],"wp:term":[{"taxonomy":"category","embeddable":true,"href":"https:\/\/fedemba.org.ar\/web\/wp-json\/wp\/v2\/categories?post=1093"},{"taxonomy":"post_tag","embeddable":true,"href":"https:\/\/fedemba.org.ar\/web\/wp-json\/wp\/v2\/tags?post=1093"}],"curies":[{"name":"wp","href":"https:\/\/api.w.org\/{rel}","templated":true}]}}