{"id":1103,"date":"2017-08-10T16:31:59","date_gmt":"2017-08-10T19:31:59","guid":{"rendered":"http:\/\/fedemba.org.ar\/web\/?p=1103"},"modified":"2017-08-10T16:31:59","modified_gmt":"2017-08-10T19:31:59","slug":"el-secretario-de-actas-de-fedemba-asistio-a-una-reunion-de-la-mesa-de-la-juventud-del-inaes","status":"publish","type":"post","link":"https:\/\/fedemba.org.ar\/web\/el-secretario-de-actas-de-fedemba-asistio-a-una-reunion-de-la-mesa-de-la-juventud-del-inaes\/","title":{"rendered":"EL SECRETARIO DE ACTAS DE FEDEMBA ASISTI\u00d3 A UNA REUNI\u00d3N DE LA MESA DE LA JUVENTUD DEL INAES"},"content":{"rendered":"<p><strong>El Secretario de Actas de Fedemba, Sr. Mart\u00edn Grazioli,<\/strong> en su car\u00e1cter de representante de la Comisi\u00f3n de la Juventud de la Confederaci\u00f3n Nacional de Mutualidades de la Rep\u00fablica Argentina (CONAM), <strong>asisti\u00f3<\/strong>\u00a0<strong>a una nueva reuni\u00f3n de la Mesa de la Juventud del Instituto Nacional de Asociativismo y Econom\u00eda Social (INAES),<\/strong>\u00a0desarrollada el pasado 7 de agosto en la sede de la Confederaci\u00f3n Argentina de Mutualidades (CAM), con vistas a coordinar futuros proyectos de participaci\u00f3n en conjunto con universidades y otros sectores educativos de la sociedad.\u00a0<a href=\"http:\/\/fedemba.org.ar\/web\/wp-content\/uploads\/2017\/08\/20638054_10214047093517711_3331018279041548722_n2.jpg\"><img decoding=\"async\" loading=\"lazy\" class=\"alignleft size-large wp-image-1104\" src=\"http:\/\/fedemba.org.ar\/web\/wp-content\/uploads\/2017\/08\/20638054_10214047093517711_3331018279041548722_n2-1024x576.jpg\" alt=\"20638054_10214047093517711_3331018279041548722_n2\" width=\"1024\" height=\"576\" srcset=\"https:\/\/fedemba.org.ar\/web\/wp-content\/uploads\/2017\/08\/20638054_10214047093517711_3331018279041548722_n2-1024x576.jpg 1024w, https:\/\/fedemba.org.ar\/web\/wp-content\/uploads\/2017\/08\/20638054_10214047093517711_3331018279041548722_n2-300x169.jpg 300w, https:\/\/fedemba.org.ar\/web\/wp-content\/uploads\/2017\/08\/20638054_10214047093517711_3331018279041548722_n2.jpg 1040w\" sizes=\"(max-width: 1024px) 100vw, 1024px\" \/><\/a><\/p>\n","protected":false},"excerpt":{"rendered":"<p>El Secretario de Actas de Fedemba, Sr. Mart\u00edn Grazioli, en su car\u00e1cter de representante de la Comisi\u00f3n de la Juventud de la Confederaci\u00f3n Nacional de Mutualidades de la Rep\u00fablica Argentina (CONAM), asisti\u00f3 a una nueva reuni\u00f3n de la Mesa de la Juventud del Instituto Nacional de Asociativismo y Econom\u00eda Social (INAES), desarrollada el pasado 7 de agosto en la sede de la Confederaci\u00f3n Argentina de Mutualidades (CAM), con vistas a coordinar futuros proyectos de participaci\u00f3n en conjunto con universidades y otros sectores educativos de la sociedad. <\/p>\n","protected":false},"author":1,"featured_media":1104,"comment_status":"closed","ping_status":"closed","sticky":false,"template":"","format":"standard","meta":[],"categories":[1],"tags":[102,104,100,9,103,101,12,6,8,80,10],"_links":{"self":[{"href":"https:\/\/fedemba.org.ar\/web\/wp-json\/wp\/v2\/posts\/1103"}],"collection":[{"href":"https:\/\/fedemba.org.ar\/web\/wp-json\/wp\/v2\/posts"}],"about":[{"href":"https:\/\/fedemba.org.ar\/web\/wp-json\/wp\/v2\/types\/post"}],"author":[{"embeddable":true,"href":"https:\/\/fedemba.org.ar\/web\/wp-json\/wp\/v2\/users\/1"}],"replies":[{"embeddable":true,"href":"https:\/\/fedemba.org.ar\/web\/wp-json\/wp\/v2\/comments?post=1103"}],"version-history":[{"count":3,"href":"https:\/\/fedemba.org.ar\/web\/wp-json\/wp\/v2\/posts\/1103\/revisions"}],"predecessor-version":[{"id":1112,"href":"https:\/\/fedemba.org.ar\/web\/wp-json\/wp\/v2\/posts\/1103\/revisions\/1112"}],"wp:featuredmedia":[{"embeddable":true,"href":"https:\/\/fedemba.org.ar\/web\/wp-json\/wp\/v2\/media\/1104"}],"wp:attachment":[{"href":"https:\/\/fedemba.org.ar\/web\/wp-json\/wp\/v2\/media?parent=1103"}],"wp:term":[{"taxonomy":"category","embeddable":true,"href":"https:\/\/fedemba.org.ar\/web\/wp-json\/wp\/v2\/categories?post=1103"},{"taxonomy":"post_tag","embeddable":true,"href":"https:\/\/fedemba.org.ar\/web\/wp-json\/wp\/v2\/tags?post=1103"}],"curies":[{"name":"wp","href":"https:\/\/api.w.org\/{rel}","templated":true}]}}