{"id":1142,"date":"2017-08-30T13:06:18","date_gmt":"2017-08-30T16:06:18","guid":{"rendered":"http:\/\/fedemba.org.ar\/web\/?p=1142"},"modified":"2017-08-30T13:06:18","modified_gmt":"2017-08-30T16:06:18","slug":"ameport-realizo-multiples-festejos-por-el-dia-del-nino","status":"publish","type":"post","link":"https:\/\/fedemba.org.ar\/web\/ameport-realizo-multiples-festejos-por-el-dia-del-nino\/","title":{"rendered":"AMEPORT REALIZ\u00d3 M\u00daLTIPLES FESTEJOS POR EL D\u00cdA DEL NI\u00d1O"},"content":{"rendered":"<p><span style=\"line-height: 115%; font-family: 'Arial','sans-serif'; font-size: 12pt;\"><span style=\"color: #000000;\"><strong>La mutual AMEPORT, entidad adherida a FEDEMBA<\/strong>,<strong> realiz\u00f3 m\u00faltiples festejos por el D\u00eda del Ni\u00f1o en distintos puntos del pa\u00eds<\/strong>, el pasado 27 de agosto. Desde shows musicales, obras de teatro, actividades recreativas y obsequios, los m\u00e1s peque\u00f1os pudieron disfrutar de su d\u00eda de una manera especial y solidaria. <\/span><\/span><\/p>\n<p><span style=\"line-height: 115%; font-family: 'Arial','sans-serif'; font-size: 12pt;\"><span style=\"color: #000000;\"><strong>En el Teatro del Colegio Beata Inmelda<\/strong>, AMEPORT organiz\u00f3 en conjunto con el grupo <strong>\u201cBeata Express\u201d<\/strong> un show musical infantil. Asimismo, recolectaron varios juguetes y alimentos no perecederos como precio por la entrada, que luego ser\u00e1n donados a instituciones con los que la mutual colabora.<\/span><\/span><\/p>\n<p><a href=\"http:\/\/fedemba.org.ar\/web\/wp-content\/uploads\/2017\/08\/layout2-img-08.jpg\"><img decoding=\"async\" loading=\"lazy\" class=\"alignleft size-full wp-image-1143\" src=\"http:\/\/fedemba.org.ar\/web\/wp-content\/uploads\/2017\/08\/layout2-img-08.jpg\" alt=\"layout2-img-08\" width=\"600\" height=\"375\" srcset=\"https:\/\/fedemba.org.ar\/web\/wp-content\/uploads\/2017\/08\/layout2-img-08.jpg 600w, https:\/\/fedemba.org.ar\/web\/wp-content\/uploads\/2017\/08\/layout2-img-08-300x188.jpg 300w\" sizes=\"(max-width: 600px) 100vw, 600px\" \/><\/a><\/p>\n<p>&nbsp;<\/p>\n<p>&nbsp;<\/p>\n<p>&nbsp;<\/p>\n<p>&nbsp;<\/p>\n<p>&nbsp;<\/p>\n<p>&nbsp;<\/p>\n<p>&nbsp;<\/p>\n<p>&nbsp;<\/p>\n<p>&nbsp;<\/p>\n<p>&nbsp;<\/p>\n<p>&nbsp;<\/p>\n<p>&nbsp;<\/p>\n<p><span style=\"line-height: 115%; font-family: 'Arial','sans-serif'; font-size: 12pt;\"><span style=\"color: #000000;\"><strong>En el Club Las Torres de Dock Sud, Avellaneda<\/strong>, 250 chicos y chicas pudieron pasar el d\u00eda con diversas actividades recreativas, regalos y much\u00edsimas sorpresas m\u00e1s.<\/span><\/span><\/p>\n<p><a href=\"http:\/\/fedemba.org.ar\/web\/wp-content\/uploads\/2017\/08\/layout2-img-10.jpg\"><img decoding=\"async\" loading=\"lazy\" class=\"alignleft size-full wp-image-1144\" src=\"http:\/\/fedemba.org.ar\/web\/wp-content\/uploads\/2017\/08\/layout2-img-10.jpg\" alt=\"layout2-img-10\" width=\"600\" height=\"371\" srcset=\"https:\/\/fedemba.org.ar\/web\/wp-content\/uploads\/2017\/08\/layout2-img-10.jpg 600w, https:\/\/fedemba.org.ar\/web\/wp-content\/uploads\/2017\/08\/layout2-img-10-300x186.jpg 300w\" sizes=\"(max-width: 600px) 100vw, 600px\" \/><\/a><\/p>\n<p>&nbsp;<\/p>\n<p>&nbsp;<\/p>\n<p>&nbsp;<\/p>\n<p>&nbsp;<\/p>\n<p>&nbsp;<\/p>\n<p>&nbsp;<\/p>\n<p>&nbsp;<\/p>\n<p>&nbsp;<\/p>\n<p>&nbsp;<\/p>\n<p>&nbsp;<\/p>\n<p>&nbsp;<\/p>\n<p>&nbsp;<\/p>\n<p><span style=\"line-height: 115%; font-family: 'Arial','sans-serif'; font-size: 12pt;\"><span style=\"color: #000000;\">Otro de los festejos fue en el <strong>Comedor Inmaculada Concepci\u00f3n, en Villa Corina, Avellaneda<\/strong>. All\u00ed alrededor de 120 ni\u00f1os y ni\u00f1as se juntaron para recibir su regalo y compartir el d\u00eda.<\/span><\/span><\/p>\n<p><span style=\"line-height: 115%; font-family: 'Arial','sans-serif'; font-size: 12pt;\"><span style=\"color: #000000;\">A la vez, en la <strong>localidad de Tellier<\/strong>, en Santa Cruz, la referente de AMEPORT Norma Zeballos ide\u00f3 un festejo para 30 chicos de la regi\u00f3n. De igual manera, <strong>en Tucum\u00e1n<\/strong> los referentes Esteban Jubany y Cristian Nu\u00f1ez organizaron diferentes eventos en donde los m\u00e1s peque\u00f1os pudieron pasar un hermoso D\u00eda del Ni\u00f1o.<\/span><\/span><\/p>\n<p><a href=\"http:\/\/fedemba.org.ar\/web\/wp-content\/uploads\/2017\/08\/layout2-img-09.jpg\"><img decoding=\"async\" loading=\"lazy\" class=\"alignleft size-full wp-image-1145\" src=\"http:\/\/fedemba.org.ar\/web\/wp-content\/uploads\/2017\/08\/layout2-img-09.jpg\" alt=\"layout2-img-09\" width=\"600\" height=\"367\" srcset=\"https:\/\/fedemba.org.ar\/web\/wp-content\/uploads\/2017\/08\/layout2-img-09.jpg 600w, https:\/\/fedemba.org.ar\/web\/wp-content\/uploads\/2017\/08\/layout2-img-09-300x184.jpg 300w\" sizes=\"(max-width: 600px) 100vw, 600px\" \/><\/a><a href=\"http:\/\/fedemba.org.ar\/web\/wp-content\/uploads\/2017\/08\/layout2-img-11.jpg\"><img decoding=\"async\" loading=\"lazy\" class=\"alignleft size-full wp-image-1147\" src=\"http:\/\/fedemba.org.ar\/web\/wp-content\/uploads\/2017\/08\/layout2-img-11.jpg\" alt=\"layout2-img-11\" width=\"600\" height=\"367\" srcset=\"https:\/\/fedemba.org.ar\/web\/wp-content\/uploads\/2017\/08\/layout2-img-11.jpg 600w, https:\/\/fedemba.org.ar\/web\/wp-content\/uploads\/2017\/08\/layout2-img-11-300x184.jpg 300w\" sizes=\"(max-width: 600px) 100vw, 600px\" \/><\/a><\/p>\n<p>&nbsp;<\/p>\n<p>&nbsp;<\/p>\n","protected":false},"excerpt":{"rendered":"<p>La mutual AMEPORT, entidad adherida a FEDEMBA, realiz\u00f3 m\u00faltiples festejos por el D\u00eda del Ni\u00f1o en distintos puntos del pa\u00eds, el pasado 27 de agosto, los cuales fueron destinados a los hijos e hijas de todos sus asociados. Desde shows musicales, obras de teatro, actividades recreativas y obsequios, los m\u00e1s peque\u00f1os pudieron disfrutar de su d\u00eda de una manera especial y solidaria. <\/p>\n","protected":false},"author":1,"featured_media":1148,"comment_status":"closed","ping_status":"closed","sticky":false,"template":"","format":"standard","meta":[],"categories":[1],"tags":[30,91,112,12,6,10],"_links":{"self":[{"href":"https:\/\/fedemba.org.ar\/web\/wp-json\/wp\/v2\/posts\/1142"}],"collection":[{"href":"https:\/\/fedemba.org.ar\/web\/wp-json\/wp\/v2\/posts"}],"about":[{"href":"https:\/\/fedemba.org.ar\/web\/wp-json\/wp\/v2\/types\/post"}],"author":[{"embeddable":true,"href":"https:\/\/fedemba.org.ar\/web\/wp-json\/wp\/v2\/users\/1"}],"replies":[{"embeddable":true,"href":"https:\/\/fedemba.org.ar\/web\/wp-json\/wp\/v2\/comments?post=1142"}],"version-history":[{"count":5,"href":"https:\/\/fedemba.org.ar\/web\/wp-json\/wp\/v2\/posts\/1142\/revisions"}],"predecessor-version":[{"id":1153,"href":"https:\/\/fedemba.org.ar\/web\/wp-json\/wp\/v2\/posts\/1142\/revisions\/1153"}],"wp:featuredmedia":[{"embeddable":true,"href":"https:\/\/fedemba.org.ar\/web\/wp-json\/wp\/v2\/media\/1148"}],"wp:attachment":[{"href":"https:\/\/fedemba.org.ar\/web\/wp-json\/wp\/v2\/media?parent=1142"}],"wp:term":[{"taxonomy":"category","embeddable":true,"href":"https:\/\/fedemba.org.ar\/web\/wp-json\/wp\/v2\/categories?post=1142"},{"taxonomy":"post_tag","embeddable":true,"href":"https:\/\/fedemba.org.ar\/web\/wp-json\/wp\/v2\/tags?post=1142"}],"curies":[{"name":"wp","href":"https:\/\/api.w.org\/{rel}","templated":true}]}}