{"id":1159,"date":"2017-09-07T15:42:07","date_gmt":"2017-09-07T18:42:07","guid":{"rendered":"http:\/\/fedemba.org.ar\/web\/?p=1159"},"modified":"2017-09-07T15:42:07","modified_gmt":"2017-09-07T18:42:07","slug":"mutual-universitaria-realizo-la-presentacion-del-nuevo-libro-del-dr-daniel-lopez-rosetti-emocion-y-sentimientos","status":"publish","type":"post","link":"https:\/\/fedemba.org.ar\/web\/mutual-universitaria-realizo-la-presentacion-del-nuevo-libro-del-dr-daniel-lopez-rosetti-emocion-y-sentimientos\/","title":{"rendered":"MUTUAL UNIVERSITARIA REALIZ\u00d3 LA PRESENTACI\u00d3N DEL NUEVO LIBRO DEL DR. DANIEL L\u00d3PEZ ROSETTI: \u201cEMOCI\u00d3N Y SENTIMIENTOS\u201d"},"content":{"rendered":"<p><strong>La Mutual Universitaria, entidad adherida a FEDEMBA<\/strong>, <strong>realiz\u00f3<\/strong> el pasado 5 de septiembre, en el 5\u00ba Piso de la Casa Universitaria, en San Mart\u00edn,<strong> la presentaci\u00f3n oficial del nuevo libro del Dr. Daniel L\u00f3pez Rosetti: \u201cEmoci\u00f3n y Sentimientos. No somos seres racionales, somos seres emocionales que razonan\u201d.<\/strong><\/p>\n<p><strong>La presentaci\u00f3n cont\u00f3 con la presencia de m\u00e1s de 150 personas\u00a0<\/strong>y\u00a0el Dr. L\u00f3pez Rosetti atendi\u00f3 las inquietudes de las personas y propuso momentos de debate y reflexi\u00f3n, dando un clima ameno y entretenido a la jornada.<\/p>\n<p><a href=\"http:\/\/fedemba.org.ar\/web\/wp-content\/uploads\/2017\/09\/charla-rossetti.jpg\"><img decoding=\"async\" loading=\"lazy\" class=\"alignleft size-full wp-image-1161\" src=\"http:\/\/fedemba.org.ar\/web\/wp-content\/uploads\/2017\/09\/charla-rossetti.jpg\" alt=\"charla rossetti\" width=\"960\" height=\"540\" srcset=\"https:\/\/fedemba.org.ar\/web\/wp-content\/uploads\/2017\/09\/charla-rossetti.jpg 960w, https:\/\/fedemba.org.ar\/web\/wp-content\/uploads\/2017\/09\/charla-rossetti-300x169.jpg 300w\" sizes=\"(max-width: 960px) 100vw, 960px\" \/><\/a><\/p>\n<p><strong>El Dr. Lopez Rosetti<\/strong> desarroll\u00f3 una metodolog\u00eda original para el diagn\u00f3stico de vulnerabilidad en el S\u00edndrome del Estr\u00e9s, su\u00a0perfil psicobiol\u00f3gico, y el primer programa de manejo del estr\u00e9s (PROMES) en un hospital p\u00fablico.<\/p>\n<p><a href=\"http:\/\/fedemba.org.ar\/web\/wp-content\/uploads\/2017\/09\/charla-rossetti-5.jpg\"><img decoding=\"async\" loading=\"lazy\" class=\"alignleft size-full wp-image-1162\" src=\"http:\/\/fedemba.org.ar\/web\/wp-content\/uploads\/2017\/09\/charla-rossetti-5.jpg\" alt=\"charla rossetti 5\" width=\"960\" height=\"540\" srcset=\"https:\/\/fedemba.org.ar\/web\/wp-content\/uploads\/2017\/09\/charla-rossetti-5.jpg 960w, https:\/\/fedemba.org.ar\/web\/wp-content\/uploads\/2017\/09\/charla-rossetti-5-300x169.jpg 300w\" sizes=\"(max-width: 960px) 100vw, 960px\" \/><\/a><\/p>\n<p>Por la noche, <strong>las autoridades de la mutual compartieron un \u00e1gape, donde el doctor agradeci\u00f3 la invitaci\u00f3n y la c\u00e1lida atenci\u00f3n.<\/strong><\/p>\n<p><a href=\"http:\/\/fedemba.org.ar\/web\/wp-content\/uploads\/2017\/09\/21316482_10214239868940092_2450627263219055426_o.jpg\"><img decoding=\"async\" loading=\"lazy\" class=\"alignleft size-large wp-image-1169\" src=\"http:\/\/fedemba.org.ar\/web\/wp-content\/uploads\/2017\/09\/21316482_10214239868940092_2450627263219055426_o-1024x927.jpg\" alt=\"21316482_10214239868940092_2450627263219055426_o\" width=\"1024\" height=\"927\" srcset=\"https:\/\/fedemba.org.ar\/web\/wp-content\/uploads\/2017\/09\/21316482_10214239868940092_2450627263219055426_o-1024x927.jpg 1024w, https:\/\/fedemba.org.ar\/web\/wp-content\/uploads\/2017\/09\/21316482_10214239868940092_2450627263219055426_o-300x272.jpg 300w, https:\/\/fedemba.org.ar\/web\/wp-content\/uploads\/2017\/09\/21316482_10214239868940092_2450627263219055426_o.jpg 1272w\" sizes=\"(max-width: 1024px) 100vw, 1024px\" \/><\/a> <a href=\"http:\/\/fedemba.org.ar\/web\/wp-content\/uploads\/2017\/09\/21369317_10214239866260025_1503684690481006196_n.jpg\"><img decoding=\"async\" loading=\"lazy\" class=\"alignleft size-full wp-image-1165\" src=\"http:\/\/fedemba.org.ar\/web\/wp-content\/uploads\/2017\/09\/21369317_10214239866260025_1503684690481006196_n.jpg\" alt=\"21369317_10214239866260025_1503684690481006196_n\" width=\"960\" height=\"540\" srcset=\"https:\/\/fedemba.org.ar\/web\/wp-content\/uploads\/2017\/09\/21369317_10214239866260025_1503684690481006196_n.jpg 960w, https:\/\/fedemba.org.ar\/web\/wp-content\/uploads\/2017\/09\/21369317_10214239866260025_1503684690481006196_n-300x169.jpg 300w\" sizes=\"(max-width: 960px) 100vw, 960px\" \/><\/a><\/p>\n","protected":false},"excerpt":{"rendered":"<p>La Mutual Universitaria, entidad adherida a FEDEMBA, realiz\u00f3 el pasado 5 de septiembre, en el 5\u00ba Piso de la Casa Universitaria, en San Mart\u00edn, la presentaci\u00f3n oficial del nuevo libro del Dr. Daniel L\u00f3pez Rosetti: \u201cEmoci\u00f3n y Sentimientos. No somos seres racionales, somos seres emocionales que razonan\u201d.<\/p>\n","protected":false},"author":1,"featured_media":1165,"comment_status":"closed","ping_status":"closed","sticky":false,"template":"","format":"standard","meta":[],"categories":[1],"tags":[115,114,12,6,54,10],"_links":{"self":[{"href":"https:\/\/fedemba.org.ar\/web\/wp-json\/wp\/v2\/posts\/1159"}],"collection":[{"href":"https:\/\/fedemba.org.ar\/web\/wp-json\/wp\/v2\/posts"}],"about":[{"href":"https:\/\/fedemba.org.ar\/web\/wp-json\/wp\/v2\/types\/post"}],"author":[{"embeddable":true,"href":"https:\/\/fedemba.org.ar\/web\/wp-json\/wp\/v2\/users\/1"}],"replies":[{"embeddable":true,"href":"https:\/\/fedemba.org.ar\/web\/wp-json\/wp\/v2\/comments?post=1159"}],"version-history":[{"count":4,"href":"https:\/\/fedemba.org.ar\/web\/wp-json\/wp\/v2\/posts\/1159\/revisions"}],"predecessor-version":[{"id":1172,"href":"https:\/\/fedemba.org.ar\/web\/wp-json\/wp\/v2\/posts\/1159\/revisions\/1172"}],"wp:featuredmedia":[{"embeddable":true,"href":"https:\/\/fedemba.org.ar\/web\/wp-json\/wp\/v2\/media\/1165"}],"wp:attachment":[{"href":"https:\/\/fedemba.org.ar\/web\/wp-json\/wp\/v2\/media?parent=1159"}],"wp:term":[{"taxonomy":"category","embeddable":true,"href":"https:\/\/fedemba.org.ar\/web\/wp-json\/wp\/v2\/categories?post=1159"},{"taxonomy":"post_tag","embeddable":true,"href":"https:\/\/fedemba.org.ar\/web\/wp-json\/wp\/v2\/tags?post=1159"}],"curies":[{"name":"wp","href":"https:\/\/api.w.org\/{rel}","templated":true}]}}