{"id":1173,"date":"2017-09-13T12:48:00","date_gmt":"2017-09-13T15:48:00","guid":{"rendered":"http:\/\/fedemba.org.ar\/web\/?p=1173"},"modified":"2017-09-13T12:50:05","modified_gmt":"2017-09-13T15:50:05","slug":"se-acerca-la-asamblea-general-ordinaria-2017-de-fedemba","status":"publish","type":"post","link":"https:\/\/fedemba.org.ar\/web\/se-acerca-la-asamblea-general-ordinaria-2017-de-fedemba\/","title":{"rendered":"SE ACERCA LA ASAMBLEA GENERAL ORDINARIA 2017 DE FEDEMBA"},"content":{"rendered":"<p>La Federaci\u00f3n de Entidades Mutuales de Buenos Aires <strong>(FEDEMBA) celebrar\u00e1 su Asamblea General Ordinaria de este a\u00f1o, el pr\u00f3ximo jueves 28 de septiembre a las 18:30 horas en la sede del C\u00edrculo de Suboficiales de la Prefectura Naval Argentina, situado en Carlos Calvo 1337, Capital Federal<\/strong>. La misma fue oportunamente convocada y publicada de acuerdo a las normas legales vigentes y tratar\u00e1 el siguiente Orden del D\u00eda:<\/p>\n<p><strong>1\u00ba)<\/strong> Designaci\u00f3n de Dos Delegados para la firma del Acta de Asamblea.<\/p>\n<p><strong>2\u00b0)<\/strong> Consideraci\u00f3n de la Memoria, Balance General, Cuadros Anexos, Cuenta de Gastos y Recursos e Informe de la Junta Fiscalizadora y del Auditor Externo correspondientes al Ejercicio cerrado el 31-05-2017.<\/p>\n<p><strong>3\u00ba)<\/strong> Ratificaci\u00f3n del aumento de la cuota social.<\/p>\n<p><strong>4\u00ba)<\/strong> Informe de los convenios suscriptos con el INAES.<\/p>\n<p>Finalmente, <strong>compartiremos todos juntos una cena de camarader\u00eda<\/strong>, <strong>totalmente gratuita para nuestras mutuales federadas.<\/strong><\/p>\n<p>Resulta sumamente importante y valioso contar con ustedes para fortalecer la integraci\u00f3n de las mutuales de la Federaci\u00f3n.<\/p>\n<p>&nbsp;<\/p>\n<h3><span style=\"color: #800080;\"><strong>\u00a1ATENCI\u00d3N!<\/strong><\/span><\/h3>\n<p><strong>Confirmar asistencia antes del mi\u00e9rcoles 20 de septiembre<\/strong> a fedemba@yahoo.com.ar o al 4361-7491.<\/p>\n<p><a href=\"http:\/\/fedemba.org.ar\/web\/wp-content\/uploads\/2017\/09\/LOGO-FEDEMBA-32-ANIVERSARIO.png\"><img decoding=\"async\" loading=\"lazy\" class=\"alignleft size-large wp-image-1174\" src=\"http:\/\/fedemba.org.ar\/web\/wp-content\/uploads\/2017\/09\/LOGO-FEDEMBA-32-ANIVERSARIO-1024x763.png\" alt=\"LOGO FEDEMBA 32 ANIVERSARIO\" width=\"1024\" height=\"763\" srcset=\"https:\/\/fedemba.org.ar\/web\/wp-content\/uploads\/2017\/09\/LOGO-FEDEMBA-32-ANIVERSARIO-1024x763.png 1024w, https:\/\/fedemba.org.ar\/web\/wp-content\/uploads\/2017\/09\/LOGO-FEDEMBA-32-ANIVERSARIO-300x224.png 300w, https:\/\/fedemba.org.ar\/web\/wp-content\/uploads\/2017\/09\/LOGO-FEDEMBA-32-ANIVERSARIO.png 1060w\" sizes=\"(max-width: 1024px) 100vw, 1024px\" \/><\/a><\/p>\n","protected":false},"excerpt":{"rendered":"<p>La Federaci\u00f3n de Entidades Mutuales de Buenos Aires (FEDEMBA) celebrar\u00e1 su Asamblea General Ordinaria de este a\u00f1o, el pr\u00f3ximo jueves 28 de septiembre a las 18:30 horas en la sede del C\u00edrculo de Suboficiales de la Prefectura Naval Argentina, situado en Carlos Calvo 1337, Capital Federal. La misma fue oportunamente convocada y publicada de acuerdo [&hellip;]<\/p>\n","protected":false},"author":1,"featured_media":1174,"comment_status":"closed","ping_status":"closed","sticky":false,"template":"","format":"standard","meta":[],"categories":[1],"tags":[19,107,12,6,10],"_links":{"self":[{"href":"https:\/\/fedemba.org.ar\/web\/wp-json\/wp\/v2\/posts\/1173"}],"collection":[{"href":"https:\/\/fedemba.org.ar\/web\/wp-json\/wp\/v2\/posts"}],"about":[{"href":"https:\/\/fedemba.org.ar\/web\/wp-json\/wp\/v2\/types\/post"}],"author":[{"embeddable":true,"href":"https:\/\/fedemba.org.ar\/web\/wp-json\/wp\/v2\/users\/1"}],"replies":[{"embeddable":true,"href":"https:\/\/fedemba.org.ar\/web\/wp-json\/wp\/v2\/comments?post=1173"}],"version-history":[{"count":2,"href":"https:\/\/fedemba.org.ar\/web\/wp-json\/wp\/v2\/posts\/1173\/revisions"}],"predecessor-version":[{"id":1176,"href":"https:\/\/fedemba.org.ar\/web\/wp-json\/wp\/v2\/posts\/1173\/revisions\/1176"}],"wp:featuredmedia":[{"embeddable":true,"href":"https:\/\/fedemba.org.ar\/web\/wp-json\/wp\/v2\/media\/1174"}],"wp:attachment":[{"href":"https:\/\/fedemba.org.ar\/web\/wp-json\/wp\/v2\/media?parent=1173"}],"wp:term":[{"taxonomy":"category","embeddable":true,"href":"https:\/\/fedemba.org.ar\/web\/wp-json\/wp\/v2\/categories?post=1173"},{"taxonomy":"post_tag","embeddable":true,"href":"https:\/\/fedemba.org.ar\/web\/wp-json\/wp\/v2\/tags?post=1173"}],"curies":[{"name":"wp","href":"https:\/\/api.w.org\/{rel}","templated":true}]}}