{"id":1178,"date":"2017-09-28T11:42:05","date_gmt":"2017-09-28T14:42:05","guid":{"rendered":"http:\/\/fedemba.org.ar\/web\/?p=1178"},"modified":"2017-09-28T11:42:05","modified_gmt":"2017-09-28T14:42:05","slug":"ameport-celebro-su-44o-asamblea-general-ordinaria","status":"publish","type":"post","link":"https:\/\/fedemba.org.ar\/web\/ameport-celebro-su-44o-asamblea-general-ordinaria\/","title":{"rendered":"AMEPORT CELEBR\u00d3 SU 44\u00ba ASAMBLEA GENERAL ORDINARIA"},"content":{"rendered":"<p><span style=\"line-height: 115%; font-family: 'Arial','sans-serif'; font-size: 12pt;\"><span style=\"color: #000000;\"><strong>La Mutual AMEPORT, entidad adherida a FEDEMBA<\/strong>, <strong>celebr\u00f3 el pasado 22 de septiembre su\u00a044\u00ba Asamblea General Ordinaria,<\/strong> en la sede social de la entidad en Hip\u00f3lito Yrigoyen 684, <strong>ante la presencia de m\u00e1s de 100 asociados de 18 provincias argentinas,<\/strong> lo que ratifica una vez m\u00e1s la presencia nacional de la mutual,\u00a0la cual\u00a0en los \u00faltimos a\u00f1os tuvo un gran crecimiento.<\/span><\/span><\/p>\n<p><span style=\"line-height: 115%; font-family: 'Arial','sans-serif'; font-size: 12pt;\"><span style=\"color: #000000;\"><strong>El Presidente de AMEPORT, Sr. Alberto Salom, brind\u00f3 unas c\u00e1lidas palabras de bienvenida, acompa\u00f1ado por los miembros del Consejo Directivo.<\/strong> Asimismo, luego de agradecer la asistencia de los representantes, trataron el Balance General del Ejercicio comprendido entre el 1\u00ba de Junio de 2016 al 31 de mayo de 2017, aprob\u00e1ndolo.<\/span><\/span><\/p>\n<p><a href=\"http:\/\/fedemba.org.ar\/web\/wp-content\/uploads\/2017\/09\/20170922_183829.jpg\"><img decoding=\"async\" loading=\"lazy\" class=\"alignleft size-large wp-image-1180\" src=\"http:\/\/fedemba.org.ar\/web\/wp-content\/uploads\/2017\/09\/20170922_183829-1024x576.jpg\" alt=\"20170922_183829\" width=\"1024\" height=\"576\" srcset=\"https:\/\/fedemba.org.ar\/web\/wp-content\/uploads\/2017\/09\/20170922_183829-1024x576.jpg 1024w, https:\/\/fedemba.org.ar\/web\/wp-content\/uploads\/2017\/09\/20170922_183829-300x169.jpg 300w, https:\/\/fedemba.org.ar\/web\/wp-content\/uploads\/2017\/09\/20170922_183829.jpg 1500w\" sizes=\"(max-width: 1024px) 100vw, 1024px\" \/><\/a><\/p>\n<p><span style=\"line-height: 115%; font-family: 'Arial','sans-serif'; font-size: 12pt;\"><span style=\"color: #000000;\">Posteriormente, <strong>se proyect\u00f3 un video con toda la actividad solidaria que lleva adelante la mutual.<\/strong><\/span><\/span><\/p>\n<p><a href=\"http:\/\/fedemba.org.ar\/web\/wp-content\/uploads\/2017\/09\/20170922_183948.jpg\"><img decoding=\"async\" loading=\"lazy\" class=\"alignleft size-large wp-image-1181\" src=\"http:\/\/fedemba.org.ar\/web\/wp-content\/uploads\/2017\/09\/20170922_183948-1024x576.jpg\" alt=\"20170922_183948\" width=\"1024\" height=\"576\" srcset=\"https:\/\/fedemba.org.ar\/web\/wp-content\/uploads\/2017\/09\/20170922_183948-1024x576.jpg 1024w, https:\/\/fedemba.org.ar\/web\/wp-content\/uploads\/2017\/09\/20170922_183948-300x169.jpg 300w, https:\/\/fedemba.org.ar\/web\/wp-content\/uploads\/2017\/09\/20170922_183948.jpg 1500w\" sizes=\"(max-width: 1024px) 100vw, 1024px\" \/><\/a><\/p>\n<p>&nbsp;<\/p>\n<p>&nbsp;<\/p>\n","protected":false},"excerpt":{"rendered":"<p>La Mutual AMEPORT, entidad adherida a FEDEMBA, celebr\u00f3 el pasado 22 de septiembre su XLIV Asamblea General Ordinaria, en la sede social de la entidad en Yrigoyen 684, ante la presencia de m\u00e1s de 100 asociados de 18 provincias argentinas, lo que ratifica una vez m\u00e1s la presencia nacional de la mutual, la cual en los \u00faltimos a\u00f1os tuvo un gran crecimiento.<\/p>\n","protected":false},"author":1,"featured_media":1179,"comment_status":"closed","ping_status":"closed","sticky":false,"template":"","format":"standard","meta":[],"categories":[1],"tags":[25,30,12,6,10],"_links":{"self":[{"href":"https:\/\/fedemba.org.ar\/web\/wp-json\/wp\/v2\/posts\/1178"}],"collection":[{"href":"https:\/\/fedemba.org.ar\/web\/wp-json\/wp\/v2\/posts"}],"about":[{"href":"https:\/\/fedemba.org.ar\/web\/wp-json\/wp\/v2\/types\/post"}],"author":[{"embeddable":true,"href":"https:\/\/fedemba.org.ar\/web\/wp-json\/wp\/v2\/users\/1"}],"replies":[{"embeddable":true,"href":"https:\/\/fedemba.org.ar\/web\/wp-json\/wp\/v2\/comments?post=1178"}],"version-history":[{"count":1,"href":"https:\/\/fedemba.org.ar\/web\/wp-json\/wp\/v2\/posts\/1178\/revisions"}],"predecessor-version":[{"id":1182,"href":"https:\/\/fedemba.org.ar\/web\/wp-json\/wp\/v2\/posts\/1178\/revisions\/1182"}],"wp:featuredmedia":[{"embeddable":true,"href":"https:\/\/fedemba.org.ar\/web\/wp-json\/wp\/v2\/media\/1179"}],"wp:attachment":[{"href":"https:\/\/fedemba.org.ar\/web\/wp-json\/wp\/v2\/media?parent=1178"}],"wp:term":[{"taxonomy":"category","embeddable":true,"href":"https:\/\/fedemba.org.ar\/web\/wp-json\/wp\/v2\/categories?post=1178"},{"taxonomy":"post_tag","embeddable":true,"href":"https:\/\/fedemba.org.ar\/web\/wp-json\/wp\/v2\/tags?post=1178"}],"curies":[{"name":"wp","href":"https:\/\/api.w.org\/{rel}","templated":true}]}}