{"id":1191,"date":"2017-10-03T11:29:47","date_gmt":"2017-10-03T14:29:47","guid":{"rendered":"http:\/\/fedemba.org.ar\/web\/?p=1191"},"modified":"2017-10-03T11:29:47","modified_gmt":"2017-10-03T14:29:47","slug":"fedemba-participo-en-el-1o-encuentro-de-la-comision-de-personas-mayores-de-odema","status":"publish","type":"post","link":"https:\/\/fedemba.org.ar\/web\/fedemba-participo-en-el-1o-encuentro-de-la-comision-de-personas-mayores-de-odema\/","title":{"rendered":"FEDEMBA PARTICIP\u00d3 EN EL 1\u00ba ENCUENTRO DE LA COMISI\u00d3N DE PERSONAS MAYORES DE ODEMA"},"content":{"rendered":"<p><span style=\"line-height: 115%; font-family: 'Arial','sans-serif'; font-size: 12pt;\"><span style=\"color: #000000;\"><strong>La Federaci\u00f3n de Entidades Mutuales de Buenos Aires (FEDEMBA) particip\u00f3 en el 1\u00ba Encuentro de la Comisi\u00f3n de Personas Mayores de ODEMA,<\/strong> el pasado 27 de septiembre en el Teatro Empire, en Hip\u00f3lito Yrigoyen 1934, Capital Federal. <\/span><\/span><\/p>\n<p><span style=\"line-height: 115%; font-family: 'Arial','sans-serif'; font-size: 12pt;\"><span style=\"color: #000000;\">La jornada cont\u00f3 con la asistencia del Presidente de la Federaci\u00f3n, <strong>Dr. Dar\u00edo Mart\u00ednez Corti<\/strong>, la Secretaria de Promoci\u00f3n y Relaciones Institucionales, <strong>Dra. Rosa B. Rodr\u00edguez<\/strong>, el Asesor Jur\u00eddico de FEDEMBA,<strong> Dr. Roberto De Cicco<\/strong>, el Vicepresidente de AMEPORT, <strong>Sr. Ricardo Lorenzo<\/strong>, el Presidente de la Organizaci\u00f3n de Entidades Mutuales de las Am\u00e9ricas <strong>(ODEMA),<\/strong> <strong>Sr. Alfredo Sigliano,<\/strong> y diversos representantes de organismos gubernamentales e invitados especiales que formaron parte del panel \u201cRetos para nuestras pr\u00e1cticas en el marco de la Convenci\u00f3n Interamericana de Derechos para las personas mayores\u201d.<\/span><\/span><\/p>\n<p><a href=\"http:\/\/fedemba.org.ar\/web\/wp-content\/uploads\/2017\/10\/FOTO-239-Alfredo-Sigliano.jpg\"><img decoding=\"async\" loading=\"lazy\" class=\"alignleft size-large wp-image-1193\" src=\"http:\/\/fedemba.org.ar\/web\/wp-content\/uploads\/2017\/10\/FOTO-239-Alfredo-Sigliano-1024x685.jpg\" alt=\"FOTO 239 - Alfredo Sigliano\" width=\"1024\" height=\"685\" srcset=\"https:\/\/fedemba.org.ar\/web\/wp-content\/uploads\/2017\/10\/FOTO-239-Alfredo-Sigliano-1024x685.jpg 1024w, https:\/\/fedemba.org.ar\/web\/wp-content\/uploads\/2017\/10\/FOTO-239-Alfredo-Sigliano-300x201.jpg 300w\" sizes=\"(max-width: 1024px) 100vw, 1024px\" \/><\/a><\/p>\n<p><span style=\"line-height: 115%; font-family: 'Arial','sans-serif'; font-size: 12pt;\"><span style=\"color: #000000;\"><strong>El encuentro se inici\u00f3 con las palabras de los especialistas del Panel<\/strong>, que hablaron sobre las siguientes tem\u00e1ticas: \u201cSistema de Cuidados\u201d, a cargo de la Directora Nacional de Pol\u00edticas para Adultos Mayores del Ministerio de Desarrollo Social de La Naci\u00f3n, <strong>Mg. Susana Rubinstein<\/strong>, y de\u00a0<\/span><\/span><span style=\"line-height: 115%; font-family: 'Arial','sans-serif'; font-size: 12pt;\"><span style=\"color: #000000;\"><strong>Eliana G\u00e1mez y Micaela Perucha,<\/strong> quienes son parte del equipo t\u00e9cnico del programa nacional de educaci\u00f3n, cultura y comunicaci\u00f3n comunitarias de la Direcci\u00f3n Nacional Para Adultos Mayores (DINAPAM); \u201cel Buen Trato\u201d, a cargo de Mg. <strong>Susana Ordano<\/strong>; \u201clos Entornos Accesibles\u201d, a cargo de la Directora del Centro de Envejecimiento Activo y Longevidad, Secretaria del Consejo Superior y Profesora titular en la Maestr\u00eda en Gesti\u00f3n de Servicios de Gerontolog\u00eda de la Universidad Isalud en Buenos Aires, Mg. <strong>Silvia Gasc\u00f3n<\/strong>; \u201cLa Alegr\u00eda de la Danza no tiene Edad\u201d, a cargo de la especialista en Organizaciones de la Sociedad Civil, <strong>Lic. Liliana Bonavita<\/strong>.<\/span><\/span><\/p>\n<p><span style=\"line-height: 115%; font-family: 'Arial','sans-serif'; font-size: 12pt;\"><span style=\"color: #000000;\">Posteriormente, <strong>se realiz\u00f3 la entrega de Diplomas del Curso de Formaci\u00f3n de Cuidadores Domiciliarios (DINAPAM); la Capacitaci\u00f3n y entrenamiento en la construcci\u00f3n de elementos de apoyo de bajo costo (COPIDIS); y el Curso de Primero Auxilios, Prevenci\u00f3n Comunitaria de SAME.<\/strong><\/span><\/span><\/p>\n<p><a href=\"http:\/\/fedemba.org.ar\/web\/wp-content\/uploads\/2017\/10\/FOTO-282-Expositoras.jpg\"><img decoding=\"async\" loading=\"lazy\" class=\"alignleft size-large wp-image-1194\" src=\"http:\/\/fedemba.org.ar\/web\/wp-content\/uploads\/2017\/10\/FOTO-282-Expositoras-1024x685.jpg\" alt=\"FOTO 282 - Expositoras\" width=\"1024\" height=\"685\" srcset=\"https:\/\/fedemba.org.ar\/web\/wp-content\/uploads\/2017\/10\/FOTO-282-Expositoras-1024x685.jpg 1024w, https:\/\/fedemba.org.ar\/web\/wp-content\/uploads\/2017\/10\/FOTO-282-Expositoras-300x201.jpg 300w\" sizes=\"(max-width: 1024px) 100vw, 1024px\" \/><\/a><\/p>\n<p><span style=\"line-height: 115%; font-family: 'Arial','sans-serif'; font-size: 12pt;\"><span style=\"color: #000000;\">Por \u00faltimo, los presentes se deleitaron con una funci\u00f3n especial de Ballet 40\/90.<\/span><\/span><\/p>\n<p>&nbsp;<\/p>\n","protected":false},"excerpt":{"rendered":"<p>La Federaci\u00f3n de Entidades Mutuales de Buenos Aires (FEDEMBA) particip\u00f3 en el 1\u00ba Encuentro de la Comisi\u00f3n de Personas Mayores de ODEMA, el pasado 27 de septiembre en el Teatro Empire, en Hip\u00f3lito Yrigoyen 1934, Capital Federal.<\/p>\n","protected":false},"author":1,"featured_media":1192,"comment_status":"closed","ping_status":"closed","sticky":false,"template":"","format":"standard","meta":[],"categories":[1],"tags":[121,37,7,12,118,6,124,119,10,13,83,57,14,125,123,122,120],"_links":{"self":[{"href":"https:\/\/fedemba.org.ar\/web\/wp-json\/wp\/v2\/posts\/1191"}],"collection":[{"href":"https:\/\/fedemba.org.ar\/web\/wp-json\/wp\/v2\/posts"}],"about":[{"href":"https:\/\/fedemba.org.ar\/web\/wp-json\/wp\/v2\/types\/post"}],"author":[{"embeddable":true,"href":"https:\/\/fedemba.org.ar\/web\/wp-json\/wp\/v2\/users\/1"}],"replies":[{"embeddable":true,"href":"https:\/\/fedemba.org.ar\/web\/wp-json\/wp\/v2\/comments?post=1191"}],"version-history":[{"count":2,"href":"https:\/\/fedemba.org.ar\/web\/wp-json\/wp\/v2\/posts\/1191\/revisions"}],"predecessor-version":[{"id":1196,"href":"https:\/\/fedemba.org.ar\/web\/wp-json\/wp\/v2\/posts\/1191\/revisions\/1196"}],"wp:featuredmedia":[{"embeddable":true,"href":"https:\/\/fedemba.org.ar\/web\/wp-json\/wp\/v2\/media\/1192"}],"wp:attachment":[{"href":"https:\/\/fedemba.org.ar\/web\/wp-json\/wp\/v2\/media?parent=1191"}],"wp:term":[{"taxonomy":"category","embeddable":true,"href":"https:\/\/fedemba.org.ar\/web\/wp-json\/wp\/v2\/categories?post=1191"},{"taxonomy":"post_tag","embeddable":true,"href":"https:\/\/fedemba.org.ar\/web\/wp-json\/wp\/v2\/tags?post=1191"}],"curies":[{"name":"wp","href":"https:\/\/api.w.org\/{rel}","templated":true}]}}