{"id":1198,"date":"2017-10-06T12:53:09","date_gmt":"2017-10-06T15:53:09","guid":{"rendered":"http:\/\/fedemba.org.ar\/web\/?p=1198"},"modified":"2017-10-06T14:01:07","modified_gmt":"2017-10-06T17:01:07","slug":"fedemba-participo-en-la-primera-jornada-internacional-legislativa-de-economia-social-y-mutuales-en-el-marco-de-los-festejos-por-el-dia-del-mutualismo","status":"publish","type":"post","link":"https:\/\/fedemba.org.ar\/web\/fedemba-participo-en-la-primera-jornada-internacional-legislativa-de-economia-social-y-mutuales-en-el-marco-de-los-festejos-por-el-dia-del-mutualismo\/","title":{"rendered":"FEDEMBA PARTICIP\u00d3 EN LA PRIMERA JORNADA INTERNACIONAL LEGISLATIVA DE ECONOM\u00cdA SOCIAL Y MUTUALES, EN EL MARCO DE LOS FESTEJOS POR EL D\u00cdA DEL MUTUALISMO"},"content":{"rendered":"<p>La Federaci\u00f3n de Entidades Mutuales de Buenos Aires<strong> (FEDEMBA) particip\u00f3, en el marco de los festejos por el D\u00eda del Mutualismo, en la Primera Jornada Internacional Legislativa de Econom\u00eda Social y Mutuales,<\/strong> organizada por la C\u00e1tedra Libre de Econom\u00eda Social y Mutuales de la Universidad Nacional de La Plata, la Confederaci\u00f3n Nacional de Mutualidades de la Rep\u00fablica Argentina <strong>(CONAM),<\/strong>\u00a0 la C\u00e1mara de Senadores de la Provincia de Buenos Aires, la Facultad de Ciencias Econ\u00f3micas y el Centro de Graduados en Econ\u00f3micas de la misma Universidad, y la Organizaci\u00f3n de Entidades Mutuales de las Am\u00e9ricas <strong>(ODEMA),<\/strong> el pasado 4 de octubre en el majestuoso sal\u00f3n de la Honorable C\u00e1mara de Senadores de la Provincia de Buenos Aires.<\/p>\n<p>FEDEMBA form\u00f3 parte del evento con\u00a0las presencias del Presidente Dr. Dar\u00edo Mart\u00ednez Corti, el Vicepresidente Sr. Alberto Salom,. el Secretario Sr. Hugo H. Bozzini, la Secretaria de Promoci\u00f3n y Relaciones Institucionales Dra. Rosa B. Rodr\u00edguez, la Vocal Titular 2\u00ba Sra. Lidya Kety Mart\u00ednez, el Vocal Suplente 2\u00ba Dr. Lucas Fern\u00e1ndez Moores, la integrante de la Junta Fiscalizadora Sra. Clara Avalos, y la integrante del Consejo Consultivo Sra. Sandra Rodr\u00edguez. Adem\u00e1s, asistieron diversos directivos de las mutuales adheridas.<\/p>\n<p><a href=\"http:\/\/fedemba.org.ar\/web\/wp-content\/uploads\/2017\/10\/20171004_152259-0.jpg\"><img decoding=\"async\" loading=\"lazy\" class=\"alignleft size-large wp-image-1211\" src=\"http:\/\/fedemba.org.ar\/web\/wp-content\/uploads\/2017\/10\/20171004_152259-0-1024x833.jpg\" alt=\"20171004_152259 0\" width=\"1024\" height=\"833\" srcset=\"https:\/\/fedemba.org.ar\/web\/wp-content\/uploads\/2017\/10\/20171004_152259-0-1024x833.jpg 1024w, https:\/\/fedemba.org.ar\/web\/wp-content\/uploads\/2017\/10\/20171004_152259-0-300x244.jpg 300w, https:\/\/fedemba.org.ar\/web\/wp-content\/uploads\/2017\/10\/20171004_152259-0.jpg 1557w\" sizes=\"(max-width: 1024px) 100vw, 1024px\" \/><\/a> <a href=\"http:\/\/fedemba.org.ar\/web\/wp-content\/uploads\/2017\/10\/DSCN3036-0.jpg\"><img decoding=\"async\" loading=\"lazy\" class=\"alignleft size-large wp-image-1205\" src=\"http:\/\/fedemba.org.ar\/web\/wp-content\/uploads\/2017\/10\/DSCN3036-0-1024x584.jpg\" alt=\"DSCN3036 0\" width=\"1024\" height=\"584\" srcset=\"https:\/\/fedemba.org.ar\/web\/wp-content\/uploads\/2017\/10\/DSCN3036-0-1024x584.jpg 1024w, https:\/\/fedemba.org.ar\/web\/wp-content\/uploads\/2017\/10\/DSCN3036-0-300x171.jpg 300w, https:\/\/fedemba.org.ar\/web\/wp-content\/uploads\/2017\/10\/DSCN3036-0.jpg 1600w\" sizes=\"(max-width: 1024px) 100vw, 1024px\" \/><\/a><\/p>\n<p>La Jornada cont\u00f3 con la participaci\u00f3n del Presidente del Instituto Nacional de Asociativismo y Econom\u00eda Social (INAES), <strong>Dr. Marcelo Collomb<\/strong>, junto al Vocal por las Mutuales del Directorio del Instituto, Dr. Ernesto Arroyo; el Director por las Cooperativas del INAES, Ing. <strong>Jos\u00e9 Orbaiceta<\/strong>; y el Secretario de Desarrollo y Promoci\u00f3n del INAES, <strong>Lic. Mario Uribe<\/strong>. Tambi\u00e9n asistieron la ex Asesora Legal Mutual del INAES, <strong>Dra. Eleuteria Rompotis<\/strong>, y mutualistas y cooperativistas de Chaco, Tierra del Fuego, Santa Cruz, Formosa, Mendoza, La Rioja, Santiago del Estero y Buenos Aires, enmarcando la jornada en un clima de alegr\u00eda y celebraci\u00f3n propios del D\u00eda del Mutualismo.<\/p>\n<p>Asimismo, dicho evento fue declarado de Inter\u00e9s Legislativo por la Honorable C\u00e1mara de Senadores de la Provincia de Buenos Aires y de Inter\u00e9s Municipal por el Concejo Deliberante de la ciudad de La Plata. Posteriormente, se leyeron cartas de apoyo a dicha Jornada del Vicegobernador de la Provincia de Buenos Aires, Dr. <strong>Daniel Marcelo<\/strong> Salvador, y del Ministro de Justicia de la Provincia de Buenos Aires, Dr. <strong>Gustavo Ferrari<\/strong>.<\/p>\n<p>El inicio de la Jornada se inici\u00f3 con las palabras del <strong>Dr. Marcelo Collomb<\/strong>, de la Presidenta de la Confederaci\u00f3n, <strong>Dra. Rosa B. Rodr\u00edguez<\/strong>, del Director de la C\u00e1tedra Libre de Econom\u00eda Social de la Universidad Nacional de La Plata, <strong>Dr. Carlos Gaskin<\/strong>, y del Director Provincial de Personas Jur\u00eddicas de la Provincia de Buenos Aires, <strong>Dr. Leonardo Jakim.<\/strong><\/p>\n<p><a href=\"http:\/\/fedemba.org.ar\/web\/wp-content\/uploads\/2017\/10\/DSCN3042-0.jpg\"><img decoding=\"async\" loading=\"lazy\" class=\"alignleft size-large wp-image-1206\" src=\"http:\/\/fedemba.org.ar\/web\/wp-content\/uploads\/2017\/10\/DSCN3042-0-1024x828.jpg\" alt=\"DSCN3042 0\" width=\"1024\" height=\"828\" srcset=\"https:\/\/fedemba.org.ar\/web\/wp-content\/uploads\/2017\/10\/DSCN3042-0-1024x828.jpg 1024w, https:\/\/fedemba.org.ar\/web\/wp-content\/uploads\/2017\/10\/DSCN3042-0-300x243.jpg 300w, https:\/\/fedemba.org.ar\/web\/wp-content\/uploads\/2017\/10\/DSCN3042-0.jpg 1484w\" sizes=\"(max-width: 1024px) 100vw, 1024px\" \/><\/a><\/p>\n<p>A continuaci\u00f3n se desarroll\u00f3 el <strong>Primer Panel: \u201cEl Estado, el Movimiento Cooperativo y la Universidad ante las necesidades del Sector\u201d<\/strong><strong>,<\/strong> en donde disertaron la Directora del Instituto de Estudios Cooperativos de la Facultad de Ciencias Econ\u00f3micas de la UNLP, <strong>Cont. Ver\u00f3nica Lili\u00e1n Montes<\/strong>, el Vicepresidente de la Federaci\u00f3n de Cooperativas de Electricidad y Servicios P\u00fablicos de la Provincia de Buenos Aires <strong>(FEDECOBA), Sr. \u00c1ngel Echarren, y la especialista y capacitadora de dicha Federaci\u00f3n, Sra. Dora Caeiro<\/strong>.<\/p>\n<p><a href=\"http:\/\/fedemba.org.ar\/web\/wp-content\/uploads\/2017\/10\/DSCN3053-0.jpg\"><img decoding=\"async\" loading=\"lazy\" class=\"alignleft size-large wp-image-1207\" src=\"http:\/\/fedemba.org.ar\/web\/wp-content\/uploads\/2017\/10\/DSCN3053-0-1024x768.jpg\" alt=\"DSCN3053 0\" width=\"1024\" height=\"768\" srcset=\"https:\/\/fedemba.org.ar\/web\/wp-content\/uploads\/2017\/10\/DSCN3053-0-1024x768.jpg 1024w, https:\/\/fedemba.org.ar\/web\/wp-content\/uploads\/2017\/10\/DSCN3053-0-300x225.jpg 300w, https:\/\/fedemba.org.ar\/web\/wp-content\/uploads\/2017\/10\/DSCN3053-0.jpg 1600w\" sizes=\"(max-width: 1024px) 100vw, 1024px\" \/><\/a>El evento continu\u00f3 con el segundo Panel: <strong>\u201cTratamiento Impositivo y Legal en las Cooperativas y Mutuales\u201d, moderado <\/strong>por el Cont. Pablo Rocha, y a cargo de la Asesora T\u00e9cnico Contable del INAES, <strong>Cont. Mar\u00eda del Huerto Di Loreto<\/strong><strong>, <\/strong><strong>la<\/strong> <strong>Cont. Mabel Beatriz Cambeiro y el Lic. Nicol\u00e1s Kresich.<\/strong><\/p>\n<p><a href=\"http:\/\/fedemba.org.ar\/web\/wp-content\/uploads\/2017\/10\/DSCN3060-0.jpg\"><img decoding=\"async\" loading=\"lazy\" class=\"alignleft size-large wp-image-1208\" src=\"http:\/\/fedemba.org.ar\/web\/wp-content\/uploads\/2017\/10\/DSCN3060-0-1024x679.jpg\" alt=\"DSCN3060 0\" width=\"1024\" height=\"679\" srcset=\"https:\/\/fedemba.org.ar\/web\/wp-content\/uploads\/2017\/10\/DSCN3060-0-1024x679.jpg 1024w, https:\/\/fedemba.org.ar\/web\/wp-content\/uploads\/2017\/10\/DSCN3060-0-300x199.jpg 300w, https:\/\/fedemba.org.ar\/web\/wp-content\/uploads\/2017\/10\/DSCN3060-0.jpg 1600w\" sizes=\"(max-width: 1024px) 100vw, 1024px\" \/><\/a>La Jornada Internacional sigui\u00f3 con el <strong>Panel: \u201cMutualismo Americano y estrategias de fortalecimiento del sector mutualista a nivel continental y mundial\u201d<\/strong><strong>, <\/strong>en donde expusieron el Director Suplente por Argentina de ODEMA y Protesorero de CONAM, <strong>Sr. Manuel Balea Reino,<\/strong> la Coordinadora de Comisiones de ODEMA y Gerente del \u00c1rea de Servicio Social de la Asociaci\u00f3n Mutual de Protecci\u00f3n Familiar, <strong>Lic. Fernanda Sigliano<\/strong>, y la Coordinadora de ODEMA Mujeres y Directora del Instituto de Capacitaci\u00f3n Mutual Carlos Castillo<strong>, <\/strong><strong>Lic. Alejandra Morandeira<\/strong><strong>.<\/strong><\/p>\n<p>Por \u00faltimo se realiz\u00f3 el cierre de la Jornada con las palabras del <strong>Dr. Carlos Gask\u00edn, quien se mostr\u00f3 contento y agradecido por la enorme convocatoria y el trabajo de todas las entidades que llevaron adelante la Jornada. <\/strong>Adem\u00e1s, augur\u00f3 que realizar\u00e1n nuevas Jornadas de capacitaci\u00f3n con el objetivo de continuar promocionando y fortaleciendo a los sectores de la econom\u00eda social y solidaria.<\/p>\n<p><a href=\"http:\/\/fedemba.org.ar\/web\/wp-content\/uploads\/2017\/10\/SAM_1872.jpg\"><img decoding=\"async\" loading=\"lazy\" class=\"size-large wp-image-1215\" src=\"http:\/\/fedemba.org.ar\/web\/wp-content\/uploads\/2017\/10\/SAM_1872-1024x768.jpg\" alt=\"SAMSUNG CAMERA PICTURES\" width=\"1024\" height=\"768\" srcset=\"https:\/\/fedemba.org.ar\/web\/wp-content\/uploads\/2017\/10\/SAM_1872-1024x768.jpg 1024w, https:\/\/fedemba.org.ar\/web\/wp-content\/uploads\/2017\/10\/SAM_1872-300x225.jpg 300w\" sizes=\"(max-width: 1024px) 100vw, 1024px\" \/><\/a><\/p>\n<p><a href=\"http:\/\/fedemba.org.ar\/web\/wp-content\/uploads\/2017\/10\/IMG-20171004-WA0013.jpg\"><img decoding=\"async\" loading=\"lazy\" class=\"alignleft size-large wp-image-1213\" src=\"http:\/\/fedemba.org.ar\/web\/wp-content\/uploads\/2017\/10\/IMG-20171004-WA0013-1024x576.jpg\" alt=\"IMG-20171004-WA0013\" width=\"1024\" height=\"576\" srcset=\"https:\/\/fedemba.org.ar\/web\/wp-content\/uploads\/2017\/10\/IMG-20171004-WA0013-1024x576.jpg 1024w, https:\/\/fedemba.org.ar\/web\/wp-content\/uploads\/2017\/10\/IMG-20171004-WA0013-300x169.jpg 300w, https:\/\/fedemba.org.ar\/web\/wp-content\/uploads\/2017\/10\/IMG-20171004-WA0013.jpg 1032w\" sizes=\"(max-width: 1024px) 100vw, 1024px\" \/><\/a> <a href=\"http:\/\/fedemba.org.ar\/web\/wp-content\/uploads\/2017\/10\/20171004_180432-0.jpg\"><img decoding=\"async\" loading=\"lazy\" class=\"alignleft size-large wp-image-1212\" src=\"http:\/\/fedemba.org.ar\/web\/wp-content\/uploads\/2017\/10\/20171004_180432-0-1024x653.jpg\" alt=\"20171004_180432 0\" width=\"1024\" height=\"653\" srcset=\"https:\/\/fedemba.org.ar\/web\/wp-content\/uploads\/2017\/10\/20171004_180432-0-1024x653.jpg 1024w, https:\/\/fedemba.org.ar\/web\/wp-content\/uploads\/2017\/10\/20171004_180432-0-300x191.jpg 300w, https:\/\/fedemba.org.ar\/web\/wp-content\/uploads\/2017\/10\/20171004_180432-0.jpg 1858w\" sizes=\"(max-width: 1024px) 100vw, 1024px\" \/><\/a><\/p>\n<p>&nbsp;<\/p>\n","protected":false},"excerpt":{"rendered":"<p>La Federaci\u00f3n de Entidades Mutuales de Buenos Aires (FEDEMBA) particip\u00f3, en el marco de los festejos por el D\u00eda del Mutualismo, en la Primera Jornada Internacional Legislativa de Econom\u00eda Social y Mutuales, organizada por la C\u00e1tedra Libre de Econom\u00eda Social y Mutuales de la Universidad Nacional de La Plata, la Confederaci\u00f3n Nacional de Mutualidades de la Rep\u00fablica Argentina (CONAM),  la C\u00e1mara de Senadores de la Provincia de Buenos Aires, la Facultad de Ciencias Econ\u00f3micas y el Centro de Graduados en Econ\u00f3micas de la misma Universidad, y la Organizaci\u00f3n de Entidades Mutuales de las Am\u00e9ricas (ODEMA), el pasado 4 de octubre en el majestuoso sal\u00f3n de la Honorable C\u00e1mara de Senadores de la Provincia de Buenos Aires.<\/p>\n","protected":false},"author":1,"featured_media":1200,"comment_status":"closed","ping_status":"closed","sticky":false,"template":"","format":"standard","meta":[],"categories":[1],"tags":[25,126,140,9,133,7,127,138,12,116,134,128,6,132,137,17,8,135,131,24,139,16,51,136,10,13,14,70,130,129],"_links":{"self":[{"href":"https:\/\/fedemba.org.ar\/web\/wp-json\/wp\/v2\/posts\/1198"}],"collection":[{"href":"https:\/\/fedemba.org.ar\/web\/wp-json\/wp\/v2\/posts"}],"about":[{"href":"https:\/\/fedemba.org.ar\/web\/wp-json\/wp\/v2\/types\/post"}],"author":[{"embeddable":true,"href":"https:\/\/fedemba.org.ar\/web\/wp-json\/wp\/v2\/users\/1"}],"replies":[{"embeddable":true,"href":"https:\/\/fedemba.org.ar\/web\/wp-json\/wp\/v2\/comments?post=1198"}],"version-history":[{"count":3,"href":"https:\/\/fedemba.org.ar\/web\/wp-json\/wp\/v2\/posts\/1198\/revisions"}],"predecessor-version":[{"id":1217,"href":"https:\/\/fedemba.org.ar\/web\/wp-json\/wp\/v2\/posts\/1198\/revisions\/1217"}],"wp:featuredmedia":[{"embeddable":true,"href":"https:\/\/fedemba.org.ar\/web\/wp-json\/wp\/v2\/media\/1200"}],"wp:attachment":[{"href":"https:\/\/fedemba.org.ar\/web\/wp-json\/wp\/v2\/media?parent=1198"}],"wp:term":[{"taxonomy":"category","embeddable":true,"href":"https:\/\/fedemba.org.ar\/web\/wp-json\/wp\/v2\/categories?post=1198"},{"taxonomy":"post_tag","embeddable":true,"href":"https:\/\/fedemba.org.ar\/web\/wp-json\/wp\/v2\/tags?post=1198"}],"curies":[{"name":"wp","href":"https:\/\/api.w.org\/{rel}","templated":true}]}}