{"id":1229,"date":"2017-10-10T12:43:20","date_gmt":"2017-10-10T15:43:20","guid":{"rendered":"http:\/\/fedemba.org.ar\/web\/?p=1229"},"modified":"2017-10-10T15:43:39","modified_gmt":"2017-10-10T18:43:39","slug":"fedemba-junto-a-conam-ameport-y-mutual-universitaria-llevaron-donaciones-a-un-comedor-infantil-de-villa-corina","status":"publish","type":"post","link":"https:\/\/fedemba.org.ar\/web\/fedemba-junto-a-conam-ameport-y-mutual-universitaria-llevaron-donaciones-a-un-comedor-infantil-de-villa-corina\/","title":{"rendered":"AMEPORT-MUTUAL UNIVERSITARIA-FEDEMBA-CONAM: DONACIONES A UN COMEDOR INFANTIL DE VILLA CORINA"},"content":{"rendered":"<p>La Federaci\u00f3n de Entidades Mutuales de Buenos Aires (<strong>FEDEMBA<\/strong>), en conjunto con la Confederaci\u00f3n Nacional de Mutualidades de la Rep\u00fablica Argentina (<strong>CONAM<\/strong>), <strong>AMEPORT, Mutual Universitaria<\/strong>, estas \u00faltimas dos entidades adheridas a la Federaci\u00f3n, realiz\u00f3 una donaci\u00f3n el pasado 5 de octubre de alimentos no perecederos al Comedor Infantil \u201cInmaculada Concepci\u00f3n\u201d de Villa Corina, Avellaneda.<\/p>\n<p>Con la premisa de dar asistencia a las personas de escasos recursos que muchas veces viven situaciones de vulnerabilidad se organiz\u00f3 esta donaci\u00f3n. Los alimentos fueron recolectados\u00a0<strong>en la presentaci\u00f3n del nuevo libro del Dr. Daniel L\u00f3pez Rosetti: \u201cEmoci\u00f3n y Sentimientos. No somos seres racionales, somos seres emocionales que razonan\u201d,<\/strong>\u00a0organizada por la Mutual Universitaria, el pasado 5 de septiembre en el 5\u00ba Piso de la Casa Universitaria, en San Mart\u00edn.<\/p>\n<p><img decoding=\"async\" loading=\"lazy\" class=\"alignleft size-full wp-image-1230\" src=\"http:\/\/fedemba.org.ar\/web\/wp-content\/uploads\/2017\/10\/DONACI\u00d3N-BOLSAS-ALIMENTOS-CONAM-AMEPORT-UNIVERSITARIA-SEPTIEMBRE-2017-1.jpg\" alt=\"\" width=\"1000\" height=\"621\" srcset=\"https:\/\/fedemba.org.ar\/web\/wp-content\/uploads\/2017\/10\/DONACI\u00d3N-BOLSAS-ALIMENTOS-CONAM-AMEPORT-UNIVERSITARIA-SEPTIEMBRE-2017-1.jpg 1000w, https:\/\/fedemba.org.ar\/web\/wp-content\/uploads\/2017\/10\/DONACI\u00d3N-BOLSAS-ALIMENTOS-CONAM-AMEPORT-UNIVERSITARIA-SEPTIEMBRE-2017-1-300x186.jpg 300w, https:\/\/fedemba.org.ar\/web\/wp-content\/uploads\/2017\/10\/DONACI\u00d3N-BOLSAS-ALIMENTOS-CONAM-AMEPORT-UNIVERSITARIA-SEPTIEMBRE-2017-1-768x477.jpg 768w\" sizes=\"(max-width: 1000px) 100vw, 1000px\" \/><\/p>\n<p><strong>El Comedor Infantil \u201cInmaculada Concepci\u00f3n\u201d de Villa Corina<\/strong>, tiene alrededor de 60 a 80 chicos que lo visitan cada d\u00eda, a quienes les da la merienda o cena. En este sentido, entre los alimentos entregados hab\u00eda 60 paquetes de fideos, 50 de arroz, 24 kg. de harina y polenta, 10 cajas de mate cocido, 15 kg. de az\u00facar, entre otros.<\/p>\n<p><img decoding=\"async\" loading=\"lazy\" class=\"alignleft size-large wp-image-1231\" src=\"http:\/\/fedemba.org.ar\/web\/wp-content\/uploads\/2017\/10\/DONACI\u00d3N-BOLSAS-ALIMENTOS-CONAM-AMEPORT-UNIVERSITARIA-SEPTIEMBRE-2017-6-1024x576.jpg\" alt=\"\" width=\"1024\" height=\"576\" srcset=\"https:\/\/fedemba.org.ar\/web\/wp-content\/uploads\/2017\/10\/DONACI\u00d3N-BOLSAS-ALIMENTOS-CONAM-AMEPORT-UNIVERSITARIA-SEPTIEMBRE-2017-6-1024x576.jpg 1024w, https:\/\/fedemba.org.ar\/web\/wp-content\/uploads\/2017\/10\/DONACI\u00d3N-BOLSAS-ALIMENTOS-CONAM-AMEPORT-UNIVERSITARIA-SEPTIEMBRE-2017-6-300x169.jpg 300w, https:\/\/fedemba.org.ar\/web\/wp-content\/uploads\/2017\/10\/DONACI\u00d3N-BOLSAS-ALIMENTOS-CONAM-AMEPORT-UNIVERSITARIA-SEPTIEMBRE-2017-6-768x432.jpg 768w, https:\/\/fedemba.org.ar\/web\/wp-content\/uploads\/2017\/10\/DONACI\u00d3N-BOLSAS-ALIMENTOS-CONAM-AMEPORT-UNIVERSITARIA-SEPTIEMBRE-2017-6.jpg 1032w\" sizes=\"(max-width: 1024px) 100vw, 1024px\" \/><\/p>\n","protected":false},"excerpt":{"rendered":"<p>La Federaci\u00f3n de Entidades Mutuales de Buenos Aires (FEDEMBA), en conjunto con la Confederaci\u00f3n Nacional de Mutualidades de la Rep\u00fablica Argentina (CONAM), AMEPORT, Mutual Universitaria, estas \u00faltimas dos entidades adheridas a la Federaci\u00f3n, realiz\u00f3 una donaci\u00f3n el pasado 5 de octubre de alimentos no perecederos al Comedor Infantil \u201cInmaculada Concepci\u00f3n\u201d de Villa Corina, Avellaneda.<\/p>\n","protected":false},"author":1,"featured_media":1230,"comment_status":"closed","ping_status":"closed","sticky":false,"template":"","format":"standard","meta":[],"categories":[1],"tags":[115,30,143,9,144,12,6,54,10],"_links":{"self":[{"href":"https:\/\/fedemba.org.ar\/web\/wp-json\/wp\/v2\/posts\/1229"}],"collection":[{"href":"https:\/\/fedemba.org.ar\/web\/wp-json\/wp\/v2\/posts"}],"about":[{"href":"https:\/\/fedemba.org.ar\/web\/wp-json\/wp\/v2\/types\/post"}],"author":[{"embeddable":true,"href":"https:\/\/fedemba.org.ar\/web\/wp-json\/wp\/v2\/users\/1"}],"replies":[{"embeddable":true,"href":"https:\/\/fedemba.org.ar\/web\/wp-json\/wp\/v2\/comments?post=1229"}],"version-history":[{"count":4,"href":"https:\/\/fedemba.org.ar\/web\/wp-json\/wp\/v2\/posts\/1229\/revisions"}],"predecessor-version":[{"id":1235,"href":"https:\/\/fedemba.org.ar\/web\/wp-json\/wp\/v2\/posts\/1229\/revisions\/1235"}],"wp:featuredmedia":[{"embeddable":true,"href":"https:\/\/fedemba.org.ar\/web\/wp-json\/wp\/v2\/media\/1230"}],"wp:attachment":[{"href":"https:\/\/fedemba.org.ar\/web\/wp-json\/wp\/v2\/media?parent=1229"}],"wp:term":[{"taxonomy":"category","embeddable":true,"href":"https:\/\/fedemba.org.ar\/web\/wp-json\/wp\/v2\/categories?post=1229"},{"taxonomy":"post_tag","embeddable":true,"href":"https:\/\/fedemba.org.ar\/web\/wp-json\/wp\/v2\/tags?post=1229"}],"curies":[{"name":"wp","href":"https:\/\/api.w.org\/{rel}","templated":true}]}}