{"id":1248,"date":"2017-10-31T10:29:54","date_gmt":"2017-10-31T13:29:54","guid":{"rendered":"http:\/\/fedemba.org.ar\/web\/?p=1248"},"modified":"2017-10-31T10:29:54","modified_gmt":"2017-10-31T13:29:54","slug":"ameport-y-el-ymca-realizaran-la-primera-carrera-mutualista","status":"publish","type":"post","link":"https:\/\/fedemba.org.ar\/web\/ameport-y-el-ymca-realizaran-la-primera-carrera-mutualista\/","title":{"rendered":"AMEPORT Y EL YMCA REALIZAR\u00c1N LA PRIMERA CARRERA MUTUALISTA"},"content":{"rendered":"<p><span style=\"line-height: 115%; font-family: 'Arial','sans-serif'; font-size: 12pt;\"><span style=\"color: #000000;\"><strong>La Mutual Ameport, entidad adherida a FEDEMBA, realizar\u00e1 en conjunto con la Asociaci\u00f3n Cristiana de J\u00f3venes (YMCA por sus siglas en Ingl\u00e9s), la primera carrera deportiva mutualista: \u201cPrimera Edici\u00f3n de la Carrera YMCA \u2013AMEPORT\u201d,<\/strong> el pr\u00f3ximo domingo 12 de noviembre a las 8 horas en el Paseo de la Costa y Las Heras, Vicente L\u00f3pez.<\/span><\/span><\/p>\n<p><span style=\"line-height: 115%; font-family: 'Arial','sans-serif'; font-size: 12pt;\"><span style=\"color: #000000;\">En el marco de los festejos por el Aniversario 115 de YMCA, AMEPORT decidi\u00f3 integrarse al evento con el fin de promover la actividad f\u00edsica y el bienestar por medio de su servicio de Recreaci\u00f3n y Deporte.<\/span><\/span><\/p>\n<p><span style=\"line-height: 115%; font-family: 'Arial','sans-serif'; font-size: 12pt;\"><span style=\"color: #000000;\">En este sentido, <strong>los participantes podr\u00e1n optar por dos modalidades: La competitiva<\/strong>, que consta de una distancia de <strong>10 Km, y <\/strong>la<strong> participativa de 4 Km<\/strong>. Para ambos casos, la largada y llegada de la competencia ser\u00e1 en Paseo de la Costa y Las Heras. Adem\u00e1s, <strong>AMEPORT dispone de 100 inscripciones sin cargo<\/strong> para los asociados de su mutual. <\/span><\/span><\/p>\n<p><img decoding=\"async\" loading=\"lazy\" class=\"alignleft size-large wp-image-1249\" src=\"http:\/\/fedemba.org.ar\/web\/wp-content\/uploads\/2017\/10\/CarreraYMCA-AMEPORT2-724x1024.jpg\" alt=\"\" width=\"724\" height=\"1024\" srcset=\"https:\/\/fedemba.org.ar\/web\/wp-content\/uploads\/2017\/10\/CarreraYMCA-AMEPORT2-724x1024.jpg 724w, https:\/\/fedemba.org.ar\/web\/wp-content\/uploads\/2017\/10\/CarreraYMCA-AMEPORT2-212x300.jpg 212w, https:\/\/fedemba.org.ar\/web\/wp-content\/uploads\/2017\/10\/CarreraYMCA-AMEPORT2-768x1086.jpg 768w, https:\/\/fedemba.org.ar\/web\/wp-content\/uploads\/2017\/10\/CarreraYMCA-AMEPORT2.jpg 900w\" sizes=\"(max-width: 724px) 100vw, 724px\" \/><\/p>\n<h3><span style=\"font-size: 12pt;\"><strong><span style=\"color: #993366; line-height: 115%; font-family: 'Arial','sans-serif';\">\u00bfD\u00f3nde te inscrib\u00eds?<\/span><\/strong><\/span><\/h3>\n<p><span style=\"font-size: 12pt;\"><span style=\"line-height: 115%; font-family: 'Arial','sans-serif';\"><span style=\"color: #000000;\">Entr\u00e1 a:<\/span><\/span><strong><span style=\"line-height: 115%; font-family: 'Arial','sans-serif';\"><span style=\"color: #000000;\"> <a href=\"http:\/\/www.carreraymcaameport.com.ar\/\">http:\/\/www.carreraymcaameport.com.ar\/<\/a><\/span><\/span><\/strong><\/span><\/p>\n<p><span style=\"line-height: 115%; font-family: 'Arial','sans-serif'; font-size: 12pt;\"><span style=\"color: #000000;\">Los atletas se pueden inscribir <strong>hasta el 11 de noviembre o hasta agotar los 1500 cupos disponibles<\/strong>.<\/span><\/span><\/p>\n<h3><span style=\"font-size: 12pt;\"><strong><span style=\"color: #993366; line-height: 115%; font-family: 'Arial','sans-serif';\">\u00bfC\u00f3mo solicit\u00e1s la inscripci\u00f3n sin cargo?<\/span><\/strong><\/span><\/h3>\n<p><span style=\"line-height: 115%; font-family: 'Arial','sans-serif'; font-size: 12pt;\"><span style=\"color: #000000;\">Comunicate a la sede de AMEPORT al <strong>(011) 4344 4142<\/strong> \u2013 Desde el <strong>interior del pa\u00eds (sin cargo) al 0800 333 9906<\/strong> o envi\u00e1 un mail a: <\/span><a href=\"mailto:relacionesinstitucionales@ameport.org.ar\">relacionesinstitucionales@ameport.org.ar<\/a><\/span><\/p>\n<p>&nbsp;<\/p>\n<p><span style=\"line-height: 115%; font-family: 'Arial','sans-serif'; font-size: 12pt;\"><span style=\"color: #000000;\"><strong>Para m\u00e1s informaci\u00f3n<\/strong> sobre las modalidades, fechas, recorridos, entrega de kits, etc\u2026 ingres\u00e1 a: www.carreraymcaameport.com.ar\u00a0<\/span><\/span><\/p>\n<p>&nbsp;<\/p>\n","protected":false},"excerpt":{"rendered":"<p>La Mutual Ameport, entidad adherida a FEDEMBA, realizar\u00e1 en conjunto con la Asociaci\u00f3n Cristiana de J\u00f3venes (YMCA por sus siglas en Ingl\u00e9s), la primera carrera deportiva mutualista: \u201cPrimera Edici\u00f3n de la Carrera YMCA \u2013AMEPORT\u201d, el pr\u00f3ximo domingo 12 de noviembre a las 8 horas en el Paseo de la Costa y Las Heras, Vicente L\u00f3pez.<\/p>\n","protected":false},"author":1,"featured_media":1249,"comment_status":"closed","ping_status":"closed","sticky":false,"template":"","format":"standard","meta":[],"categories":[1],"tags":[30,12,6,10],"_links":{"self":[{"href":"https:\/\/fedemba.org.ar\/web\/wp-json\/wp\/v2\/posts\/1248"}],"collection":[{"href":"https:\/\/fedemba.org.ar\/web\/wp-json\/wp\/v2\/posts"}],"about":[{"href":"https:\/\/fedemba.org.ar\/web\/wp-json\/wp\/v2\/types\/post"}],"author":[{"embeddable":true,"href":"https:\/\/fedemba.org.ar\/web\/wp-json\/wp\/v2\/users\/1"}],"replies":[{"embeddable":true,"href":"https:\/\/fedemba.org.ar\/web\/wp-json\/wp\/v2\/comments?post=1248"}],"version-history":[{"count":3,"href":"https:\/\/fedemba.org.ar\/web\/wp-json\/wp\/v2\/posts\/1248\/revisions"}],"predecessor-version":[{"id":1252,"href":"https:\/\/fedemba.org.ar\/web\/wp-json\/wp\/v2\/posts\/1248\/revisions\/1252"}],"wp:featuredmedia":[{"embeddable":true,"href":"https:\/\/fedemba.org.ar\/web\/wp-json\/wp\/v2\/media\/1249"}],"wp:attachment":[{"href":"https:\/\/fedemba.org.ar\/web\/wp-json\/wp\/v2\/media?parent=1248"}],"wp:term":[{"taxonomy":"category","embeddable":true,"href":"https:\/\/fedemba.org.ar\/web\/wp-json\/wp\/v2\/categories?post=1248"},{"taxonomy":"post_tag","embeddable":true,"href":"https:\/\/fedemba.org.ar\/web\/wp-json\/wp\/v2\/tags?post=1248"}],"curies":[{"name":"wp","href":"https:\/\/api.w.org\/{rel}","templated":true}]}}