{"id":1254,"date":"2017-11-07T16:05:53","date_gmt":"2017-11-07T19:05:53","guid":{"rendered":"http:\/\/fedemba.org.ar\/web\/?p=1254"},"modified":"2017-11-07T16:08:23","modified_gmt":"2017-11-07T19:08:23","slug":"fedemba-presente-en-la-noche-de-los-museos","status":"publish","type":"post","link":"https:\/\/fedemba.org.ar\/web\/fedemba-presente-en-la-noche-de-los-museos\/","title":{"rendered":"FEDEMBA PRESENTE EN LA NOCHE DE LOS MUSEOS"},"content":{"rendered":"<p>La Federaci\u00f3n de Entidades Mutuales de Buenos Aires<strong> (FEDEMBA) particip\u00f3,<\/strong> junto a la Confederaci\u00f3n Nacional de Mutualidades de la Rep\u00fablica Argentina <strong>(CONAM)<\/strong>, <strong>en la 14\u00ba Edici\u00f3n de La Noche de los Museos<\/strong>, el pasado 4 de noviembre en la majestuosa sede del Centro Asturiano de Buenos Aires, en Sol\u00eds 475, atendiendo las dudas e inquietudes de los visitantes durante la noche.<\/p>\n<p><img decoding=\"async\" loading=\"lazy\" class=\"alignleft size-large wp-image-1269\" src=\"http:\/\/fedemba.org.ar\/web\/wp-content\/uploads\/2017\/11\/DSCN3185-0-1024x698.jpg\" alt=\"\" width=\"1024\" height=\"698\" srcset=\"https:\/\/fedemba.org.ar\/web\/wp-content\/uploads\/2017\/11\/DSCN3185-0-1024x698.jpg 1024w, https:\/\/fedemba.org.ar\/web\/wp-content\/uploads\/2017\/11\/DSCN3185-0-300x204.jpg 300w, https:\/\/fedemba.org.ar\/web\/wp-content\/uploads\/2017\/11\/DSCN3185-0-768x523.jpg 768w, https:\/\/fedemba.org.ar\/web\/wp-content\/uploads\/2017\/11\/DSCN3185-0.jpg 1955w\" sizes=\"(max-width: 1024px) 100vw, 1024px\" \/><\/p>\n<p>A trav\u00e9s de la gesti\u00f3n del Instituto Nacional de Asociativismo y Econom\u00eda Social <strong>(INAES), <\/strong>el mutualismo logr\u00f3 hacerse un espacio en uno de los 262 establecimientos participantes. En este sentido, estuvieron presentes el <strong>Presidente del INAES, Dr. Marcelo Collomb;<\/strong>\u00a0la Asesora T\u00e9cnico Contable del INAES,\u00a0<strong>Cont. Mar\u00eda del Huerto Di Loreto;<\/strong>\u00a0el\u00a0<strong>Sr. Joaqu\u00edn Olid<\/strong>, Oficial de Cumplimiento del INAES ante la UIF; el<strong> Presidente de FEDEMBA, Dr. Dar\u00edo Mart\u00ednez Corti<\/strong>, el\u00a0<strong>Vicepresidente de FEDEMBA, Sr. Alberto Salom;<\/strong>\u00a0y la Integrante del Consejo Consultivo<strong>, Sra. Sandra Rodr\u00edguez.<\/strong><\/p>\n<p><img decoding=\"async\" loading=\"lazy\" class=\"alignleft size-large wp-image-1258\" src=\"http:\/\/fedemba.org.ar\/web\/wp-content\/uploads\/2017\/11\/20171104_193710-2-1024x768.jpg\" alt=\"\" width=\"1024\" height=\"768\" srcset=\"https:\/\/fedemba.org.ar\/web\/wp-content\/uploads\/2017\/11\/20171104_193710-2-1024x768.jpg 1024w, https:\/\/fedemba.org.ar\/web\/wp-content\/uploads\/2017\/11\/20171104_193710-2-300x225.jpg 300w, https:\/\/fedemba.org.ar\/web\/wp-content\/uploads\/2017\/11\/20171104_193710-2-768x576.jpg 768w, https:\/\/fedemba.org.ar\/web\/wp-content\/uploads\/2017\/11\/20171104_193710-2.jpg 1032w\" sizes=\"(max-width: 1024px) 100vw, 1024px\" \/><\/p>\n<p>Durante este evento cultural y art\u00edstico hist\u00f3rico de la Ciudad de Buenos Aires, <strong>FEDEMBA estuvo acompa\u00f1ado por AMEPORT, FOCOMFA y la Asociaci\u00f3n Mutual de Protecci\u00f3n Familiar (AMPF)<\/strong>, mutuales adheridas a la Federaci\u00f3n. Asimismo, se repartieron diversos materiales y folletos de las entidades mencionadas y de la Asociaci\u00f3n Judicial Argentina<strong> (AJA)<\/strong>.<\/p>\n<p>En el Centro Asturiano<strong>\u00a0hubo actividades recreativas y shows musicales<\/strong>, donde participaron el Coro del Centro Asturiano y el Conjunto de Danzas\u00a0 y Banda de Gaitas Pelayo con m\u00fasica tradicional de Asturias. Adem\u00e1s,<strong>\u00a0el INAES present\u00f3 la muestra \u201cMutuales de los Tres Siglos\u201d<\/strong>, la cual reconoce a aquellas entidades mutualistas hist\u00f3ricas fundadas en el siglo XIX que a\u00fan contin\u00faan vigentes.<\/p>\n<p><img decoding=\"async\" loading=\"lazy\" class=\"alignleft size-large wp-image-1263\" src=\"http:\/\/fedemba.org.ar\/web\/wp-content\/uploads\/2017\/11\/20171105_002602-1024x614.jpg\" alt=\"\" width=\"1024\" height=\"614\" srcset=\"https:\/\/fedemba.org.ar\/web\/wp-content\/uploads\/2017\/11\/20171105_002602-1024x614.jpg 1024w, https:\/\/fedemba.org.ar\/web\/wp-content\/uploads\/2017\/11\/20171105_002602-300x180.jpg 300w, https:\/\/fedemba.org.ar\/web\/wp-content\/uploads\/2017\/11\/20171105_002602-768x460.jpg 768w\" sizes=\"(max-width: 1024px) 100vw, 1024px\" \/> <img decoding=\"async\" loading=\"lazy\" class=\"alignleft size-large wp-image-1266\" src=\"http:\/\/fedemba.org.ar\/web\/wp-content\/uploads\/2017\/11\/IMG-20171104-WA0073-1024x576.jpg\" alt=\"\" width=\"1024\" height=\"576\" srcset=\"https:\/\/fedemba.org.ar\/web\/wp-content\/uploads\/2017\/11\/IMG-20171104-WA0073-1024x576.jpg 1024w, https:\/\/fedemba.org.ar\/web\/wp-content\/uploads\/2017\/11\/IMG-20171104-WA0073-300x169.jpg 300w, https:\/\/fedemba.org.ar\/web\/wp-content\/uploads\/2017\/11\/IMG-20171104-WA0073-768x432.jpg 768w, https:\/\/fedemba.org.ar\/web\/wp-content\/uploads\/2017\/11\/IMG-20171104-WA0073.jpg 1280w\" sizes=\"(max-width: 1024px) 100vw, 1024px\" \/> <img decoding=\"async\" loading=\"lazy\" class=\"alignleft size-large wp-image-1267\" src=\"http:\/\/fedemba.org.ar\/web\/wp-content\/uploads\/2017\/11\/IMG-20171105-WA0011-576x1024.jpg\" alt=\"\" width=\"576\" height=\"1024\" srcset=\"https:\/\/fedemba.org.ar\/web\/wp-content\/uploads\/2017\/11\/IMG-20171105-WA0011-576x1024.jpg 576w, https:\/\/fedemba.org.ar\/web\/wp-content\/uploads\/2017\/11\/IMG-20171105-WA0011-169x300.jpg 169w, https:\/\/fedemba.org.ar\/web\/wp-content\/uploads\/2017\/11\/IMG-20171105-WA0011.jpg 581w\" sizes=\"(max-width: 576px) 100vw, 576px\" \/><\/p>\n<p>&nbsp;<\/p>\n<p><img decoding=\"async\" loading=\"lazy\" class=\"alignleft size-large wp-image-1264\" src=\"http:\/\/fedemba.org.ar\/web\/wp-content\/uploads\/2017\/11\/DSCN3185.jpg\" alt=\"\" width=\"1\" height=\"1\" \/><\/p>\n<div id=\"attachment_1261\" style=\"width: 712px\" class=\"wp-caption alignleft\"><img aria-describedby=\"caption-attachment-1261\" decoding=\"async\" loading=\"lazy\" class=\"wp-image-1261 size-full\" src=\"http:\/\/fedemba.org.ar\/web\/wp-content\/uploads\/2017\/11\/DSCN3182-1.jpg\" alt=\"\" width=\"702\" height=\"672\" srcset=\"https:\/\/fedemba.org.ar\/web\/wp-content\/uploads\/2017\/11\/DSCN3182-1.jpg 702w, https:\/\/fedemba.org.ar\/web\/wp-content\/uploads\/2017\/11\/DSCN3182-1-300x287.jpg 300w\" sizes=\"(max-width: 702px) 100vw, 702px\" \/><p id=\"caption-attachment-1261\" class=\"wp-caption-text\"><strong>El Presidente de la Asociaci\u00f3n Mutual \u00abEscarabajo\u00bb de ex Empleados de Volkswagen Argentina, Sr. Roberto Enrique Stier Moses, particip\u00f3 de La Noche de Los Museos.<\/strong><\/p><\/div>\n<p><img decoding=\"async\" loading=\"lazy\" class=\"alignleft size-large wp-image-1259\" src=\"http:\/\/fedemba.org.ar\/web\/wp-content\/uploads\/2017\/11\/20171104_194840-1024x768.jpg\" alt=\"\" width=\"1024\" height=\"768\" srcset=\"https:\/\/fedemba.org.ar\/web\/wp-content\/uploads\/2017\/11\/20171104_194840-1024x768.jpg 1024w, https:\/\/fedemba.org.ar\/web\/wp-content\/uploads\/2017\/11\/20171104_194840-300x225.jpg 300w, https:\/\/fedemba.org.ar\/web\/wp-content\/uploads\/2017\/11\/20171104_194840-768x576.jpg 768w\" sizes=\"(max-width: 1024px) 100vw, 1024px\" \/><\/p>\n<p>&nbsp;<\/p>\n<p>&nbsp;<\/p>\n","protected":false},"excerpt":{"rendered":"<p>La Federaci\u00f3n de Entidades Mutuales de Buenos Aires (FEDEMBA) particip\u00f3, junto a la Confederaci\u00f3n Nacional de Mutualidades de la Rep\u00fablica Argentina (CONAM), en la 14\u00ba Edici\u00f3n de La Noche de los Museos, el pasado 4 de noviembre en la majestuosa sede del Centro Asturiano de Buenos Aires, en Sol\u00eds 475, atendiendo las dudas e inquietudes de los visitantes durante la noche.<\/p>\n","protected":false},"author":1,"featured_media":1263,"comment_status":"closed","ping_status":"closed","sticky":false,"template":"","format":"standard","meta":[],"categories":[1],"tags":[25,30,56,28,151,150,9,7,12,6,11,8,149,51,148,10,152,70],"_links":{"self":[{"href":"https:\/\/fedemba.org.ar\/web\/wp-json\/wp\/v2\/posts\/1254"}],"collection":[{"href":"https:\/\/fedemba.org.ar\/web\/wp-json\/wp\/v2\/posts"}],"about":[{"href":"https:\/\/fedemba.org.ar\/web\/wp-json\/wp\/v2\/types\/post"}],"author":[{"embeddable":true,"href":"https:\/\/fedemba.org.ar\/web\/wp-json\/wp\/v2\/users\/1"}],"replies":[{"embeddable":true,"href":"https:\/\/fedemba.org.ar\/web\/wp-json\/wp\/v2\/comments?post=1254"}],"version-history":[{"count":3,"href":"https:\/\/fedemba.org.ar\/web\/wp-json\/wp\/v2\/posts\/1254\/revisions"}],"predecessor-version":[{"id":1271,"href":"https:\/\/fedemba.org.ar\/web\/wp-json\/wp\/v2\/posts\/1254\/revisions\/1271"}],"wp:featuredmedia":[{"embeddable":true,"href":"https:\/\/fedemba.org.ar\/web\/wp-json\/wp\/v2\/media\/1263"}],"wp:attachment":[{"href":"https:\/\/fedemba.org.ar\/web\/wp-json\/wp\/v2\/media?parent=1254"}],"wp:term":[{"taxonomy":"category","embeddable":true,"href":"https:\/\/fedemba.org.ar\/web\/wp-json\/wp\/v2\/categories?post=1254"},{"taxonomy":"post_tag","embeddable":true,"href":"https:\/\/fedemba.org.ar\/web\/wp-json\/wp\/v2\/tags?post=1254"}],"curies":[{"name":"wp","href":"https:\/\/api.w.org\/{rel}","templated":true}]}}