{"id":1272,"date":"2017-11-09T17:59:23","date_gmt":"2017-11-09T20:59:23","guid":{"rendered":"http:\/\/fedemba.org.ar\/web\/?p=1272"},"modified":"2017-11-09T17:59:23","modified_gmt":"2017-11-09T20:59:23","slug":"ampf-y-ameport-recibieron-a-catedraticos-de-la-universidad-de-versailles-de-francia","status":"publish","type":"post","link":"https:\/\/fedemba.org.ar\/web\/ampf-y-ameport-recibieron-a-catedraticos-de-la-universidad-de-versailles-de-francia\/","title":{"rendered":"AMPF Y AMEPORT RECIBIERON A CATEDR\u00c1TICOS DE LA UNIVERSIDAD DE VERSAILLES DE FRANCIA"},"content":{"rendered":"<p><strong>La Mutual AMEPORT y la Asociaci\u00f3n Mutual de Protecci\u00f3n Familiar (AMPF), entidades adheridas a FEDEMBA, recibieron la visita de catedr\u00e1ticos franceses<\/strong>, el pasado 31 de octubre en sus respectivas sedes, quienes arribaron al pa\u00eds para la firma de un convenio marco internacional con el Presidente del Instituto Nacional de Asociativismo y Econom\u00eda Social <strong>(INAES),<\/strong> Dr. Marcelo Collomb.<\/p>\n<p>En este sentido, <strong>el Responsable del Master en Gobernanza Mutualista de la Facultad de Derecho y Ciencias Pol\u00edticas de la Universidad de Versailles, Sr. Jean Luc Penot,<\/strong> junto con el Titular de la Secretaria de Registro Nacional de Cooperativas y Mutuales, <strong>Dr. Gabriel Monferato<\/strong>, y el Juez de C\u00e1mara en lo Contencioso Administrativo Federal, <strong>Dr. Pablo Gallegos Fedriani<\/strong>, fueron recibido en AMPF por el Presidente de la mutual, <strong>Sr. Alfredo Silgiano<\/strong>, integrantes de la Comisi\u00f3n Directiva y Gerentes Responsables de las diferentes \u00e1reas, quienes le transmitieron las diversas actividades que realiza la mutual en todo el pa\u00eds y su estructura organizacional para su funcionamiento.<\/p>\n<p><strong>Jean Luc Penot agradeci\u00f3 la amabilidad y la informaci\u00f3n proporcionada y se comprometi\u00f3 a afianzar en el futuro el v\u00ednculo entre su Universidad y AMPF.<\/strong><\/p>\n<p><img decoding=\"async\" loading=\"lazy\" class=\"alignleft size-full wp-image-1273\" src=\"http:\/\/fedemba.org.ar\/web\/wp-content\/uploads\/2017\/11\/IMG_0337a.jpg\" alt=\"\" width=\"632\" height=\"289\" srcset=\"https:\/\/fedemba.org.ar\/web\/wp-content\/uploads\/2017\/11\/IMG_0337a.jpg 632w, https:\/\/fedemba.org.ar\/web\/wp-content\/uploads\/2017\/11\/IMG_0337a-300x137.jpg 300w\" sizes=\"(max-width: 632px) 100vw, 632px\" \/><img decoding=\"async\" loading=\"lazy\" class=\"alignleft wp-image-1274\" src=\"http:\/\/fedemba.org.ar\/web\/wp-content\/uploads\/2017\/11\/IMG_0338.jpg\" alt=\"\" width=\"633\" height=\"406\" srcset=\"https:\/\/fedemba.org.ar\/web\/wp-content\/uploads\/2017\/11\/IMG_0338.jpg 800w, https:\/\/fedemba.org.ar\/web\/wp-content\/uploads\/2017\/11\/IMG_0338-300x192.jpg 300w, https:\/\/fedemba.org.ar\/web\/wp-content\/uploads\/2017\/11\/IMG_0338-768x492.jpg 768w\" sizes=\"(max-width: 633px) 100vw, 633px\" \/><\/p>\n<p>&nbsp;<\/p>\n<p>&nbsp;<\/p>\n<p>&nbsp;<\/p>\n<p>&nbsp;<\/p>\n<p>&nbsp;<\/p>\n<p>&nbsp;<\/p>\n<p>&nbsp;<\/p>\n<p>&nbsp;<\/p>\n<p>&nbsp;<\/p>\n<p>&nbsp;<\/p>\n<p>&nbsp;<\/p>\n<p>&nbsp;<\/p>\n<p>&nbsp;<\/p>\n<p>&nbsp;<\/p>\n<p>&nbsp;<\/p>\n<p>&nbsp;<\/p>\n<p>&nbsp;<\/p>\n<p>&nbsp;<\/p>\n<p>&nbsp;<\/p>\n<p>&nbsp;<\/p>\n<p>&nbsp;<\/p>\n<p>Durante ese mismo d\u00eda, <strong>el Profesor Jean Luc Penot concurri\u00f3 a la sede de AMEPORT<\/strong>, donde fue recibido por el <strong>Presidente de la entidad, Sr. Alberto Salom<\/strong>, quien le relat\u00f3 los detalles del nacimiento, desarrollo y crecimiento de la mutual a lo largo de sus 44 a\u00f1os de historia. Adem\u00e1s, el trabajo que se realiza d\u00eda a d\u00eda al brindar los servicios a los asociados, como as\u00ed tambi\u00e9n la labor de capacitaci\u00f3n de los j\u00f3venes que trabajan en AMEPORT, con el objetivo de formarlos para el futuro. Este \u00faltimo aspecto fue celebrado por Jean Luc Penot, ya que uno de los objetivos que tiene el Master, del cual \u00e9l es responsable, es formar nuevos dirigentes mutuales.<\/p>\n<p>Posteriormente, se realiz\u00f3 una reuni\u00f3n de la que participaron el Juez de C\u00e1mara en lo Contencioso Administrativo Federal, <strong>Dr. Pablo Gallegos Fedriani<\/strong>, el Secretario de Desarrollo y Promoci\u00f3n del INAES, <strong>Lic. Mario Uribe,<\/strong> el Titular de la Secretaria de Registro Nacional de Cooperativas y Mutuales, <strong>Dr. Gabriel Monferato<\/strong>, la Coordinadora General de AMEPORT, <strong>Sra. M\u00f3nica Mourelle<\/strong>, el Coordinador de Relaciones Institucionales, S<strong>r. Diego Salom<\/strong>, el Coordinador Administrativo y Financiero de la Mutual, <strong>Sr. Mart\u00edn Grazioli<\/strong> y el Vocal Titular 4\u00ba, <strong>Sr. Jorge Bahl<\/strong>.<\/p>\n<p><img decoding=\"async\" loading=\"lazy\" class=\"size-large wp-image-1277\" src=\"http:\/\/fedemba.org.ar\/web\/wp-content\/uploads\/2017\/11\/1017443-1024x637.jpg\" alt=\"\" width=\"1024\" height=\"637\" srcset=\"https:\/\/fedemba.org.ar\/web\/wp-content\/uploads\/2017\/11\/1017443-1024x637.jpg 1024w, https:\/\/fedemba.org.ar\/web\/wp-content\/uploads\/2017\/11\/1017443-300x187.jpg 300w, https:\/\/fedemba.org.ar\/web\/wp-content\/uploads\/2017\/11\/1017443-768x478.jpg 768w, https:\/\/fedemba.org.ar\/web\/wp-content\/uploads\/2017\/11\/1017443.jpg 1200w\" sizes=\"(max-width: 1024px) 100vw, 1024px\" \/><\/p>\n<p><img decoding=\"async\" loading=\"lazy\" class=\"size-large wp-image-1276\" src=\"http:\/\/fedemba.org.ar\/web\/wp-content\/uploads\/2017\/11\/1017437-1024x604.jpg\" alt=\"\" width=\"1024\" height=\"604\" srcset=\"https:\/\/fedemba.org.ar\/web\/wp-content\/uploads\/2017\/11\/1017437-1024x604.jpg 1024w, https:\/\/fedemba.org.ar\/web\/wp-content\/uploads\/2017\/11\/1017437-300x177.jpg 300w, https:\/\/fedemba.org.ar\/web\/wp-content\/uploads\/2017\/11\/1017437-768x453.jpg 768w, https:\/\/fedemba.org.ar\/web\/wp-content\/uploads\/2017\/11\/1017437.jpg 1200w\" sizes=\"(max-width: 1024px) 100vw, 1024px\" \/><\/p>\n<p><img decoding=\"async\" loading=\"lazy\" class=\"size-large wp-image-1278\" src=\"http:\/\/fedemba.org.ar\/web\/wp-content\/uploads\/2017\/11\/1017479-1024x951.jpg\" alt=\"\" width=\"1024\" height=\"951\" srcset=\"https:\/\/fedemba.org.ar\/web\/wp-content\/uploads\/2017\/11\/1017479-1024x951.jpg 1024w, https:\/\/fedemba.org.ar\/web\/wp-content\/uploads\/2017\/11\/1017479-300x279.jpg 300w, https:\/\/fedemba.org.ar\/web\/wp-content\/uploads\/2017\/11\/1017479-768x714.jpg 768w, https:\/\/fedemba.org.ar\/web\/wp-content\/uploads\/2017\/11\/1017479.jpg 1200w\" sizes=\"(max-width: 1024px) 100vw, 1024px\" \/><\/p>\n<p><img decoding=\"async\" loading=\"lazy\" class=\"size-large wp-image-1275\" src=\"http:\/\/fedemba.org.ar\/web\/wp-content\/uploads\/2017\/11\/1017468-1024x494.jpg\" alt=\"\" width=\"1024\" height=\"494\" srcset=\"https:\/\/fedemba.org.ar\/web\/wp-content\/uploads\/2017\/11\/1017468-1024x494.jpg 1024w, https:\/\/fedemba.org.ar\/web\/wp-content\/uploads\/2017\/11\/1017468-300x145.jpg 300w, https:\/\/fedemba.org.ar\/web\/wp-content\/uploads\/2017\/11\/1017468-768x371.jpg 768w, https:\/\/fedemba.org.ar\/web\/wp-content\/uploads\/2017\/11\/1017468.jpg 1200w\" sizes=\"(max-width: 1024px) 100vw, 1024px\" \/><\/p>\n<p>&nbsp;<\/p>\n<p>&nbsp;<\/p>\n","protected":false},"excerpt":{"rendered":"<p>La Mutual AMEPORT y la Asociaci\u00f3n Mutual de Protecci\u00f3n Familiar (AMPF), entidades adheridas a FEDEMBA, recibieron la visita de catedr\u00e1ticos franceses, el pasado 31 de octubre en sus respectivas sedes, quienes arribaron al pa\u00eds para la firma de un convenio marco internacional con el Presidente del Instituto Nacional de Asociativismo y Econom\u00eda Social (INAES), Dr. Marcelo Collomb.<\/p>\n","protected":false},"author":1,"featured_media":1282,"comment_status":"closed","ping_status":"closed","sticky":false,"template":"","format":"standard","meta":[],"categories":[1],"tags":[25,37,30,56,156,12,6,158,8,153,155,51,136,80,157,10,159,154],"_links":{"self":[{"href":"https:\/\/fedemba.org.ar\/web\/wp-json\/wp\/v2\/posts\/1272"}],"collection":[{"href":"https:\/\/fedemba.org.ar\/web\/wp-json\/wp\/v2\/posts"}],"about":[{"href":"https:\/\/fedemba.org.ar\/web\/wp-json\/wp\/v2\/types\/post"}],"author":[{"embeddable":true,"href":"https:\/\/fedemba.org.ar\/web\/wp-json\/wp\/v2\/users\/1"}],"replies":[{"embeddable":true,"href":"https:\/\/fedemba.org.ar\/web\/wp-json\/wp\/v2\/comments?post=1272"}],"version-history":[{"count":7,"href":"https:\/\/fedemba.org.ar\/web\/wp-json\/wp\/v2\/posts\/1272\/revisions"}],"predecessor-version":[{"id":1296,"href":"https:\/\/fedemba.org.ar\/web\/wp-json\/wp\/v2\/posts\/1272\/revisions\/1296"}],"wp:featuredmedia":[{"embeddable":true,"href":"https:\/\/fedemba.org.ar\/web\/wp-json\/wp\/v2\/media\/1282"}],"wp:attachment":[{"href":"https:\/\/fedemba.org.ar\/web\/wp-json\/wp\/v2\/media?parent=1272"}],"wp:term":[{"taxonomy":"category","embeddable":true,"href":"https:\/\/fedemba.org.ar\/web\/wp-json\/wp\/v2\/categories?post=1272"},{"taxonomy":"post_tag","embeddable":true,"href":"https:\/\/fedemba.org.ar\/web\/wp-json\/wp\/v2\/tags?post=1272"}],"curies":[{"name":"wp","href":"https:\/\/api.w.org\/{rel}","templated":true}]}}