{"id":1297,"date":"2017-11-15T16:29:44","date_gmt":"2017-11-15T19:29:44","guid":{"rendered":"http:\/\/fedemba.org.ar\/web\/?p=1297"},"modified":"2017-11-15T16:29:44","modified_gmt":"2017-11-15T19:29:44","slug":"ameport-y-el-ymca-realizaron-la-primera-carrera-mutualista-con-mas-de-mil-personas","status":"publish","type":"post","link":"https:\/\/fedemba.org.ar\/web\/ameport-y-el-ymca-realizaron-la-primera-carrera-mutualista-con-mas-de-mil-personas\/","title":{"rendered":"AMEPORT Y EL YMCA REALIZARON LA PRIMERA CARRERA MUTUALISTA CON M\u00c1S DE MIL PERSONAS"},"content":{"rendered":"<p><strong>La Mutual AMEPORT, entidad adherida a FEDEMBA, realiz\u00f3 con \u00e9xito la Primera Carrera mutualista en conjunto con la Asociaci\u00f3n Cristiana de J\u00f3venes (YMCA,\u00a0<\/strong>por sus siglas en Ingl\u00e9s), el pasado 12 de noviembre en el Paseo de la Costa de Vicente L\u00f3pez, en el marco del 115\u00ba Aniversario del YMCA.<\/p>\n<p><strong>Con la participaci\u00f3n de m\u00e1s de 1.000 atletas<\/strong>, la carrera se realiz\u00f3 bajo un clima soleado y cont\u00f3 con dos modalidades: 4K recreativa y 10K competitiva. Adem\u00e1s se entregaron diversos premios y se sorte\u00f3 una bicicleta de monta\u00f1a entre todos los inscriptos presentes.<\/p>\n<p><img decoding=\"async\" loading=\"lazy\" class=\"alignleft size-full wp-image-1298\" src=\"http:\/\/fedemba.org.ar\/web\/wp-content\/uploads\/2017\/11\/thumbnail_Carrera-YMCA-AMEPORT-9.jpg\" alt=\"\" width=\"500\" height=\"300\" srcset=\"https:\/\/fedemba.org.ar\/web\/wp-content\/uploads\/2017\/11\/thumbnail_Carrera-YMCA-AMEPORT-9.jpg 500w, https:\/\/fedemba.org.ar\/web\/wp-content\/uploads\/2017\/11\/thumbnail_Carrera-YMCA-AMEPORT-9-300x180.jpg 300w\" sizes=\"(max-width: 500px) 100vw, 500px\" \/><\/p>\n<p>&nbsp;<\/p>\n<p><img decoding=\"async\" loading=\"lazy\" class=\"alignleft size-full wp-image-1303\" src=\"http:\/\/fedemba.org.ar\/web\/wp-content\/uploads\/2017\/11\/thumbnail_Carrera-YMCA-AMEPORT-7.jpg\" alt=\"\" width=\"1000\" height=\"600\" srcset=\"https:\/\/fedemba.org.ar\/web\/wp-content\/uploads\/2017\/11\/thumbnail_Carrera-YMCA-AMEPORT-7.jpg 1000w, https:\/\/fedemba.org.ar\/web\/wp-content\/uploads\/2017\/11\/thumbnail_Carrera-YMCA-AMEPORT-7-300x180.jpg 300w, https:\/\/fedemba.org.ar\/web\/wp-content\/uploads\/2017\/11\/thumbnail_Carrera-YMCA-AMEPORT-7-768x461.jpg 768w\" sizes=\"(max-width: 1000px) 100vw, 1000px\" \/><\/p>\n<p>&nbsp;<\/p>\n<p>&nbsp;<\/p>\n<p>&nbsp;<\/p>\n<p>&nbsp;<\/p>\n<p>&nbsp;<\/p>\n<p>&nbsp;<\/p>\n<p>&nbsp;<\/p>\n<p>&nbsp;<\/p>\n<p>&nbsp;<\/p>\n<p>En este sentido, los ganadores del certamen competitivo fueron: <strong>en Primer Lugar <\/strong><strong>Ariel Carrasco<\/strong> (tiempo de carrera: 42m 18s); <strong>en segundo lugar Alexis Soria<\/strong> (tiempo de carrera: 42m 57s) <strong>y completando el podio Pablo Bucello<\/strong> (tiempo de carrera: 43m 50s). Mientras que, <strong>entre las mujeres, la ganadora fue Victoria Frade<\/strong> (tiempo de carrera: 47m 32s), <strong>segunda finaliz\u00f3 Mar\u00eda Agustina Albarenque<\/strong> (tiempo de carrera: 53m) y en <strong>tercera colocaci\u00f3n Luciana Mago<\/strong> (tiempo de carrera: 53m 27s).<\/p>\n<p><img decoding=\"async\" loading=\"lazy\" class=\"alignleft size-full wp-image-1299\" src=\"http:\/\/fedemba.org.ar\/web\/wp-content\/uploads\/2017\/11\/thumbnail_Carrera-YMCA-AMEPORT-5.jpg\" alt=\"\" width=\"1000\" height=\"600\" srcset=\"https:\/\/fedemba.org.ar\/web\/wp-content\/uploads\/2017\/11\/thumbnail_Carrera-YMCA-AMEPORT-5.jpg 1000w, https:\/\/fedemba.org.ar\/web\/wp-content\/uploads\/2017\/11\/thumbnail_Carrera-YMCA-AMEPORT-5-300x180.jpg 300w, https:\/\/fedemba.org.ar\/web\/wp-content\/uploads\/2017\/11\/thumbnail_Carrera-YMCA-AMEPORT-5-768x461.jpg 768w\" sizes=\"(max-width: 1000px) 100vw, 1000px\" \/><\/p>\n<p><strong>Esta actividad, enmarcada dentro del servicio de Recreaci\u00f3n y Deporte que brinda<\/strong> <strong>AMEPORT,<\/strong> fue un gran incentivo para la promoci\u00f3n de la actividad f\u00edsica al aire libre y la posibilidad de visualizar el trabajo que realizan ambas instituciones en mejorar la calidad de vida de sus asociados.<\/p>\n<p><img decoding=\"async\" loading=\"lazy\" class=\"alignleft size-full wp-image-1301\" src=\"http:\/\/fedemba.org.ar\/web\/wp-content\/uploads\/2017\/11\/thumbnail_Carrera-YMCA-AMEPORT-6.jpg\" alt=\"\" width=\"1000\" height=\"600\" srcset=\"https:\/\/fedemba.org.ar\/web\/wp-content\/uploads\/2017\/11\/thumbnail_Carrera-YMCA-AMEPORT-6.jpg 1000w, https:\/\/fedemba.org.ar\/web\/wp-content\/uploads\/2017\/11\/thumbnail_Carrera-YMCA-AMEPORT-6-300x180.jpg 300w, https:\/\/fedemba.org.ar\/web\/wp-content\/uploads\/2017\/11\/thumbnail_Carrera-YMCA-AMEPORT-6-768x461.jpg 768w\" sizes=\"(max-width: 1000px) 100vw, 1000px\" \/><\/p>\n<p><img decoding=\"async\" loading=\"lazy\" class=\"alignleft size-full wp-image-1300\" src=\"http:\/\/fedemba.org.ar\/web\/wp-content\/uploads\/2017\/11\/thumbnail_Carrera-YMCA-AMEPORT-2.jpg\" alt=\"\" width=\"1000\" height=\"600\" srcset=\"https:\/\/fedemba.org.ar\/web\/wp-content\/uploads\/2017\/11\/thumbnail_Carrera-YMCA-AMEPORT-2.jpg 1000w, https:\/\/fedemba.org.ar\/web\/wp-content\/uploads\/2017\/11\/thumbnail_Carrera-YMCA-AMEPORT-2-300x180.jpg 300w, https:\/\/fedemba.org.ar\/web\/wp-content\/uploads\/2017\/11\/thumbnail_Carrera-YMCA-AMEPORT-2-768x461.jpg 768w\" sizes=\"(max-width: 1000px) 100vw, 1000px\" \/><\/p>\n<p>&nbsp;<\/p>\n<p>&nbsp;<\/p>\n","protected":false},"excerpt":{"rendered":"<p>La Mutual AMEPORT, entidad adherida a FEDEMBA, realiz\u00f3 con \u00e9xito la Primera Carrera mutualista en conjunto con la Asociaci\u00f3n Cristiana de J\u00f3venes (YMCA,\u00a0por sus siglas en Ingl\u00e9s), el pasado 12 de noviembre en el Paseo de la Costa de Vicente L\u00f3pez, en el marco del 115\u00ba Aniversario del YMCA.<\/p>\n","protected":false},"author":1,"featured_media":1302,"comment_status":"closed","ping_status":"closed","sticky":false,"template":"","format":"standard","meta":[],"categories":[1],"tags":[30,12,6,10,160],"_links":{"self":[{"href":"https:\/\/fedemba.org.ar\/web\/wp-json\/wp\/v2\/posts\/1297"}],"collection":[{"href":"https:\/\/fedemba.org.ar\/web\/wp-json\/wp\/v2\/posts"}],"about":[{"href":"https:\/\/fedemba.org.ar\/web\/wp-json\/wp\/v2\/types\/post"}],"author":[{"embeddable":true,"href":"https:\/\/fedemba.org.ar\/web\/wp-json\/wp\/v2\/users\/1"}],"replies":[{"embeddable":true,"href":"https:\/\/fedemba.org.ar\/web\/wp-json\/wp\/v2\/comments?post=1297"}],"version-history":[{"count":4,"href":"https:\/\/fedemba.org.ar\/web\/wp-json\/wp\/v2\/posts\/1297\/revisions"}],"predecessor-version":[{"id":1308,"href":"https:\/\/fedemba.org.ar\/web\/wp-json\/wp\/v2\/posts\/1297\/revisions\/1308"}],"wp:featuredmedia":[{"embeddable":true,"href":"https:\/\/fedemba.org.ar\/web\/wp-json\/wp\/v2\/media\/1302"}],"wp:attachment":[{"href":"https:\/\/fedemba.org.ar\/web\/wp-json\/wp\/v2\/media?parent=1297"}],"wp:term":[{"taxonomy":"category","embeddable":true,"href":"https:\/\/fedemba.org.ar\/web\/wp-json\/wp\/v2\/categories?post=1297"},{"taxonomy":"post_tag","embeddable":true,"href":"https:\/\/fedemba.org.ar\/web\/wp-json\/wp\/v2\/tags?post=1297"}],"curies":[{"name":"wp","href":"https:\/\/api.w.org\/{rel}","templated":true}]}}