{"id":1309,"date":"2017-11-16T14:01:55","date_gmt":"2017-11-16T17:01:55","guid":{"rendered":"http:\/\/fedemba.org.ar\/web\/?p=1309"},"modified":"2017-11-16T14:01:55","modified_gmt":"2017-11-16T17:01:55","slug":"posicion-de-fedemba-y-conam-ante-el-anteproyecto-de-ley-que-impulsa-el-poder-ejecutivo-nacional-tendiente-a-la-eliminacion-de-las-exenciones-impositivas-del-sector","status":"publish","type":"post","link":"https:\/\/fedemba.org.ar\/web\/posicion-de-fedemba-y-conam-ante-el-anteproyecto-de-ley-que-impulsa-el-poder-ejecutivo-nacional-tendiente-a-la-eliminacion-de-las-exenciones-impositivas-del-sector\/","title":{"rendered":"POSICI\u00d3N DE FEDEMBA Y CONAM ANTE EL ANTEPROYECTO DE LEY QUE IMPULSA EL PODER EJECUTIVO NACIONAL, TENDIENTE A LA ELIMINACI\u00d3N DE LAS EXENCIONES IMPOSITIVAS DEL SECTOR"},"content":{"rendered":"<p>Desde la Federaci\u00f3n de Entidades Mutuales de Buenos Aires (FEDEMBA) y la Confederaci\u00f3n Nacional de Mutualidades de la Rep\u00fablica Argentina (CONAM) queremos expresar que estamos trabajando activamente\u00a0para que se excluya a las mutuales del anteproyecto de ley que impulsa el Poder Ejecutivo Nacional, tendiente a la eliminaci\u00f3n de las exenciones impositivas del sector.<\/p>\n<p>Esta Federaci\u00f3n participa activamente en la elaboraci\u00f3n de las pol\u00edticas y acciones que lleva adelante la CONFEDERACI\u00d3N NACIONAL DE MUTUALIDADES DE LA REP\u00daBLICA ARGENTINA (CONAM), siendo adem\u00e1s fundadora de la misma, trabajando en conjunto con la premisa de construir un mutualismo genuino y en defensa de las mutuales asociadas.<\/p>\n<p>El proyecto pone en contradicci\u00f3n el derecho de las mutuales, las cuales son sin fines lucrativos, de participar en un mercado en plano de equidad con sociedades comerciales que s\u00ed brindan sus servicios con prop\u00f3sitos de ganancia.<\/p>\n<p>Estas reformas que plantea el anteproyecto alarmaron a la mutualidad argentina, la cual cuenta con casi cinco mil entidades en todo el pa\u00eds. Queremos poner en conocimiento del sector nuestro apoyo a la identidad de las mutuales, por lo cual solicitamos a las autoridades del Poder Ejecutivo Nacional, Legisladores y fuerzas vivas a que profundicen el di\u00e1logo y lograr una soluci\u00f3n mancomunada.<\/p>\n<p>En el marco de una serie de negociaciones que viene realizando, la Confederaci\u00f3n Nacional de Mutualidades de la Rep\u00fablica Argentina\u00a0(CONAM) expuso ante la Comisi\u00f3n de Asuntos Cooperativos, Mutuales y Organizaciones no Gubernamentales del Congreso de la Naci\u00f3n,\u00a0ayer 15 de noviembre. En dicho encuentro, donde estuvieron la\u00a0Presidenta de CONAM y Secretaria de Promoci\u00f3n y Relaciones Institucionales de FEDEMBA, Dra. Rosa B. Rodr\u00edguez; el Secretario de CONAM y de FEDEMBA, Sr. Hugo H. Bozzini; el Vocal Suplente 4\u00ba de CONAM y Asesor Jur\u00eddico de FEDEMBA, Dr. Roberto De Cicco; el Secretario de Actas de FEDEMBA, Sr. Mart\u00edn Grazioli;\u00a0y el Director de la C\u00e1tedra Libre de Econom\u00eda Social de la Universidad Nacional de La Plata, Dr. Carlos Gaskin; se manifest\u00f3 la preocupaci\u00f3n de toda la mutualidad por esta iniciativa no consensuada que obvi\u00f3 al sector de la econom\u00eda solidaria. En este sentido, se propusieron una reconsideraci\u00f3n de varios puntos del anteproyecto.<\/p>\n<p><img decoding=\"async\" loading=\"lazy\" class=\"alignleft size-large wp-image-1310\" src=\"http:\/\/fedemba.org.ar\/web\/wp-content\/uploads\/2017\/11\/IMG-20171115-WA0006-1024x768.jpg\" alt=\"\" width=\"1024\" height=\"768\" srcset=\"https:\/\/fedemba.org.ar\/web\/wp-content\/uploads\/2017\/11\/IMG-20171115-WA0006-1024x768.jpg 1024w, https:\/\/fedemba.org.ar\/web\/wp-content\/uploads\/2017\/11\/IMG-20171115-WA0006-300x225.jpg 300w, https:\/\/fedemba.org.ar\/web\/wp-content\/uploads\/2017\/11\/IMG-20171115-WA0006-768x576.jpg 768w, https:\/\/fedemba.org.ar\/web\/wp-content\/uploads\/2017\/11\/IMG-20171115-WA0006.jpg 1280w\" sizes=\"(max-width: 1024px) 100vw, 1024px\" \/><\/p>\n<p>\u201cDe prosperar el anteproyecto podr\u00edan cercenar los servicios de las mutuales e incluso algunas cerrar sus puertas\u201d, expres\u00f3 la Dra. Rosa B. Rodr\u00edguez, Presidenta de CONAM. Adem\u00e1s, enfatiz\u00f3 que la mayor\u00eda de los beneficiarios de las ayudas econ\u00f3micas en las mutuales constituyen un grupo que dif\u00edcilmente puedan acceder a cr\u00e9ditos a trav\u00e9s de entidades financieras tradicionales, por lo que quedar\u00edan sujetos a perder la posibilidad que les brindan las mutuales.<\/p>\n<p>Los legisladores escucharon atentamente y se\u00f1alaron su predisposici\u00f3n a tener en cuenta estas modificaciones antes del traslado definitorio a la C\u00e1mara de Diputados para su votaci\u00f3n.<\/p>\n<p>Manifestamos nuestra preocupaci\u00f3n por esta iniciativa y continuaremos trabajando para lograr una soluci\u00f3n en defensa de todo el sector de la econom\u00eda solidaria. Instamos a las mutuales a que est\u00e9n atentas a cualquier novedad o a convocatorias que se les formulen.<\/p>\n<p><strong>CONSEJO DIRECTIVO \u2013 FEDERACI\u00d3N DE ENTIDADES MUTUALES DE BUENOS AIRES (FEDEMBA)<\/strong><\/p>\n","protected":false},"excerpt":{"rendered":"<p>Desde la Federaci\u00f3n de Entidades Mutuales de Buenos Aires (FEDEMBA) y la Confederaci\u00f3n Nacional de Mutualidades de la Rep\u00fablica Argentina (CONAM) queremos expresar que estamos trabajando activamente\u00a0para que se excluya a las mutuales del anteproyecto de ley que impulsa el Poder Ejecutivo Nacional, tendiente a la eliminaci\u00f3n de las exenciones impositivas del sector. Esta Federaci\u00f3n [&hellip;]<\/p>\n","protected":false},"author":1,"featured_media":1064,"comment_status":"closed","ping_status":"closed","sticky":false,"template":"","format":"standard","meta":[],"categories":[1],"tags":[161,9,138,12,6,17,80,10,57,14],"_links":{"self":[{"href":"https:\/\/fedemba.org.ar\/web\/wp-json\/wp\/v2\/posts\/1309"}],"collection":[{"href":"https:\/\/fedemba.org.ar\/web\/wp-json\/wp\/v2\/posts"}],"about":[{"href":"https:\/\/fedemba.org.ar\/web\/wp-json\/wp\/v2\/types\/post"}],"author":[{"embeddable":true,"href":"https:\/\/fedemba.org.ar\/web\/wp-json\/wp\/v2\/users\/1"}],"replies":[{"embeddable":true,"href":"https:\/\/fedemba.org.ar\/web\/wp-json\/wp\/v2\/comments?post=1309"}],"version-history":[{"count":1,"href":"https:\/\/fedemba.org.ar\/web\/wp-json\/wp\/v2\/posts\/1309\/revisions"}],"predecessor-version":[{"id":1311,"href":"https:\/\/fedemba.org.ar\/web\/wp-json\/wp\/v2\/posts\/1309\/revisions\/1311"}],"wp:featuredmedia":[{"embeddable":true,"href":"https:\/\/fedemba.org.ar\/web\/wp-json\/wp\/v2\/media\/1064"}],"wp:attachment":[{"href":"https:\/\/fedemba.org.ar\/web\/wp-json\/wp\/v2\/media?parent=1309"}],"wp:term":[{"taxonomy":"category","embeddable":true,"href":"https:\/\/fedemba.org.ar\/web\/wp-json\/wp\/v2\/categories?post=1309"},{"taxonomy":"post_tag","embeddable":true,"href":"https:\/\/fedemba.org.ar\/web\/wp-json\/wp\/v2\/tags?post=1309"}],"curies":[{"name":"wp","href":"https:\/\/api.w.org\/{rel}","templated":true}]}}