{"id":1312,"date":"2017-11-25T12:48:02","date_gmt":"2017-11-25T15:48:02","guid":{"rendered":"http:\/\/fedemba.org.ar\/web\/?p=1312"},"modified":"2017-11-25T12:48:02","modified_gmt":"2017-11-25T15:48:02","slug":"fedemba-asistio-a-la-cena-conmemorativa-de-la-asociacion-judicial-argentina","status":"publish","type":"post","link":"https:\/\/fedemba.org.ar\/web\/fedemba-asistio-a-la-cena-conmemorativa-de-la-asociacion-judicial-argentina\/","title":{"rendered":"FEDEMBA ASISTI\u00d3 A LA CENA CONMEMORATIVA DE LA ASOCIACI\u00d3N JUDICIAL ARGENTINA"},"content":{"rendered":"<p>El Presidente de la Federaci\u00f3n de Entidades Mutuales de Buenos Aires (FEDEMBA), <strong>Dr. Dar\u00edo Mart\u00ednez Corti, el Secretario, Sr. Hugo H. Bozzini, y la Secretaria de Promoci\u00f3n y Relaciones Institucionales, Dra. Rosa B. Rodr\u00edguez, asistieron a la cena conmemorativa de reconocimiento a los asociados de la Asociaci\u00f3n Judicial Argentina (AJA)<\/strong>, enmarcada dentro de los festejos por el 47\u00ba aniversario de la entidad, el pasado 17 de noviembre, en el C\u00edrculo de Oficiales de Mar, situado en Sarmiento 1867 Capital Federal.<\/p>\n<p><strong>La ceremonia se inici\u00f3 con las palabras del Presidente de la mutual, quien adem\u00e1s es Vocal Suplente 2\u00ba de FEDEMBA, Dr. Lucas Fern\u00e1ndez Moores,<\/strong>\u00a0quien agradeci\u00f3 la vasta concurrencia y record\u00f3 con emocionantes palabras los inicios de la mutual. La misma fue fundada en 1970 de la mano de un grupo de entusiastas que con permiso de la Corte Suprema decidieron crear un espacio para el beneficio de todos los judiciales.<\/p>\n<p><img decoding=\"async\" loading=\"lazy\" class=\"alignleft size-large wp-image-1313\" src=\"http:\/\/fedemba.org.ar\/web\/wp-content\/uploads\/2017\/11\/IMG-20171121-WA0006-1024x768.jpg\" alt=\"\" width=\"1024\" height=\"768\" srcset=\"https:\/\/fedemba.org.ar\/web\/wp-content\/uploads\/2017\/11\/IMG-20171121-WA0006-1024x768.jpg 1024w, https:\/\/fedemba.org.ar\/web\/wp-content\/uploads\/2017\/11\/IMG-20171121-WA0006-300x225.jpg 300w, https:\/\/fedemba.org.ar\/web\/wp-content\/uploads\/2017\/11\/IMG-20171121-WA0006-768x576.jpg 768w, https:\/\/fedemba.org.ar\/web\/wp-content\/uploads\/2017\/11\/IMG-20171121-WA0006.jpg 1280w\" sizes=\"(max-width: 1024px) 100vw, 1024px\" \/><\/p>\n<p>&nbsp;<\/p>\n<p>Durante la cena se reconocieron a aquellas personas que cumplieron 20 a\u00f1os en el poder judicial y 15 como asociados de la mutual. En este sentido, se les entreg\u00f3 una medalla, un diploma y un reloj de obsequio con el logo de los judiciales.<\/p>\n<p>Por otra parte, <strong>la Dra. Rosa B. Rodr\u00edguez felicit\u00f3 a la instituci\u00f3n por un nuevo aniversario resaltando la tarea encomiable que vienen realizando desde hace a\u00f1os.<\/strong><\/p>\n<p><img decoding=\"async\" loading=\"lazy\" class=\"alignleft size-large wp-image-1314\" src=\"http:\/\/fedemba.org.ar\/web\/wp-content\/uploads\/2017\/11\/IMG-20171121-WA0007-768x1024.jpg\" alt=\"\" width=\"768\" height=\"1024\" srcset=\"https:\/\/fedemba.org.ar\/web\/wp-content\/uploads\/2017\/11\/IMG-20171121-WA0007-768x1024.jpg 768w, https:\/\/fedemba.org.ar\/web\/wp-content\/uploads\/2017\/11\/IMG-20171121-WA0007-225x300.jpg 225w, https:\/\/fedemba.org.ar\/web\/wp-content\/uploads\/2017\/11\/IMG-20171121-WA0007.jpg 960w\" sizes=\"(max-width: 768px) 100vw, 768px\" \/><\/p>\n","protected":false},"excerpt":{"rendered":"<p>El Presidente de la Federaci\u00f3n de Entidades Mutuales de Buenos Aires (FEDEMBA), Dr. Dar\u00edo Mart\u00ednez Corti, el Secretario, Sr. Hugo H. Bozzini, y la Secretaria de Promoci\u00f3n y Relaciones Institucionales, Dra. Rosa B. Rodr\u00edguez, asistieron a la cena conmemorativa de reconocimiento a los asociados de la Asociaci\u00f3n Judicial Argentina (AJA), enmarcada dentro de los festejos [&hellip;]<\/p>\n","protected":false},"author":1,"featured_media":0,"comment_status":"closed","ping_status":"closed","sticky":false,"template":"","format":"standard","meta":[],"categories":[1],"tags":[28,7,12,6,17,139,14],"_links":{"self":[{"href":"https:\/\/fedemba.org.ar\/web\/wp-json\/wp\/v2\/posts\/1312"}],"collection":[{"href":"https:\/\/fedemba.org.ar\/web\/wp-json\/wp\/v2\/posts"}],"about":[{"href":"https:\/\/fedemba.org.ar\/web\/wp-json\/wp\/v2\/types\/post"}],"author":[{"embeddable":true,"href":"https:\/\/fedemba.org.ar\/web\/wp-json\/wp\/v2\/users\/1"}],"replies":[{"embeddable":true,"href":"https:\/\/fedemba.org.ar\/web\/wp-json\/wp\/v2\/comments?post=1312"}],"version-history":[{"count":4,"href":"https:\/\/fedemba.org.ar\/web\/wp-json\/wp\/v2\/posts\/1312\/revisions"}],"predecessor-version":[{"id":1320,"href":"https:\/\/fedemba.org.ar\/web\/wp-json\/wp\/v2\/posts\/1312\/revisions\/1320"}],"wp:attachment":[{"href":"https:\/\/fedemba.org.ar\/web\/wp-json\/wp\/v2\/media?parent=1312"}],"wp:term":[{"taxonomy":"category","embeddable":true,"href":"https:\/\/fedemba.org.ar\/web\/wp-json\/wp\/v2\/categories?post=1312"},{"taxonomy":"post_tag","embeddable":true,"href":"https:\/\/fedemba.org.ar\/web\/wp-json\/wp\/v2\/tags?post=1312"}],"curies":[{"name":"wp","href":"https:\/\/api.w.org\/{rel}","templated":true}]}}