{"id":1409,"date":"2018-03-14T15:06:27","date_gmt":"2018-03-14T18:06:27","guid":{"rendered":"http:\/\/fedemba.org.ar\/web\/?p=1409"},"modified":"2018-03-14T17:25:36","modified_gmt":"2018-03-14T20:25:36","slug":"fedemba-presente-en-el-seminario-vision-y-futuro-de-la-administracion-mutualista-organizado-por-el-inaes","status":"publish","type":"post","link":"https:\/\/fedemba.org.ar\/web\/fedemba-presente-en-el-seminario-vision-y-futuro-de-la-administracion-mutualista-organizado-por-el-inaes\/","title":{"rendered":"FEDEMBA PRESENTE EN EL SEMINARIO \u201cVISI\u00d3N Y FUTURO DE LA ADMINISTRACI\u00d3N MUTUALISTA\u201d ORGANIZADO POR EL INAES"},"content":{"rendered":"<p>La Federaci\u00f3n de Entidades Mutuales de Buenos Aires <strong>(FEDEMBA) particip\u00f3 en el Seminario \u201cVisi\u00f3n y Futuro de la Administraci\u00f3n Mutualista\u201d,<\/strong> organizado por el Instituto Nacional de Asociativismo y Econom\u00eda Social (INAES), el pasado 8 y 9 de marzo en la sede del Instituto.<\/p>\n<p><strong>El Seminario cont\u00f3 con la participaci\u00f3n del Presidente del INAES, Dr. Marcelo Collomb<\/strong>, de Presidentes y Representantes de las dos Confederaciones mutualistas y de Federaciones mutualistas de todo el pa\u00eds, entre los que se encontraban el Tesorero de <strong>FEDEMBA, Lic. Guillermo Palacios<\/strong>; la Secretaria de Promoci\u00f3n y Relaciones Institucionales,<strong> Dra. Rosa B. Rodr\u00edguez,<\/strong> la Integrante del Consejo Consultivo Titular <strong>Lic. Sandra Rodr\u00edguez<\/strong>; y otros directivos de mutuales adheridas a la Federaci\u00f3n.<\/p>\n<p><strong>Durante el Seminario se present\u00f3 el sistema de Tr\u00e1mites a Distancia de la Actualizaci\u00f3n Nacional de Datos (TAD),<\/strong> <strong>el cual ser\u00e1 obligatorio para todas las entidades de la econom\u00eda social<\/strong>.\u00a0 El mismo tendr\u00e1 como objetivo agilizar los tr\u00e1mites y modernizar el Estado, mediante la posibilidad de realizar las gestiones ante la Administraci\u00f3n P\u00fablica de manera virtual desde una computadora o un tel\u00e9fono celular.<\/p>\n<p><img decoding=\"async\" loading=\"lazy\" class=\"alignleft size-large wp-image-1412\" src=\"http:\/\/fedemba.org.ar\/web\/wp-content\/uploads\/2018\/03\/20180308_162933-1-1024x768.jpg\" alt=\"\" width=\"1024\" height=\"768\" srcset=\"https:\/\/fedemba.org.ar\/web\/wp-content\/uploads\/2018\/03\/20180308_162933-1-1024x768.jpg 1024w, https:\/\/fedemba.org.ar\/web\/wp-content\/uploads\/2018\/03\/20180308_162933-1-300x225.jpg 300w, https:\/\/fedemba.org.ar\/web\/wp-content\/uploads\/2018\/03\/20180308_162933-1-768x576.jpg 768w, https:\/\/fedemba.org.ar\/web\/wp-content\/uploads\/2018\/03\/20180308_162933-1.jpg 1032w\" sizes=\"(max-width: 1024px) 100vw, 1024px\" \/><\/p>\n<p><img decoding=\"async\" loading=\"lazy\" class=\"alignleft size-full wp-image-1410\" src=\"http:\/\/fedemba.org.ar\/web\/wp-content\/uploads\/2018\/03\/20180308_095330.jpg\" alt=\"\" width=\"928\" height=\"601\" srcset=\"https:\/\/fedemba.org.ar\/web\/wp-content\/uploads\/2018\/03\/20180308_095330.jpg 928w, https:\/\/fedemba.org.ar\/web\/wp-content\/uploads\/2018\/03\/20180308_095330-300x194.jpg 300w, https:\/\/fedemba.org.ar\/web\/wp-content\/uploads\/2018\/03\/20180308_095330-768x497.jpg 768w\" sizes=\"(max-width: 928px) 100vw, 928px\" \/><\/p>\n<p>Asimismo, <strong>el evento cont\u00f3 con la exposici\u00f3n del Coordinador del Master en gobernanza mutualista de la Universidad de Versailles, Sr. Jean Luc Penot<\/strong>, quien describi\u00f3 el sistema mutual en su pa\u00eds, donde destac\u00f3 el financiamiento y crecimiento a lo largo de los a\u00f1os. Dicho aumento fue posible gracias a la \u201cfusi\u00f3n de las mutuales\u201d y la toma de conciencia de \u201clas demandas de los asociados\u201d.<\/p>\n<p>A su vez, el Catedr\u00e1tico franc\u00e9s enumer\u00f3 diversos par\u00e1metros claves para un Consejo de Administraci\u00f3n de una mutual en pos de conseguir el fortalecimiento de su entidad, dentro de los cuales resalt\u00f3 la \u201cinteligencia emocional\u201d.<\/p>\n<p><strong>El Seminario cont\u00f3 con la participaci\u00f3n del Subsecretario de Econom\u00eda Popular de la Secretaria de Econom\u00eda Social del Ministerio de Desarrollo Social de la Naci\u00f3n, Sr. Nicol\u00e1s Meyer,<\/strong> quien present\u00f3 un plan integral de servicios de cuidado destinado a la creaci\u00f3n de 100 mutuales o cooperativas.<\/p>\n<p>Para finalizar, <strong>el Presidente del INAES agradeci\u00f3 la presencia de todos y coment\u00f3 que continua con el arduo trabajo de fortalecer al sector de la econom\u00eda social.<\/strong> Adem\u00e1s, se entregaron certificados a los asistentes y hubo un catering donde los directivos compartieron un grato momento en conjunto.<\/p>\n<p><img decoding=\"async\" loading=\"lazy\" class=\"alignleft size-full wp-image-1413\" src=\"http:\/\/fedemba.org.ar\/web\/wp-content\/uploads\/2018\/03\/28950967_1747528651973988_6034333484679244539_n.jpg\" alt=\"\" width=\"960\" height=\"408\" srcset=\"https:\/\/fedemba.org.ar\/web\/wp-content\/uploads\/2018\/03\/28950967_1747528651973988_6034333484679244539_n.jpg 960w, https:\/\/fedemba.org.ar\/web\/wp-content\/uploads\/2018\/03\/28950967_1747528651973988_6034333484679244539_n-300x128.jpg 300w, https:\/\/fedemba.org.ar\/web\/wp-content\/uploads\/2018\/03\/28950967_1747528651973988_6034333484679244539_n-768x326.jpg 768w\" sizes=\"(max-width: 960px) 100vw, 960px\" \/><\/p>\n<p>&nbsp;<\/p>\n<h3><span style=\"color: #993366;\"><strong>\u00bfC\u00d3MO HACER LA ACTUALIZACI\u00d3N DE DATOS?<\/strong><\/span><\/h3>\n<p>L<strong>es compartimos el video instructivo que subi\u00f3 el INAES para saber, paso a paso, c\u00f3mo realizar los tr\u00e1mites.<\/strong><\/p>\n<p><iframe loading=\"lazy\" src=\"https:\/\/www.youtube.com\/embed\/Uri_ItRY1Mw\" width=\"500\" height=\"315\" frameborder=\"0\" allowfullscreen=\"allowfullscreen\"><\/iframe><\/p>\n<p>El TAD tendr\u00e1 como objetivo agilizar los tr\u00e1mites y modernizar el Estado, mediante la posibilidad de realizar las gestiones ante la Administraci\u00f3n P\u00fablica de manera virtual desde una computadora o un tel\u00e9fono celular.<\/p>\n<p><img decoding=\"async\" loading=\"lazy\" class=\"alignleft size-large wp-image-1415\" src=\"http:\/\/fedemba.org.ar\/web\/wp-content\/uploads\/2018\/03\/Scan-1-1024x622.jpg\" alt=\"\" width=\"1024\" height=\"622\" srcset=\"https:\/\/fedemba.org.ar\/web\/wp-content\/uploads\/2018\/03\/Scan-1-1024x622.jpg 1024w, https:\/\/fedemba.org.ar\/web\/wp-content\/uploads\/2018\/03\/Scan-1-300x182.jpg 300w, https:\/\/fedemba.org.ar\/web\/wp-content\/uploads\/2018\/03\/Scan-1-768x466.jpg 768w, https:\/\/fedemba.org.ar\/web\/wp-content\/uploads\/2018\/03\/Scan-1.jpg 1400w\" sizes=\"(max-width: 1024px) 100vw, 1024px\" \/><\/p>\n","protected":false},"excerpt":{"rendered":"<p>La Federaci\u00f3n de Entidades Mutuales de Buenos Aires (FEDEMBA) particip\u00f3 en el Seminario \u201cVisi\u00f3n y Futuro de la Administraci\u00f3n Mutualista\u201d, organizado por el Instituto Nacional de Asociativismo y Econom\u00eda Social (INAES), el pasado 8 y 9 de marzo en la sede del Instituto. El Seminario cont\u00f3 con la participaci\u00f3n del Presidente del INAES, Dr. Marcelo [&hellip;]<\/p>\n","protected":false},"author":1,"featured_media":1413,"comment_status":"closed","ping_status":"closed","sticky":false,"template":"","format":"standard","meta":[],"categories":[1],"tags":[9,12,6,20,8,153,51,10,178,14,70,179,154],"_links":{"self":[{"href":"https:\/\/fedemba.org.ar\/web\/wp-json\/wp\/v2\/posts\/1409"}],"collection":[{"href":"https:\/\/fedemba.org.ar\/web\/wp-json\/wp\/v2\/posts"}],"about":[{"href":"https:\/\/fedemba.org.ar\/web\/wp-json\/wp\/v2\/types\/post"}],"author":[{"embeddable":true,"href":"https:\/\/fedemba.org.ar\/web\/wp-json\/wp\/v2\/users\/1"}],"replies":[{"embeddable":true,"href":"https:\/\/fedemba.org.ar\/web\/wp-json\/wp\/v2\/comments?post=1409"}],"version-history":[{"count":2,"href":"https:\/\/fedemba.org.ar\/web\/wp-json\/wp\/v2\/posts\/1409\/revisions"}],"predecessor-version":[{"id":1441,"href":"https:\/\/fedemba.org.ar\/web\/wp-json\/wp\/v2\/posts\/1409\/revisions\/1441"}],"wp:featuredmedia":[{"embeddable":true,"href":"https:\/\/fedemba.org.ar\/web\/wp-json\/wp\/v2\/media\/1413"}],"wp:attachment":[{"href":"https:\/\/fedemba.org.ar\/web\/wp-json\/wp\/v2\/media?parent=1409"}],"wp:term":[{"taxonomy":"category","embeddable":true,"href":"https:\/\/fedemba.org.ar\/web\/wp-json\/wp\/v2\/categories?post=1409"},{"taxonomy":"post_tag","embeddable":true,"href":"https:\/\/fedemba.org.ar\/web\/wp-json\/wp\/v2\/tags?post=1409"}],"curies":[{"name":"wp","href":"https:\/\/api.w.org\/{rel}","templated":true}]}}