{"id":1452,"date":"2018-03-20T17:34:25","date_gmt":"2018-03-20T20:34:25","guid":{"rendered":"http:\/\/fedemba.org.ar\/web\/?p=1452"},"modified":"2018-03-23T14:07:06","modified_gmt":"2018-03-23T17:07:06","slug":"enterate-como-tenes-que-hacer-para-presentar-la-actualizacion-de-datos-en-el-inaes","status":"publish","type":"post","link":"https:\/\/fedemba.org.ar\/web\/enterate-como-tenes-que-hacer-para-presentar-la-actualizacion-de-datos-en-el-inaes\/","title":{"rendered":"ENTERATE C\u00d3MO TEN\u00c9S QUE HACER PARA PRESENTAR LA ACTUALIZACI\u00d3N DE DATOS EN EL INAES"},"content":{"rendered":"<p>El Instituto Nacional de Asociativismo y Econom\u00eda Social\u00a0<strong>(INAES) <\/strong><strong>present\u00f3<\/strong>\u00a0el pasado 8 de marzo, durante el Seminario\u00a0<strong>\u201c<\/strong>Visi\u00f3n y Futuro de la Administraci\u00f3n Mutualista\u201d,<strong>\u00a0la Actualizaci\u00f3n Nacional de Datos<\/strong><strong>,\u00a0<\/strong><strong>el cual ser\u00e1 obligatorio para todas las entidades de la econom\u00eda social.<\/strong><\/p>\n<p>Por eso,\u00a0<strong>les compartimos el video instructivo que subi\u00f3 el INAES para saber, paso a paso, c\u00f3mo realizar el tr\u00e1mite.<\/strong><\/p>\n<p><iframe loading=\"lazy\" src=\"https:\/\/www.youtube.com\/embed\/0Hbx9bZwbto\" width=\"500\" height=\"315\" frameborder=\"0\" allowfullscreen=\"allowfullscreen\"><\/iframe><\/p>\n<p><img decoding=\"async\" loading=\"lazy\" class=\"alignleft size-large wp-image-1454\" src=\"http:\/\/fedemba.org.ar\/web\/wp-content\/uploads\/2018\/03\/Sin-t\u00edtulo-1-1024x695.png\" alt=\"\" width=\"1024\" height=\"695\" srcset=\"https:\/\/fedemba.org.ar\/web\/wp-content\/uploads\/2018\/03\/Sin-t\u00edtulo-1-1024x695.png 1024w, https:\/\/fedemba.org.ar\/web\/wp-content\/uploads\/2018\/03\/Sin-t\u00edtulo-1-300x204.png 300w, https:\/\/fedemba.org.ar\/web\/wp-content\/uploads\/2018\/03\/Sin-t\u00edtulo-1-768x521.png 768w, https:\/\/fedemba.org.ar\/web\/wp-content\/uploads\/2018\/03\/Sin-t\u00edtulo-1.png 1288w\" sizes=\"(max-width: 1024px) 100vw, 1024px\" \/><\/p>\n","protected":false},"excerpt":{"rendered":"<p>El Instituto Nacional de Asociativismo y Econom\u00eda Social\u00a0(INAES) present\u00f3\u00a0el pasado 8 de marzo, durante el Seminario\u00a0\u201cVisi\u00f3n y Futuro de la Administraci\u00f3n Mutualista\u201d,\u00a0la Actualizaci\u00f3n Nacional de Datos,\u00a0el cual ser\u00e1 obligatorio para todas las entidades de la econom\u00eda social. Por eso,\u00a0les compartimos el video instructivo que subi\u00f3 el INAES para saber, paso a paso, c\u00f3mo realizar el [&hellip;]<\/p>\n","protected":false},"author":1,"featured_media":1453,"comment_status":"closed","ping_status":"closed","sticky":false,"template":"","format":"standard","meta":[],"categories":[1],"tags":[12,6,8,10,179],"_links":{"self":[{"href":"https:\/\/fedemba.org.ar\/web\/wp-json\/wp\/v2\/posts\/1452"}],"collection":[{"href":"https:\/\/fedemba.org.ar\/web\/wp-json\/wp\/v2\/posts"}],"about":[{"href":"https:\/\/fedemba.org.ar\/web\/wp-json\/wp\/v2\/types\/post"}],"author":[{"embeddable":true,"href":"https:\/\/fedemba.org.ar\/web\/wp-json\/wp\/v2\/users\/1"}],"replies":[{"embeddable":true,"href":"https:\/\/fedemba.org.ar\/web\/wp-json\/wp\/v2\/comments?post=1452"}],"version-history":[{"count":3,"href":"https:\/\/fedemba.org.ar\/web\/wp-json\/wp\/v2\/posts\/1452\/revisions"}],"predecessor-version":[{"id":1472,"href":"https:\/\/fedemba.org.ar\/web\/wp-json\/wp\/v2\/posts\/1452\/revisions\/1472"}],"wp:featuredmedia":[{"embeddable":true,"href":"https:\/\/fedemba.org.ar\/web\/wp-json\/wp\/v2\/media\/1453"}],"wp:attachment":[{"href":"https:\/\/fedemba.org.ar\/web\/wp-json\/wp\/v2\/media?parent=1452"}],"wp:term":[{"taxonomy":"category","embeddable":true,"href":"https:\/\/fedemba.org.ar\/web\/wp-json\/wp\/v2\/categories?post=1452"},{"taxonomy":"post_tag","embeddable":true,"href":"https:\/\/fedemba.org.ar\/web\/wp-json\/wp\/v2\/tags?post=1452"}],"curies":[{"name":"wp","href":"https:\/\/api.w.org\/{rel}","templated":true}]}}