{"id":1513,"date":"2018-04-25T14:48:37","date_gmt":"2018-04-25T17:48:37","guid":{"rendered":"http:\/\/fedemba.org.ar\/web\/?p=1513"},"modified":"2018-04-25T14:48:57","modified_gmt":"2018-04-25T17:48:57","slug":"fedemba-participo-en-la-asamblea-de-conam-2","status":"publish","type":"post","link":"https:\/\/fedemba.org.ar\/web\/fedemba-participo-en-la-asamblea-de-conam-2\/","title":{"rendered":"FEDEMBA PARTICIP\u00d3 EN LA ASAMBLEA DE CONAM"},"content":{"rendered":"<p>Como todos los a\u00f1os y siendo fundadora de la misma, la Federaci\u00f3n de Entidades Mutuales de Buenos Aires (FEDEMBA) particip\u00f3 en la Asamblea General Ordinaria de la Confederaci\u00f3n Nacional de Mutualidades de la Rep\u00fablica Argentina (CONAM), desarrollada el pasado 20 de abril en la Escuela de Pasteler\u00eda Profesional de la Asociaci\u00f3n Mutual 12 de Enero Trabajadores Pasteleros, Confiteros, Pizzeros, Heladeros, Alfajoreros y Servicios R\u00e1pidos.<\/p>\n<p><img decoding=\"async\" loading=\"lazy\" class=\"alignleft size-large wp-image-1519\" src=\"http:\/\/fedemba.org.ar\/web\/wp-content\/uploads\/2018\/04\/DSCN3440-0-1024x768.jpg\" alt=\"\" width=\"1024\" height=\"768\" srcset=\"https:\/\/fedemba.org.ar\/web\/wp-content\/uploads\/2018\/04\/DSCN3440-0-1024x768.jpg 1024w, https:\/\/fedemba.org.ar\/web\/wp-content\/uploads\/2018\/04\/DSCN3440-0-300x225.jpg 300w, https:\/\/fedemba.org.ar\/web\/wp-content\/uploads\/2018\/04\/DSCN3440-0-768x576.jpg 768w, https:\/\/fedemba.org.ar\/web\/wp-content\/uploads\/2018\/04\/DSCN3440-0.jpg 1600w\" sizes=\"(max-width: 1024px) 100vw, 1024px\" \/> <img decoding=\"async\" loading=\"lazy\" class=\"alignleft size-large wp-image-1515\" src=\"http:\/\/fedemba.org.ar\/web\/wp-content\/uploads\/2018\/04\/DSCN3414-0-1024x768.jpg\" alt=\"\" width=\"1024\" height=\"768\" srcset=\"https:\/\/fedemba.org.ar\/web\/wp-content\/uploads\/2018\/04\/DSCN3414-0-1024x768.jpg 1024w, https:\/\/fedemba.org.ar\/web\/wp-content\/uploads\/2018\/04\/DSCN3414-0-300x225.jpg 300w, https:\/\/fedemba.org.ar\/web\/wp-content\/uploads\/2018\/04\/DSCN3414-0-768x576.jpg 768w, https:\/\/fedemba.org.ar\/web\/wp-content\/uploads\/2018\/04\/DSCN3414-0.jpg 1600w\" sizes=\"(max-width: 1024px) 100vw, 1024px\" \/><\/p>\n<p>&nbsp;<\/p>\n<p>La Asamblea cont\u00f3 con un gran n\u00famero de asistentes, entre los que se encontraban el Secretario de Registro Nacional de Cooperativas y Mutuales del Instituto Nacional de Asociativismo y Econom\u00eda Social (INAES), Sr. Gabriel\u00a0Monferato; el Presidente de la Asociaci\u00f3n Mutual \u201c12 de Enero\u201d, Sr. Luis\u00a0Hlebowicz; el Presidente de la Organizaci\u00f3n de Entidades Mutuales de las Am\u00e9ricas (ODEMA), Sr. Alfredo Sigliano; el Director de la C\u00e1tedra Libre de Econom\u00eda Social en la Universidad de La Plata (UNLP) y Presidente de la Federaci\u00f3n de Mutuales Regional La Plata (FMRLP), Dr. Carlos Gaskin; el Presidente del Colegio de Graduados en Cooperativismo y Mutualismo de la Rep\u00fablica Argentina (CGCyM), Sr. Juan Pubill; y la Directora Acad\u00e9mica de la Diplomatura de G\u00e9nero del Instituto Nacional de Derecho Aeron\u00e1utico y Espacial (INDAE), Dra. Elizabeth Mar\u00eda\u00a0Sotelo.<\/p>\n<p>FEDEMBA particip\u00f3 a trav\u00e9s de 5 delegados designados y tambi\u00e9n asistieron otros directivos de las entidades de primer grado que forman parte de la Federaci\u00f3n. Tras entonar las estrofas del Himno Nacional Argentino, la Presidenta Dra. Rosa B. Rodr\u00edguez agradeci\u00f3 la presencia de todos los directivos y el desempe\u00f1o que realiza cada uno desde su lugar para el engrandecimiento del sector. Asimismo, se proyect\u00f3 un video del Presidente Alfredo Siglianodel INAES, DR. Marcelo Collomb, en el que se disculp\u00f3 por no poder asistir y remarc\u00f3 la importancia de continuar trabajando en conjunto, como as\u00ed tambi\u00e9n de la realizaci\u00f3n de la Actualizaci\u00f3n de Datos a trav\u00e9s de Tr\u00e1mites a Distancia (TAD). Acto seguido, se proyect\u00f3 otro video que ilustr\u00f3 todos las actividades y las gestiones desarrolladas por CONAM durante el 2017, expresadas en la Memoria.<\/p>\n<p><img decoding=\"async\" loading=\"lazy\" class=\"alignleft size-large wp-image-1514\" src=\"http:\/\/fedemba.org.ar\/web\/wp-content\/uploads\/2018\/04\/DSCN3410-0-1024x768.jpg\" alt=\"\" width=\"1024\" height=\"768\" srcset=\"https:\/\/fedemba.org.ar\/web\/wp-content\/uploads\/2018\/04\/DSCN3410-0-1024x768.jpg 1024w, https:\/\/fedemba.org.ar\/web\/wp-content\/uploads\/2018\/04\/DSCN3410-0-300x225.jpg 300w, https:\/\/fedemba.org.ar\/web\/wp-content\/uploads\/2018\/04\/DSCN3410-0-768x576.jpg 768w, https:\/\/fedemba.org.ar\/web\/wp-content\/uploads\/2018\/04\/DSCN3410-0.jpg 1600w\" sizes=\"(max-width: 1024px) 100vw, 1024px\" \/> <img decoding=\"async\" loading=\"lazy\" class=\"alignleft size-large wp-image-1518\" src=\"http:\/\/fedemba.org.ar\/web\/wp-content\/uploads\/2018\/04\/DSCN3429-0-1024x768.jpg\" alt=\"\" width=\"1024\" height=\"768\" srcset=\"https:\/\/fedemba.org.ar\/web\/wp-content\/uploads\/2018\/04\/DSCN3429-0-1024x768.jpg 1024w, https:\/\/fedemba.org.ar\/web\/wp-content\/uploads\/2018\/04\/DSCN3429-0-300x225.jpg 300w, https:\/\/fedemba.org.ar\/web\/wp-content\/uploads\/2018\/04\/DSCN3429-0-768x576.jpg 768w, https:\/\/fedemba.org.ar\/web\/wp-content\/uploads\/2018\/04\/DSCN3429-0.jpg 1600w\" sizes=\"(max-width: 1024px) 100vw, 1024px\" \/> <img decoding=\"async\" loading=\"lazy\" class=\"alignleft size-large wp-image-1517\" src=\"http:\/\/fedemba.org.ar\/web\/wp-content\/uploads\/2018\/04\/DSCN3427-0-1024x768.jpg\" alt=\"\" width=\"1024\" height=\"768\" srcset=\"https:\/\/fedemba.org.ar\/web\/wp-content\/uploads\/2018\/04\/DSCN3427-0-1024x768.jpg 1024w, https:\/\/fedemba.org.ar\/web\/wp-content\/uploads\/2018\/04\/DSCN3427-0-300x225.jpg 300w, https:\/\/fedemba.org.ar\/web\/wp-content\/uploads\/2018\/04\/DSCN3427-0-768x576.jpg 768w, https:\/\/fedemba.org.ar\/web\/wp-content\/uploads\/2018\/04\/DSCN3427-0.jpg 1600w\" sizes=\"(max-width: 1024px) 100vw, 1024px\" \/><\/p>\n<p>&nbsp;<\/p>\n<p>Posteriormente, el Tesorero Lic. Guillermo Palacios detall\u00f3 los aspectos fundamentales del Balance General, el cual fue seguido por los presentes mediante copias que se entregaron con anterioridad. Tras las aprobaciones de Memoria, Balance General, Cuadros Anexos, Cuenta de Gastos y Recursos, Informe de la Junta Fiscalizadora y del Auditor Externo del Ejercicio cerrado al 31 de Diciembre de 2017, el Secretario Sr. Hugo H. Bozzini procedi\u00f3 a dar lectura del Informe de los convenios suscriptos con el INAES.<\/p>\n<p>&nbsp;<\/p>\n<p>Al finalizar la Asamblea, el Dr. Luis Valladares emocion\u00f3 a los presentes poniendo fin a su carrera laboral como Director del peri\u00f3dico Mundo Mutual, el cual continuar\u00e1 en manos del Colegio de Graduados en Cooperativismo y Mutualismo de la Rep\u00fablica Argentina (CGCyM), con la colaboraci\u00f3n permanente de la Directora de Promoci\u00f3n, Dra. Estrella Asquineyer. Tambi\u00e9n se encontraban Claudio Chab y Sandra Boro, ambos del conocido Foro Inform\u00e1tico, como as\u00ed tambi\u00e9n la Sra. Noem\u00ed Gladys Gorriz, Directora de Mutualismo Hoy, quien vuelve nuevamente a la 44\u00ba Feria Internacional del Libro de Buenos Aires, del 26 de abril al 14 de mayo, y tanto FEDEMBA como CONAM la acompa\u00f1ar\u00e1n como todos los a\u00f1os.<\/p>\n<p>Finalmente, todos los presentes compartieron una Cena en conmemoraci\u00f3n del 26\u00ba Aniversario de CONAM, que se cumpli\u00f3 ayer martes 24 de abril.<\/p>\n<p><img decoding=\"async\" loading=\"lazy\" class=\"alignleft size-large wp-image-1520\" src=\"http:\/\/fedemba.org.ar\/web\/wp-content\/uploads\/2018\/04\/DSCN3446-0-1024x768.jpg\" alt=\"\" width=\"1024\" height=\"768\" srcset=\"https:\/\/fedemba.org.ar\/web\/wp-content\/uploads\/2018\/04\/DSCN3446-0-1024x768.jpg 1024w, https:\/\/fedemba.org.ar\/web\/wp-content\/uploads\/2018\/04\/DSCN3446-0-300x225.jpg 300w, https:\/\/fedemba.org.ar\/web\/wp-content\/uploads\/2018\/04\/DSCN3446-0-768x576.jpg 768w, https:\/\/fedemba.org.ar\/web\/wp-content\/uploads\/2018\/04\/DSCN3446-0.jpg 1600w\" sizes=\"(max-width: 1024px) 100vw, 1024px\" \/><\/p>\n","protected":false},"excerpt":{"rendered":"<p>Como todos los a\u00f1os y siendo fundadora de la misma, la Federaci\u00f3n de Entidades Mutuales de Buenos Aires (FEDEMBA) particip\u00f3 en la Asamblea General Ordinaria de la Confederaci\u00f3n Nacional de Mutualidades de la Rep\u00fablica Argentina (CONAM), desarrollada el pasado 20 de abril en la Escuela de Pasteler\u00eda Profesional de la Asociaci\u00f3n Mutual 12 de Enero [&hellip;]<\/p>\n","protected":false},"author":1,"featured_media":1519,"comment_status":"closed","ping_status":"closed","sticky":false,"template":"","format":"standard","meta":[],"categories":[1],"tags":[37,19,18,9,7,12,6,158,8,195,10,13,14],"_links":{"self":[{"href":"https:\/\/fedemba.org.ar\/web\/wp-json\/wp\/v2\/posts\/1513"}],"collection":[{"href":"https:\/\/fedemba.org.ar\/web\/wp-json\/wp\/v2\/posts"}],"about":[{"href":"https:\/\/fedemba.org.ar\/web\/wp-json\/wp\/v2\/types\/post"}],"author":[{"embeddable":true,"href":"https:\/\/fedemba.org.ar\/web\/wp-json\/wp\/v2\/users\/1"}],"replies":[{"embeddable":true,"href":"https:\/\/fedemba.org.ar\/web\/wp-json\/wp\/v2\/comments?post=1513"}],"version-history":[{"count":2,"href":"https:\/\/fedemba.org.ar\/web\/wp-json\/wp\/v2\/posts\/1513\/revisions"}],"predecessor-version":[{"id":1524,"href":"https:\/\/fedemba.org.ar\/web\/wp-json\/wp\/v2\/posts\/1513\/revisions\/1524"}],"wp:featuredmedia":[{"embeddable":true,"href":"https:\/\/fedemba.org.ar\/web\/wp-json\/wp\/v2\/media\/1519"}],"wp:attachment":[{"href":"https:\/\/fedemba.org.ar\/web\/wp-json\/wp\/v2\/media?parent=1513"}],"wp:term":[{"taxonomy":"category","embeddable":true,"href":"https:\/\/fedemba.org.ar\/web\/wp-json\/wp\/v2\/categories?post=1513"},{"taxonomy":"post_tag","embeddable":true,"href":"https:\/\/fedemba.org.ar\/web\/wp-json\/wp\/v2\/tags?post=1513"}],"curies":[{"name":"wp","href":"https:\/\/api.w.org\/{rel}","templated":true}]}}