{"id":1526,"date":"2018-05-08T11:38:34","date_gmt":"2018-05-08T14:38:34","guid":{"rendered":"http:\/\/fedemba.org.ar\/web\/?p=1526"},"modified":"2018-05-18T15:44:23","modified_gmt":"2018-05-18T18:44:23","slug":"fedemba-participo-del-ix-foro-intercontinental-de-mutualismo-organizado-por-odema","status":"publish","type":"post","link":"https:\/\/fedemba.org.ar\/web\/fedemba-participo-del-ix-foro-intercontinental-de-mutualismo-organizado-por-odema\/","title":{"rendered":"FEDEMBA PARTICIP\u00d3 DEL IX FORO INTERCONTINENTAL DE MUTUALISMO ORGANIZADO POR ODEMA"},"content":{"rendered":"<p><strong>La Federaci\u00f3n de Entidades Mutuales de Buenos Aires (FEDEMBA) particip\u00f3 activamente en el IX Foro Intercontinental de Mutualismo<\/strong>,<strong> bajo la consigna \u201cEl mutualismo como agente facilitador para el logro de los Objetivos de Desarrollo Sostenible\u201d, desarrollado el 25 y 26 de abril en la Sede de la Universidad Cat\u00f3lica Argentina (UCA)<\/strong>, en Capital Federal. Dicho acontecimiento reuni\u00f3 a dirigentes mutualistas autoridades destacadas de m\u00e1s de 20 pa\u00edses de todo el mundo.<\/p>\n<p>En representaci\u00f3n de<strong> FEDEMBA<\/strong>\u00a0participaron su Presidente<strong>\u00a0Dr. Dar\u00edo Mart\u00ednez Corti;<\/strong>\u00a0el Vicepresidente, Sr. <strong>Alberto Salom<\/strong>; el Secretario, Sr. <strong>Hugo Bozzini<\/strong>; el Tesorero, <strong>Lic. Guillermo Palacios<\/strong>; el Secretario de Actas, <strong>Sr. Mart\u00edn Grazioli<\/strong>; la Secretaria de Promoci\u00f3n y Relaciones Institucionales, <strong>Dra. Rosa B. Rodr\u00edguez<\/strong>; el Secretario de Prensa, <strong>Sr. Manuel Balea Reino<\/strong>;\u00a0el Vocal Titular 3\u00ba, Sr. <strong>Osvaldo Arscone<\/strong>; la integrante de la Junta Fiscalizadora <strong>Lic. Clara Avalos;<\/strong> la Integrante del Consejo Consultivo, <strong>Lic. Sandra Rodr\u00edguez.<\/strong><\/p>\n<p>El evento cumbre del mutualismo en Argentina se inici\u00f3 con las palabras del Presidente de <strong>ODEMA<\/strong>, Sr. <strong>Alfredo Sigliano<\/strong>, quien resalt\u00f3 la \u201cimportancia de los Objetivos de Desarrollo Sostenible como visi\u00f3n para el 2030\u201d. Adem\u00e1s agradeci\u00f3 la gran convocatoria y destac\u00f3 el espacio de intercambio de ideas enriquecedoras para la econom\u00eda social y solidaria que se da en el foro.<\/p>\n<p><img decoding=\"async\" loading=\"lazy\" class=\"alignleft size-large wp-image-1534\" src=\"http:\/\/fedemba.org.ar\/web\/wp-content\/uploads\/2018\/05\/DSCN3482-0-1024x768.jpg\" alt=\"\" width=\"1024\" height=\"768\" srcset=\"https:\/\/fedemba.org.ar\/web\/wp-content\/uploads\/2018\/05\/DSCN3482-0-1024x768.jpg 1024w, https:\/\/fedemba.org.ar\/web\/wp-content\/uploads\/2018\/05\/DSCN3482-0-300x225.jpg 300w, https:\/\/fedemba.org.ar\/web\/wp-content\/uploads\/2018\/05\/DSCN3482-0-768x576.jpg 768w, https:\/\/fedemba.org.ar\/web\/wp-content\/uploads\/2018\/05\/DSCN3482-0.jpg 1600w\" sizes=\"(max-width: 1024px) 100vw, 1024px\" \/> <img decoding=\"async\" loading=\"lazy\" class=\"alignleft size-large wp-image-1535\" src=\"http:\/\/fedemba.org.ar\/web\/wp-content\/uploads\/2018\/05\/DSCN3498-0-1024x677.jpg\" alt=\"\" width=\"1024\" height=\"677\" srcset=\"https:\/\/fedemba.org.ar\/web\/wp-content\/uploads\/2018\/05\/DSCN3498-0-1024x677.jpg 1024w, https:\/\/fedemba.org.ar\/web\/wp-content\/uploads\/2018\/05\/DSCN3498-0-300x198.jpg 300w, https:\/\/fedemba.org.ar\/web\/wp-content\/uploads\/2018\/05\/DSCN3498-0-768x508.jpg 768w, https:\/\/fedemba.org.ar\/web\/wp-content\/uploads\/2018\/05\/DSCN3498-0.jpg 1600w\" sizes=\"(max-width: 1024px) 100vw, 1024px\" \/> <img decoding=\"async\" loading=\"lazy\" class=\"alignleft size-large wp-image-1536\" src=\"http:\/\/fedemba.org.ar\/web\/wp-content\/uploads\/2018\/05\/DSCN3500-0-1024x733.jpg\" alt=\"\" width=\"1024\" height=\"733\" srcset=\"https:\/\/fedemba.org.ar\/web\/wp-content\/uploads\/2018\/05\/DSCN3500-0-1024x733.jpg 1024w, https:\/\/fedemba.org.ar\/web\/wp-content\/uploads\/2018\/05\/DSCN3500-0-300x215.jpg 300w, https:\/\/fedemba.org.ar\/web\/wp-content\/uploads\/2018\/05\/DSCN3500-0-768x550.jpg 768w, https:\/\/fedemba.org.ar\/web\/wp-content\/uploads\/2018\/05\/DSCN3500-0.jpg 1600w\" sizes=\"(max-width: 1024px) 100vw, 1024px\" \/> \u00a0Asimismo, lo acompa\u00f1aron en la mesa de apertura, el Ministro de la Direcci\u00f3n General de Organismos Internacionales perteneciente al Ministerio de Relaciones Exteriores y Culto de la Rep\u00fablica Argentina, Sr. <strong>Estanislao Zawels<\/strong>; el Secretario de Desarrollo y Promoci\u00f3n del <strong>INAES, Sr. Mario Uribe<\/strong>; la Presidenta de <strong>CONAM<\/strong>, Dra. <strong>Rosa Rodr\u00edguez<\/strong>; y el Presidente de la Uni\u00f3n Africana de Mutualismo <strong>(UAM), Sr. Abdelmoula Abdelmoumni.<\/strong><\/p>\n<p>Continuando con el Foro, se inici\u00f3 el Primer Panel cuya tem\u00e1tica fue \u201cLa Cooperaci\u00f3n Sur-Sur, una respuesta integral a los desaf\u00edos del desarrollo\u201d, en los cuales disertaron el Presidente de la <strong>UAM<\/strong>; el Presidente de <strong>ODEMA<\/strong>; y la Representante Especial para Ni\u00f1os y los Conflictos Armados en la Organizaci\u00f3n de Naciones Unidas<strong> (ONU),<\/strong> <strong>Dra. Virginia Gamba.<\/strong><\/p>\n<p>Posteriormente, abrieron el segundo Panel: \u201cLas alianzas eficaces para ampliar y fortalecer la acci\u00f3n de la Econom\u00eda Social y Solidaria\u201d, el Director Titular de Estados Unidos, <strong>Sr. Jos\u00e9 Zarate<\/strong>; y el Director de Asistencia M\u00e9dica del Centro de Educaci\u00f3n M\u00e9dica e Investigaciones Cl\u00ednicas \u201cNorberto Quirno\u201d<strong> (CEMIC), Dr. Jos\u00e9 De Ustar\u00e1n.<\/strong> En dicho panel se reflexion\u00f3 sobre la protecci\u00f3n social como prioridad para asegurar el bienestar humano, rescatando la innovaci\u00f3n en el dise\u00f1o de pol\u00edticas e instrumentos que tienen como prop\u00f3sito superar los desaf\u00edos del desarrollo sostenible.<\/p>\n<p>El <strong>IX Foro Intercontinental de Mutualismo<\/strong> continu\u00f3 con las palabras de la <strong>Dra. Virginia Gamba<\/strong>; el ex Intendente de La Plata, Dr. <strong>Abel Rom\u00e1n;<\/strong> el Director del<strong> INAUCO, Antonio Colomer;<\/strong> y el Sr. <strong>Federico Greve<\/strong>, Secretario de Participaci\u00f3n Ciudadana de la Intendencia de R\u00edo Grande, Ushuaia. Asimismo se proyect\u00f3 un video del Secretario General de la Asociaci\u00f3n Internacional de la Seguridad Social<strong> (AISS), Sr. Hans-Horst Konkolewsky.<\/strong><\/p>\n<p>A continuaci\u00f3n se realiz\u00f3 el \u00faltimo Panel del primer d\u00eda del Foro, en el que disertaron el <strong>Lic. Ra\u00fal Varas Torres<\/strong>, Delegado de La Rioja de la Asociaci\u00f3n Mutual de Protecci\u00f3n Familiar<strong> (AMPF);<\/strong> la Directora Nacional de Pol\u00edticas para Adultos Mayores del Ministerio de Desarrollo Social de la Rep\u00fablica Argentina, <strong>Dra. Susana Rubinstein;<\/strong> y el Coordinador de Capacitaci\u00f3n del Instituto Nacional de la Mujer <strong>(INAM), Sr. Samir Petrocelli<\/strong>.<\/p>\n<p>El foro tuvo como objetivo procurar un espacio \u00fanico de formaci\u00f3n, concertaci\u00f3n y discusi\u00f3n especializada respecto al desarrollo del mutualismo futuro, su influencia en la econom\u00eda local, regional y mundial, y su inmenso poder de acci\u00f3n en el mundo entero para contribuir a los Objetivos de Desarrollo Sostenible.<\/p>\n<p><strong>SEGUNDO D\u00cdA DEL FORO: <\/strong><\/p>\n<p>El <strong>IX Foro Intercontinental de Mutualismo inaugur\u00f3 el segundo d\u00eda con las palabras del Presidente del INAES, Dr. Marcelo Collomb, del Vicepresidente de COOPERAR, Dr. Edgardo Form; del Presidente del Instituto Nacional del Cooperativismo del Uruguay (INACOOP), Sr. Gustavo Bernini: y del Presidente de la Liga de Cooperativas de Puerto Rico, Sr. William Ortiz Negr\u00f3n.<\/strong><\/p>\n<p><img decoding=\"async\" loading=\"lazy\" class=\"alignleft size-large wp-image-1537\" src=\"http:\/\/fedemba.org.ar\/web\/wp-content\/uploads\/2018\/05\/DSCN3524-0-1024x733.jpg\" alt=\"\" width=\"1024\" height=\"733\" srcset=\"https:\/\/fedemba.org.ar\/web\/wp-content\/uploads\/2018\/05\/DSCN3524-0-1024x733.jpg 1024w, https:\/\/fedemba.org.ar\/web\/wp-content\/uploads\/2018\/05\/DSCN3524-0-300x215.jpg 300w, https:\/\/fedemba.org.ar\/web\/wp-content\/uploads\/2018\/05\/DSCN3524-0-768x550.jpg 768w, https:\/\/fedemba.org.ar\/web\/wp-content\/uploads\/2018\/05\/DSCN3524-0.jpg 1600w\" sizes=\"(max-width: 1024px) 100vw, 1024px\" \/> <img decoding=\"async\" loading=\"lazy\" class=\"alignleft size-large wp-image-1538\" src=\"http:\/\/fedemba.org.ar\/web\/wp-content\/uploads\/2018\/05\/DSCN3530-0-1024x768.jpg\" alt=\"\" width=\"1024\" height=\"768\" srcset=\"https:\/\/fedemba.org.ar\/web\/wp-content\/uploads\/2018\/05\/DSCN3530-0-1024x768.jpg 1024w, https:\/\/fedemba.org.ar\/web\/wp-content\/uploads\/2018\/05\/DSCN3530-0-300x225.jpg 300w, https:\/\/fedemba.org.ar\/web\/wp-content\/uploads\/2018\/05\/DSCN3530-0-768x576.jpg 768w, https:\/\/fedemba.org.ar\/web\/wp-content\/uploads\/2018\/05\/DSCN3530-0.jpg 1600w\" sizes=\"(max-width: 1024px) 100vw, 1024px\" \/><\/p>\n<p><strong>EXPOSICIONES:<\/strong><\/p>\n<p><strong>ODEMA program\u00f3 una serie de exposiciones dentro de la jornada<\/strong>, las cuales fueron efectuadas por experimentados referentes en cada una de las tem\u00e1ticas. Adem\u00e1s se logr\u00f3 una reciprocidad entre los expositores y las autoridades presentes, lo que origin\u00f3 el marco perfecto de tratamiento en profundidad de cada uno de los temas.<\/p>\n<p>En este sentido, los temas desarrollados durante el segundo d\u00eda del Foro fueron:<\/p>\n<p><strong>\u201cMutualismo en Am\u00e9rica, espacios de interacci\u00f3n y accionar conjunto\u201d,<\/strong> donde disertaron el Director Suplente por Costa Rica de ODEMA, <strong>Sr. Jhonny Campos Montenegro<\/strong>; el Director Titular por Colombia,<strong> Sr. Edwin Cardona Guisao<\/strong>; la Directora de Odema Por Uruguay y Presidenta del C\u00edrculo Cat\u00f3lico de Obreros del Uruguay, <strong>Esc. Mar\u00eda Cecilia L\u00f3pez Collazo<\/strong>; y el Director Titular por M\u00e9xico, <strong>Sr. Juan Ignacio Arroyo Verastegui.<\/strong><\/p>\n<p><strong>\u00abCreaci\u00f3n de capacidades para el fortalecimiento institucional\u00bb,<\/strong> estuvo a cargo de <strong>Leonel Zu\u00f1iga Fuentes<\/strong>, Director de Proyectos de la Facultad de Ciencias Sociales de la Universidad Nacional de Concepci\u00f3n Chile; nuevamente el Director Titular por M\u00e9xico, <strong>Sr. Juan Ignacio Arroyo Verastegui<\/strong>; el <strong>Dr. Efrain Rosado<\/strong>, Director del Instituto de Cooperativismo de la Facultad de Ciencias Sociales de la Universidad de Puerto Rico; la <strong>Lic. Daniela Rimoli Schmidt<\/strong>, Coordinadora de la Carrera de Trabajo Social y Maestranza de la Universidad Nacional de La Matanza <strong>(UNLAM)<\/strong>.<\/p>\n<p>Por \u00faltimo se entregaron los<strong> premios Buenas Pr\u00e1cticas<\/strong> a las actuaciones, medidas, procesos, programas, proyectos o tecnolog\u00edas innovadoras y asistenciales que realicen las instituciones de la econom\u00eda social.<\/p>\n","protected":false},"excerpt":{"rendered":"<p>La Federaci\u00f3n de Entidades Mutuales de Buenos Aires (FEDEMBA) particip\u00f3 activamente en el IX Foro Intercontinental de Mutualismo, bajo la consigna \u201cEl mutualismo como agente facilitador para el logro de los Objetivos de Desarrollo Sostenible\u201d, desarrollado el 25 y 26 de abril en la Sede de la Universidad Cat\u00f3lica Argentina (UCA), en Capital Federal. Dicho [&hellip;]<\/p>\n","protected":false},"author":1,"featured_media":1534,"comment_status":"closed","ping_status":"closed","sticky":false,"template":"","format":"standard","meta":[],"categories":[1],"tags":[37,9,12,6,8,10,13,14],"_links":{"self":[{"href":"https:\/\/fedemba.org.ar\/web\/wp-json\/wp\/v2\/posts\/1526"}],"collection":[{"href":"https:\/\/fedemba.org.ar\/web\/wp-json\/wp\/v2\/posts"}],"about":[{"href":"https:\/\/fedemba.org.ar\/web\/wp-json\/wp\/v2\/types\/post"}],"author":[{"embeddable":true,"href":"https:\/\/fedemba.org.ar\/web\/wp-json\/wp\/v2\/users\/1"}],"replies":[{"embeddable":true,"href":"https:\/\/fedemba.org.ar\/web\/wp-json\/wp\/v2\/comments?post=1526"}],"version-history":[{"count":5,"href":"https:\/\/fedemba.org.ar\/web\/wp-json\/wp\/v2\/posts\/1526\/revisions"}],"predecessor-version":[{"id":1579,"href":"https:\/\/fedemba.org.ar\/web\/wp-json\/wp\/v2\/posts\/1526\/revisions\/1579"}],"wp:featuredmedia":[{"embeddable":true,"href":"https:\/\/fedemba.org.ar\/web\/wp-json\/wp\/v2\/media\/1534"}],"wp:attachment":[{"href":"https:\/\/fedemba.org.ar\/web\/wp-json\/wp\/v2\/media?parent=1526"}],"wp:term":[{"taxonomy":"category","embeddable":true,"href":"https:\/\/fedemba.org.ar\/web\/wp-json\/wp\/v2\/categories?post=1526"},{"taxonomy":"post_tag","embeddable":true,"href":"https:\/\/fedemba.org.ar\/web\/wp-json\/wp\/v2\/tags?post=1526"}],"curies":[{"name":"wp","href":"https:\/\/api.w.org\/{rel}","templated":true}]}}