{"id":1541,"date":"2018-05-08T11:52:59","date_gmt":"2018-05-08T14:52:59","guid":{"rendered":"http:\/\/fedemba.org.ar\/web\/?p=1541"},"modified":"2018-05-08T11:52:59","modified_gmt":"2018-05-08T14:52:59","slug":"fedemba-acompano-a-la-asociacion-mutual-de-proteccion-familiar-en-la-inauguracion-de-su-nuevo-centro-medico-y-de-diagnostico","status":"publish","type":"post","link":"https:\/\/fedemba.org.ar\/web\/fedemba-acompano-a-la-asociacion-mutual-de-proteccion-familiar-en-la-inauguracion-de-su-nuevo-centro-medico-y-de-diagnostico\/","title":{"rendered":"FEDEMBA ACOMPA\u00d1\u00d3 A LA ASOCIACI\u00d3N MUTUAL DE PROTECCI\u00d3N FAMILIAR EN LA INAUGURACI\u00d3N DE SU NUEVO CENTRO M\u00c9DICO Y DE DIAGN\u00d3STICO"},"content":{"rendered":"<p>FEDEMBA\u00a0<strong>estuvo presente en la gran inauguraci\u00f3n del nuevo Centro M\u00e9dico y de Diagn\u00f3stico de la Asociaci\u00f3n Mutual de Protecci\u00f3n Familiar (AMPF)<\/strong>, el pasado 26 de abril en Teniente General Per\u00f3n 1383, de la Ciudad Aut\u00f3noma de Buenos Aires.<\/p>\n<p><strong>El acto inaugural se inici\u00f3 con la presencia de diversas autoridades nacionales y representantes mutualistas de todo el mundo,<\/strong>\u00a0entre los que se encontraban el Secretario de Desarrollo y Promoci\u00f3n del Instituto Nacional de Asociativismo y Econom\u00eda Social\u00a0<strong>(INAES), Lic. Mario Uribe;<\/strong>la Diputada Nacional, Dra.\u00a0<strong>Mirta Tundis<\/strong>; la Representante Especial para Ni\u00f1os y los Conflictos Armados en la Organizaci\u00f3n de Naciones Unidas\u00a0<strong>(ONU), Dra. Virginia Gamba;<\/strong>\u00a0el Presidente de AMPF y de la Organizaci\u00f3n de Entidades Mutuales de las Am\u00e9ricas\u00a0<strong>(ODEMA), Sr. Alfredo Sigliano<\/strong>; el Presidente de la Uni\u00f3n Africana de Mutualismo\u00a0<strong>(UAM), Sr. Abdelmoula Abdelmoumni;<\/strong>\u00a0la Presidenta de\u00a0<strong>CONAM y Secretaria de Promoci\u00f3n y relaciones Institucionales de FEDEMBA, Dra. Rosa B. Rodr\u00edguez;<\/strong>\u00a0el Presidente de FEDEMBA,\u00a0<strong>Dr. Dar\u00edo Mart\u00ednez Corti;<\/strong>\u00a0 el Vicepresidente de FEDEMBA,\u00a0<strong>Sr. Alberto Salom<\/strong>; el Secretario de FEDEMBA,\u00a0<strong>Sr. Hugo H. Bozzini<\/strong>; el Tesorero de FEDEMBA,\u00a0<strong>Lic. Guillermo Palacios<\/strong>; y el Secretario de Prensa de FEDEMBA,\u00a0<strong>Sr. Manuel Balea Reino.<\/strong><\/p>\n<p>Los asistentes fueron recibidos con un gran clima festivo, con un juego de luces l\u00e1ser que proyectaba el logo de la mutual sobre la fachada moderna del edificio.\u00a0<strong>Rosa Rodr\u00edguez, Virginia Gamba y los Presidentes de ODEMA y la UAM, realizaron el corte de cinta inaugural<\/strong>\u00a0con el aplauso de todos los presentes,\u00a0<strong>resaltando al nuevo centro como otro de los logros que permite el sistema mutual.<\/strong><\/p>\n<p><img decoding=\"async\" loading=\"lazy\" class=\"alignleft size-large wp-image-1543\" src=\"http:\/\/fedemba.org.ar\/web\/wp-content\/uploads\/2018\/05\/IMG-20180426-WA0086-1024x576.jpg\" alt=\"\" width=\"1024\" height=\"576\" srcset=\"https:\/\/fedemba.org.ar\/web\/wp-content\/uploads\/2018\/05\/IMG-20180426-WA0086-1024x576.jpg 1024w, https:\/\/fedemba.org.ar\/web\/wp-content\/uploads\/2018\/05\/IMG-20180426-WA0086-300x169.jpg 300w, https:\/\/fedemba.org.ar\/web\/wp-content\/uploads\/2018\/05\/IMG-20180426-WA0086-768x432.jpg 768w, https:\/\/fedemba.org.ar\/web\/wp-content\/uploads\/2018\/05\/IMG-20180426-WA0086.jpg 1032w\" sizes=\"(max-width: 1024px) 100vw, 1024px\" \/> <img decoding=\"async\" loading=\"lazy\" class=\"alignleft size-large wp-image-1542\" src=\"http:\/\/fedemba.org.ar\/web\/wp-content\/uploads\/2018\/05\/00-Corte-de-cinta-01-1024x682.jpg\" alt=\"\" width=\"1024\" height=\"682\" srcset=\"https:\/\/fedemba.org.ar\/web\/wp-content\/uploads\/2018\/05\/00-Corte-de-cinta-01-1024x682.jpg 1024w, https:\/\/fedemba.org.ar\/web\/wp-content\/uploads\/2018\/05\/00-Corte-de-cinta-01-300x200.jpg 300w, https:\/\/fedemba.org.ar\/web\/wp-content\/uploads\/2018\/05\/00-Corte-de-cinta-01-768x512.jpg 768w, https:\/\/fedemba.org.ar\/web\/wp-content\/uploads\/2018\/05\/00-Corte-de-cinta-01.jpg 1181w\" sizes=\"(max-width: 1024px) 100vw, 1024px\" \/> <img decoding=\"async\" loading=\"lazy\" class=\"alignleft size-large wp-image-1544\" src=\"http:\/\/fedemba.org.ar\/web\/wp-content\/uploads\/2018\/05\/IMG-20180426-WA0104-1024x576.jpg\" alt=\"\" width=\"1024\" height=\"576\" srcset=\"https:\/\/fedemba.org.ar\/web\/wp-content\/uploads\/2018\/05\/IMG-20180426-WA0104-1024x576.jpg 1024w, https:\/\/fedemba.org.ar\/web\/wp-content\/uploads\/2018\/05\/IMG-20180426-WA0104-300x169.jpg 300w, https:\/\/fedemba.org.ar\/web\/wp-content\/uploads\/2018\/05\/IMG-20180426-WA0104-768x432.jpg 768w, https:\/\/fedemba.org.ar\/web\/wp-content\/uploads\/2018\/05\/IMG-20180426-WA0104.jpg 1032w\" sizes=\"(max-width: 1024px) 100vw, 1024px\" \/><\/p>\n<p>Posteriormente se obsequiaron placas alusivas y los asistentes pudieron recorrer las nuevas instalaciones e interiorizarse sobre las diversas especialidades que cubrir\u00e1 este nuevo Centro, que\u00a0<strong>posibilitar\u00e1n una mejor\u00eda en la atenci\u00f3n de los asociados de AMPF.<\/strong><\/p>\n<p>&nbsp;<\/p>\n","protected":false},"excerpt":{"rendered":"<p>FEDEMBA\u00a0estuvo presente en la gran inauguraci\u00f3n del nuevo Centro M\u00e9dico y de Diagn\u00f3stico de la Asociaci\u00f3n Mutual de Protecci\u00f3n Familiar (AMPF), el pasado 26 de abril en Teniente General Per\u00f3n 1383, de la Ciudad Aut\u00f3noma de Buenos Aires. El acto inaugural se inici\u00f3 con la presencia de diversas autoridades nacionales y representantes mutualistas de todo [&hellip;]<\/p>\n","protected":false},"author":1,"featured_media":1544,"comment_status":"closed","ping_status":"closed","sticky":false,"template":"","format":"standard","meta":[],"categories":[1],"tags":[37,56,62,9,7,12,6,10,14],"_links":{"self":[{"href":"https:\/\/fedemba.org.ar\/web\/wp-json\/wp\/v2\/posts\/1541"}],"collection":[{"href":"https:\/\/fedemba.org.ar\/web\/wp-json\/wp\/v2\/posts"}],"about":[{"href":"https:\/\/fedemba.org.ar\/web\/wp-json\/wp\/v2\/types\/post"}],"author":[{"embeddable":true,"href":"https:\/\/fedemba.org.ar\/web\/wp-json\/wp\/v2\/users\/1"}],"replies":[{"embeddable":true,"href":"https:\/\/fedemba.org.ar\/web\/wp-json\/wp\/v2\/comments?post=1541"}],"version-history":[{"count":1,"href":"https:\/\/fedemba.org.ar\/web\/wp-json\/wp\/v2\/posts\/1541\/revisions"}],"predecessor-version":[{"id":1545,"href":"https:\/\/fedemba.org.ar\/web\/wp-json\/wp\/v2\/posts\/1541\/revisions\/1545"}],"wp:featuredmedia":[{"embeddable":true,"href":"https:\/\/fedemba.org.ar\/web\/wp-json\/wp\/v2\/media\/1544"}],"wp:attachment":[{"href":"https:\/\/fedemba.org.ar\/web\/wp-json\/wp\/v2\/media?parent=1541"}],"wp:term":[{"taxonomy":"category","embeddable":true,"href":"https:\/\/fedemba.org.ar\/web\/wp-json\/wp\/v2\/categories?post=1541"},{"taxonomy":"post_tag","embeddable":true,"href":"https:\/\/fedemba.org.ar\/web\/wp-json\/wp\/v2\/tags?post=1541"}],"curies":[{"name":"wp","href":"https:\/\/api.w.org\/{rel}","templated":true}]}}