{"id":1546,"date":"2018-05-08T12:02:38","date_gmt":"2018-05-08T15:02:38","guid":{"rendered":"http:\/\/fedemba.org.ar\/web\/?p=1546"},"modified":"2018-05-08T12:03:39","modified_gmt":"2018-05-08T15:03:39","slug":"1546-2","status":"publish","type":"post","link":"https:\/\/fedemba.org.ar\/web\/1546-2\/","title":{"rendered":"FEDEMBA PRESENTE EN LA INAUGURACI\u00d3N DEL STAND MUTUALISTA DE LA FERIA DEL LIBRO"},"content":{"rendered":"<p>FEDEMBA asisti\u00f3 el pasado 27 de abril a la presentaci\u00f3n del\u00a0<strong>stand de Mutualismo Hoy<\/strong>\u00a0en la 44\u00ba Edici\u00f3n de la\u00a0<strong>Feria Internacional del Libro\u00a0<\/strong>de Buenos Aires, en el Sal\u00f3n Ocre de la Sociedad Rural Argentina.<\/p>\n<p><strong>La Secretaria de Promoci\u00f3n y relaciones Institucionales Dra. Rosa B. Rodr\u00edguez, el Vicepresidente Sr. Alberto Salom y el Tesorero Lic. Guillermo Palacios<\/strong><strong>, acompa\u00f1aron a la Sra. Noem\u00ed Gladys Gorriz<\/strong>, Directora de la revista Mutualismo Hoy, quien por sexto a\u00f1o estar\u00e1 en esta emblem\u00e1tica exposici\u00f3n que acerca la posibilidad de conocer sobre Mutualismo a toda la sociedad y refleja el accionar de las entidades. Tambi\u00e9nb asistieron directivos de FOCOMFA, AMEPORT y AMUPEJA, todas entidades adheridas a FEDEMBA.<\/p>\n<p>La inauguraci\u00f3n cont\u00f3 con la presencia del\u00a0<strong>Presidente del Instituto Nacional de Asociativismo y Econom\u00eda Social, Dr. Marcelo Collomb<\/strong>, quien agradeci\u00f3 a Gladys por todo su trabajo y valoriz\u00f3 el importante lugar conseguido en la Feria del Libro un a\u00f1o m\u00e1s.<\/p>\n<p>Hasta el 14 de mayo, el equipo de Mutualismo Hoy estar\u00e1 obsequiando los libros de la Sra. Noem\u00ed Gladys Gorriz y folleter\u00eda del INAES y otras entidades.\u00a0<strong>Invitamos a todos los interesados y a los mutualistas en especial, a que asistan al stand, el cual brinda una proximidad decisiva entre el sector y la sociedad.<\/strong><\/p>\n<p><img decoding=\"async\" loading=\"lazy\" class=\"alignleft size-large wp-image-1548\" src=\"http:\/\/fedemba.org.ar\/web\/wp-content\/uploads\/2018\/05\/DSCN3555-0-1024x768.jpg\" alt=\"\" width=\"1024\" height=\"768\" srcset=\"https:\/\/fedemba.org.ar\/web\/wp-content\/uploads\/2018\/05\/DSCN3555-0-1024x768.jpg 1024w, https:\/\/fedemba.org.ar\/web\/wp-content\/uploads\/2018\/05\/DSCN3555-0-300x225.jpg 300w, https:\/\/fedemba.org.ar\/web\/wp-content\/uploads\/2018\/05\/DSCN3555-0-768x576.jpg 768w, https:\/\/fedemba.org.ar\/web\/wp-content\/uploads\/2018\/05\/DSCN3555-0.jpg 1600w\" sizes=\"(max-width: 1024px) 100vw, 1024px\" \/> <img decoding=\"async\" loading=\"lazy\" class=\"alignleft size-large wp-image-1550\" src=\"http:\/\/fedemba.org.ar\/web\/wp-content\/uploads\/2018\/05\/DSCN3565-0-1024x768.jpg\" alt=\"\" width=\"1024\" height=\"768\" srcset=\"https:\/\/fedemba.org.ar\/web\/wp-content\/uploads\/2018\/05\/DSCN3565-0-1024x768.jpg 1024w, https:\/\/fedemba.org.ar\/web\/wp-content\/uploads\/2018\/05\/DSCN3565-0-300x225.jpg 300w, https:\/\/fedemba.org.ar\/web\/wp-content\/uploads\/2018\/05\/DSCN3565-0-768x576.jpg 768w, https:\/\/fedemba.org.ar\/web\/wp-content\/uploads\/2018\/05\/DSCN3565-0.jpg 1600w\" sizes=\"(max-width: 1024px) 100vw, 1024px\" \/> <img decoding=\"async\" loading=\"lazy\" class=\"alignleft size-large wp-image-1552\" src=\"http:\/\/fedemba.org.ar\/web\/wp-content\/uploads\/2018\/05\/DSCN3597-0-1024x768.jpg\" alt=\"\" width=\"1024\" height=\"768\" srcset=\"https:\/\/fedemba.org.ar\/web\/wp-content\/uploads\/2018\/05\/DSCN3597-0-1024x768.jpg 1024w, https:\/\/fedemba.org.ar\/web\/wp-content\/uploads\/2018\/05\/DSCN3597-0-300x225.jpg 300w, https:\/\/fedemba.org.ar\/web\/wp-content\/uploads\/2018\/05\/DSCN3597-0-768x576.jpg 768w, https:\/\/fedemba.org.ar\/web\/wp-content\/uploads\/2018\/05\/DSCN3597-0.jpg 1600w\" sizes=\"(max-width: 1024px) 100vw, 1024px\" \/> <img decoding=\"async\" loading=\"lazy\" class=\"alignleft size-large wp-image-1551\" src=\"http:\/\/fedemba.org.ar\/web\/wp-content\/uploads\/2018\/05\/DSCN3573-0-1024x825.jpg\" alt=\"\" width=\"1024\" height=\"825\" srcset=\"https:\/\/fedemba.org.ar\/web\/wp-content\/uploads\/2018\/05\/DSCN3573-0-1024x825.jpg 1024w, https:\/\/fedemba.org.ar\/web\/wp-content\/uploads\/2018\/05\/DSCN3573-0-300x242.jpg 300w, https:\/\/fedemba.org.ar\/web\/wp-content\/uploads\/2018\/05\/DSCN3573-0-768x619.jpg 768w, https:\/\/fedemba.org.ar\/web\/wp-content\/uploads\/2018\/05\/DSCN3573-0.jpg 1489w\" sizes=\"(max-width: 1024px) 100vw, 1024px\" \/> <img decoding=\"async\" loading=\"lazy\" class=\"alignleft size-full wp-image-1553\" src=\"http:\/\/fedemba.org.ar\/web\/wp-content\/uploads\/2018\/05\/IMG-20180427-WA0102.jpg\" alt=\"\" width=\"857\" height=\"581\" srcset=\"https:\/\/fedemba.org.ar\/web\/wp-content\/uploads\/2018\/05\/IMG-20180427-WA0102.jpg 857w, https:\/\/fedemba.org.ar\/web\/wp-content\/uploads\/2018\/05\/IMG-20180427-WA0102-300x203.jpg 300w, https:\/\/fedemba.org.ar\/web\/wp-content\/uploads\/2018\/05\/IMG-20180427-WA0102-768x521.jpg 768w\" sizes=\"(max-width: 857px) 100vw, 857px\" \/><\/p>\n","protected":false},"excerpt":{"rendered":"<p>FEDEMBA asisti\u00f3 el pasado 27 de abril a la presentaci\u00f3n del\u00a0stand de Mutualismo Hoy\u00a0en la 44\u00ba Edici\u00f3n de la\u00a0Feria Internacional del Libro\u00a0de Buenos Aires, en el Sal\u00f3n Ocre de la Sociedad Rural Argentina. La Secretaria de Promoci\u00f3n y relaciones Institucionales Dra. Rosa B. Rodr\u00edguez, el Vicepresidente Sr. Alberto Salom y el Tesorero Lic. Guillermo Palacios, [&hellip;]<\/p>\n","protected":false},"author":1,"featured_media":1552,"comment_status":"closed","ping_status":"closed","sticky":false,"template":"","format":"standard","meta":[],"categories":[1],"tags":[25,30,197,9,12,6,11,22,20,8,51,10,196,14],"_links":{"self":[{"href":"https:\/\/fedemba.org.ar\/web\/wp-json\/wp\/v2\/posts\/1546"}],"collection":[{"href":"https:\/\/fedemba.org.ar\/web\/wp-json\/wp\/v2\/posts"}],"about":[{"href":"https:\/\/fedemba.org.ar\/web\/wp-json\/wp\/v2\/types\/post"}],"author":[{"embeddable":true,"href":"https:\/\/fedemba.org.ar\/web\/wp-json\/wp\/v2\/users\/1"}],"replies":[{"embeddable":true,"href":"https:\/\/fedemba.org.ar\/web\/wp-json\/wp\/v2\/comments?post=1546"}],"version-history":[{"count":3,"href":"https:\/\/fedemba.org.ar\/web\/wp-json\/wp\/v2\/posts\/1546\/revisions"}],"predecessor-version":[{"id":1556,"href":"https:\/\/fedemba.org.ar\/web\/wp-json\/wp\/v2\/posts\/1546\/revisions\/1556"}],"wp:featuredmedia":[{"embeddable":true,"href":"https:\/\/fedemba.org.ar\/web\/wp-json\/wp\/v2\/media\/1552"}],"wp:attachment":[{"href":"https:\/\/fedemba.org.ar\/web\/wp-json\/wp\/v2\/media?parent=1546"}],"wp:term":[{"taxonomy":"category","embeddable":true,"href":"https:\/\/fedemba.org.ar\/web\/wp-json\/wp\/v2\/categories?post=1546"},{"taxonomy":"post_tag","embeddable":true,"href":"https:\/\/fedemba.org.ar\/web\/wp-json\/wp\/v2\/tags?post=1546"}],"curies":[{"name":"wp","href":"https:\/\/api.w.org\/{rel}","templated":true}]}}