{"id":1573,"date":"2018-05-16T15:24:11","date_gmt":"2018-05-16T18:24:11","guid":{"rendered":"http:\/\/fedemba.org.ar\/web\/?p=1573"},"modified":"2018-05-16T15:24:11","modified_gmt":"2018-05-16T18:24:11","slug":"noticias-de-mutuales-adheridas-ammma-lanzo-capacitaciones-gratuitas-de-manejo-para-motociclistas","status":"publish","type":"post","link":"https:\/\/fedemba.org.ar\/web\/noticias-de-mutuales-adheridas-ammma-lanzo-capacitaciones-gratuitas-de-manejo-para-motociclistas\/","title":{"rendered":"NOTICIAS DE MUTUALES ADHERIDAS: AMMMA LANZ\u00d3 CAPACITACIONES GRATUITAS DE MANEJO PARA MOTOCICLISTAS"},"content":{"rendered":"<p>La <strong>Asociaci\u00f3n Mutual de Motociclistas y Mensajeros Argentinos (AMMMA), entidad adherida a FEDEMBA, <\/strong>contin\u00faa ampliando la gama de servicios y beneficios que ofrece para sus asociados. En esta oportunidad, <strong>firm\u00f3 un convenio con el Centro de Formaci\u00f3n N\u00ba 412 para que todos los asociados a AMMMA puedan acceder al curso de manejo preventivo y seguro para motociclistas de manera gratis.<\/strong><\/p>\n<p>Para poder gozar de este beneficio los asociados tendr\u00e1n que estar al d\u00eda con las obligaciones contra\u00eddas en la mutual.<\/p>\n<p><img decoding=\"async\" loading=\"lazy\" class=\"alignleft size-full wp-image-1574\" src=\"http:\/\/fedemba.org.ar\/web\/wp-content\/uploads\/2018\/05\/32207497_1119115874898249_6320060838673645568_n.jpg\" alt=\"\" width=\"960\" height=\"720\" srcset=\"https:\/\/fedemba.org.ar\/web\/wp-content\/uploads\/2018\/05\/32207497_1119115874898249_6320060838673645568_n.jpg 960w, https:\/\/fedemba.org.ar\/web\/wp-content\/uploads\/2018\/05\/32207497_1119115874898249_6320060838673645568_n-300x225.jpg 300w, https:\/\/fedemba.org.ar\/web\/wp-content\/uploads\/2018\/05\/32207497_1119115874898249_6320060838673645568_n-768x576.jpg 768w\" sizes=\"(max-width: 960px) 100vw, 960px\" \/><\/p>\n<h4><\/h4>\n<h4><strong><span style=\"color: #993366;\">\u00bfC\u00f3mo hac\u00e9s para saber las fechas y horarios del curso?<\/span><\/strong><\/h4>\n<p>Mand\u00e1 un mail a: <a href=\"mailto:capacitaci\u00f3n@ammma.com.ar\">capacitaci\u00f3n@ammma.com.ar<\/a> para que ya te agenden.<\/p>\n<h4><span style=\"color: #993366;\"><strong>\u00bfC\u00f3mo hac\u00e9s para saber m\u00e1s de los beneficios para los motociclistas?<\/strong><\/span><\/h4>\n<p>Entr\u00e1 a la web de AMMMA:\u00a0<strong><a href=\"http:\/\/www.ammma.com.ar\/\">http:\/\/www.ammma.com.ar\/<\/a><\/strong><\/p>\n<p>O cheque\u00e1 su Facebook:\u00a0<a href=\"https:\/\/www.facebook.com\/mutualammma\/\"><strong>https:\/\/www.facebook.com\/mutualammma\/<\/strong><\/a><\/p>\n<p><strong>\u00a1Y descubr\u00ed las m\u00faltiples ofertas que hay!<\/strong><\/p>\n<p><img decoding=\"async\" loading=\"lazy\" class=\"alignleft size-large wp-image-1575\" src=\"http:\/\/fedemba.org.ar\/web\/wp-content\/uploads\/2018\/05\/ae5ae39a6fa8278c927de308eb9ef4da-1024x320.jpg\" alt=\"\" width=\"1024\" height=\"320\" srcset=\"https:\/\/fedemba.org.ar\/web\/wp-content\/uploads\/2018\/05\/ae5ae39a6fa8278c927de308eb9ef4da-1024x320.jpg 1024w, https:\/\/fedemba.org.ar\/web\/wp-content\/uploads\/2018\/05\/ae5ae39a6fa8278c927de308eb9ef4da-300x94.jpg 300w, https:\/\/fedemba.org.ar\/web\/wp-content\/uploads\/2018\/05\/ae5ae39a6fa8278c927de308eb9ef4da-768x240.jpg 768w, https:\/\/fedemba.org.ar\/web\/wp-content\/uploads\/2018\/05\/ae5ae39a6fa8278c927de308eb9ef4da.jpg 1920w\" sizes=\"(max-width: 1024px) 100vw, 1024px\" \/><\/p>\n","protected":false},"excerpt":{"rendered":"<p>La Asociaci\u00f3n Mutual de Motociclistas y Mensajeros Argentinos (AMMMA), entidad adherida a FEDEMBA, contin\u00faa ampliando la gama de servicios y beneficios que ofrece para sus asociados. En esta oportunidad, firm\u00f3 un convenio con el Centro de Formaci\u00f3n N\u00ba 412 para que todos los asociados a AMMMA puedan acceder al curso de manejo preventivo y seguro [&hellip;]<\/p>\n","protected":false},"author":1,"featured_media":1574,"comment_status":"closed","ping_status":"closed","sticky":false,"template":"","format":"standard","meta":[],"categories":[1],"tags":[180,12,6,10],"_links":{"self":[{"href":"https:\/\/fedemba.org.ar\/web\/wp-json\/wp\/v2\/posts\/1573"}],"collection":[{"href":"https:\/\/fedemba.org.ar\/web\/wp-json\/wp\/v2\/posts"}],"about":[{"href":"https:\/\/fedemba.org.ar\/web\/wp-json\/wp\/v2\/types\/post"}],"author":[{"embeddable":true,"href":"https:\/\/fedemba.org.ar\/web\/wp-json\/wp\/v2\/users\/1"}],"replies":[{"embeddable":true,"href":"https:\/\/fedemba.org.ar\/web\/wp-json\/wp\/v2\/comments?post=1573"}],"version-history":[{"count":2,"href":"https:\/\/fedemba.org.ar\/web\/wp-json\/wp\/v2\/posts\/1573\/revisions"}],"predecessor-version":[{"id":1577,"href":"https:\/\/fedemba.org.ar\/web\/wp-json\/wp\/v2\/posts\/1573\/revisions\/1577"}],"wp:featuredmedia":[{"embeddable":true,"href":"https:\/\/fedemba.org.ar\/web\/wp-json\/wp\/v2\/media\/1574"}],"wp:attachment":[{"href":"https:\/\/fedemba.org.ar\/web\/wp-json\/wp\/v2\/media?parent=1573"}],"wp:term":[{"taxonomy":"category","embeddable":true,"href":"https:\/\/fedemba.org.ar\/web\/wp-json\/wp\/v2\/categories?post=1573"},{"taxonomy":"post_tag","embeddable":true,"href":"https:\/\/fedemba.org.ar\/web\/wp-json\/wp\/v2\/tags?post=1573"}],"curies":[{"name":"wp","href":"https:\/\/api.w.org\/{rel}","templated":true}]}}