{"id":1590,"date":"2018-06-04T17:37:25","date_gmt":"2018-06-04T20:37:25","guid":{"rendered":"http:\/\/fedemba.org.ar\/web\/?p=1590"},"modified":"2018-06-04T17:37:25","modified_gmt":"2018-06-04T20:37:25","slug":"en-el-ano-de-su-51o-aniversario-la-mutual-universitaria-renueva-imagen-y-estrena-pagina-web","status":"publish","type":"post","link":"https:\/\/fedemba.org.ar\/web\/en-el-ano-de-su-51o-aniversario-la-mutual-universitaria-renueva-imagen-y-estrena-pagina-web\/","title":{"rendered":"EN EL A\u00d1O DE SU 51\u00ba ANIVERSARIO, LA MUTUAL UNIVERSITARIA RENUEVA IMAGEN Y  ESTRENA P\u00c1GINA WEB"},"content":{"rendered":"<p><strong>La Mutual Universitaria, entidad adherida a FEDEMBA, est\u00e1 de estreno, porque en el a\u00f1o de su 51\u00b0 aniversario, esta hist\u00f3rica mutual renueva su imagen y su p\u00e1gina web<\/strong>, implementando una serie de cambios tecnol\u00f3gicos, que fortalecer\u00e1n sus v\u00ednculos con todos sus asociados a trav\u00e9s de una imagen fresca, actual y modernizada.<\/p>\n<p><strong>En todas las ciudades existen instituciones simb\u00f3licas, de esas que acompa\u00f1an el crecimiento de un pueblo. En San Mart\u00edn, ese es el caso de la Mutual Universitaria,<\/strong> una entidad pensada, dise\u00f1ada y creada por estudiantes universitarios, que este a\u00f1o cumplen sus primeros 51 a\u00f1os de vida acompa\u00f1ando al desarrollo del municipio.<\/p>\n<p><img decoding=\"async\" loading=\"lazy\" class=\"alignleft size-large wp-image-1592\" src=\"http:\/\/fedemba.org.ar\/web\/wp-content\/uploads\/2018\/06\/LOGO-COLOR-Mutual-Universitaria-1024x489.jpg\" alt=\"\" width=\"1024\" height=\"489\" srcset=\"https:\/\/fedemba.org.ar\/web\/wp-content\/uploads\/2018\/06\/LOGO-COLOR-Mutual-Universitaria-1024x489.jpg 1024w, https:\/\/fedemba.org.ar\/web\/wp-content\/uploads\/2018\/06\/LOGO-COLOR-Mutual-Universitaria-300x143.jpg 300w, https:\/\/fedemba.org.ar\/web\/wp-content\/uploads\/2018\/06\/LOGO-COLOR-Mutual-Universitaria-768x367.jpg 768w, https:\/\/fedemba.org.ar\/web\/wp-content\/uploads\/2018\/06\/LOGO-COLOR-Mutual-Universitaria.jpg 2043w\" sizes=\"(max-width: 1024px) 100vw, 1024px\" \/><\/p>\n<blockquote><p><strong>\u201cRealmente sentimos que son los 51 a\u00f1os de una gran familia que ha sabido constituirse desde sus cimientos como lo que hoy en d\u00eda representamos: una instituci\u00f3n solidaria y plural que trabaja, d\u00eda tras d\u00eda, por un San Mart\u00edn pujante y en pleno crecimiento\u201d,<\/strong> Luisa Mabel Crena, Presidenta de Mutual Universitaria.<\/p><\/blockquote>\n<p><strong>Uno de los objetos principales de Mutual Universitaria es brindar apoyo econ\u00f3mico a los profesionales reci\u00e9n recibidos,<\/strong> de los cuales muchos se encuentran en las primeras etapas del desarrollo de su actividad. Es por esto que la mutual les brinda la posibilidad de acceder a los recursos e instalaciones que necesiten para llevar adelante su negocio.<\/p>\n<p><img decoding=\"async\" loading=\"lazy\" class=\"size-full wp-image-1593 aligncenter\" src=\"http:\/\/fedemba.org.ar\/web\/wp-content\/uploads\/2018\/06\/aniversario.jpg\" alt=\"\" width=\"765\" height=\"400\" srcset=\"https:\/\/fedemba.org.ar\/web\/wp-content\/uploads\/2018\/06\/aniversario.jpg 765w, https:\/\/fedemba.org.ar\/web\/wp-content\/uploads\/2018\/06\/aniversario-300x157.jpg 300w\" sizes=\"(max-width: 765px) 100vw, 765px\" \/><\/p>\n<h4><strong><u>INSERCI\u00d3N LOCAL Y PROVINCIAL<\/u><\/strong><\/h4>\n<p>El Consejo Directivo y la Gerenta Comercial de la instituci\u00f3n, Sra. Blanca Sbarbati, junto a sus colaboradores, son quienes est\u00e1n a cargo del funcionamiento de la entidad, cuyas <strong>actividades principales actualmente est\u00e1n vinculadas con la ayuda econ\u00f3mica a sus asociados, el desarrollo de capacitaciones y una intensa agenda social que, incluso, excede los l\u00edmites del distrito, concretando convenios<\/strong> con una innumerable cantidad de Asociaciones, C\u00edrculos y Colegios Profesionales de la Provincia de Buenos Aires.<\/p>\n<p><strong>En el \u00e1mbito mutualista, la instituci\u00f3n tambi\u00e9n desarrolla una amplia labor,<\/strong> como miembro de la Fundaci\u00f3n de la Universidad de General San Mart\u00edn, de<strong> la Federaci\u00f3n de Entidades Mutuales de Buenos Aires (FEDEMBA), y participante activa de la Comisi\u00f3n de G\u00e9nero de la Confederaci\u00f3n Nacional de Mutualidades de la Rep\u00fablica Argentina (CONAM)<\/strong> y de la Municipalidad de General San Mart\u00edn.<\/p>\n<p>Toda esta inserci\u00f3n en la agenda local y provincial ha significado que, <strong>d\u00edas atr\u00e1s, la C\u00e1mara de Diputados de la Provincia declare de Inter\u00e9s Legislativo el cincuentenario de la Mutual<\/strong>, a trav\u00e9s de un proyecto impulsado por el Diputado Provincial de Buenos Aires<strong> Sr.\u00a0Daniel Ivoskus<\/strong>.<\/p>\n<div id=\"attachment_965\" style=\"width: 1034px\" class=\"wp-caption alignleft\"><img aria-describedby=\"caption-attachment-965\" decoding=\"async\" loading=\"lazy\" class=\"wp-image-965 size-large\" src=\"http:\/\/fedemba.org.ar\/web\/wp-content\/uploads\/2016\/11\/FOTOS-DE-MUTUAL-UNIVERSITARIA-009-1024x768.jpg\" alt=\"\" width=\"1024\" height=\"768\" srcset=\"https:\/\/fedemba.org.ar\/web\/wp-content\/uploads\/2016\/11\/FOTOS-DE-MUTUAL-UNIVERSITARIA-009-1024x768.jpg 1024w, https:\/\/fedemba.org.ar\/web\/wp-content\/uploads\/2016\/11\/FOTOS-DE-MUTUAL-UNIVERSITARIA-009-300x225.jpg 300w\" sizes=\"(max-width: 1024px) 100vw, 1024px\" \/><p id=\"caption-attachment-965\" class=\"wp-caption-text\"><strong>El nuevo edificio inaugurado por Mutual Universitaria, en el 2016.<\/strong><\/p><\/div>\n","protected":false},"excerpt":{"rendered":"<p>La Mutual Universitaria, entidad adherida a FEDEMBA, est\u00e1 de estreno, porque en el a\u00f1o de su 51\u00b0 aniversario, esta hist\u00f3rica mutual renueva su imagen y su p\u00e1gina web, implementando una serie de cambios tecnol\u00f3gicos, que fortalecer\u00e1n sus v\u00ednculos con todos sus asociados a trav\u00e9s de una imagen fresca, actual y modernizada. En todas las ciudades [&hellip;]<\/p>\n","protected":false},"author":1,"featured_media":1592,"comment_status":"closed","ping_status":"closed","sticky":false,"template":"","format":"standard","meta":[],"categories":[1],"tags":[201,204,9,202,12,6,200,203,54],"_links":{"self":[{"href":"https:\/\/fedemba.org.ar\/web\/wp-json\/wp\/v2\/posts\/1590"}],"collection":[{"href":"https:\/\/fedemba.org.ar\/web\/wp-json\/wp\/v2\/posts"}],"about":[{"href":"https:\/\/fedemba.org.ar\/web\/wp-json\/wp\/v2\/types\/post"}],"author":[{"embeddable":true,"href":"https:\/\/fedemba.org.ar\/web\/wp-json\/wp\/v2\/users\/1"}],"replies":[{"embeddable":true,"href":"https:\/\/fedemba.org.ar\/web\/wp-json\/wp\/v2\/comments?post=1590"}],"version-history":[{"count":4,"href":"https:\/\/fedemba.org.ar\/web\/wp-json\/wp\/v2\/posts\/1590\/revisions"}],"predecessor-version":[{"id":1596,"href":"https:\/\/fedemba.org.ar\/web\/wp-json\/wp\/v2\/posts\/1590\/revisions\/1596"}],"wp:featuredmedia":[{"embeddable":true,"href":"https:\/\/fedemba.org.ar\/web\/wp-json\/wp\/v2\/media\/1592"}],"wp:attachment":[{"href":"https:\/\/fedemba.org.ar\/web\/wp-json\/wp\/v2\/media?parent=1590"}],"wp:term":[{"taxonomy":"category","embeddable":true,"href":"https:\/\/fedemba.org.ar\/web\/wp-json\/wp\/v2\/categories?post=1590"},{"taxonomy":"post_tag","embeddable":true,"href":"https:\/\/fedemba.org.ar\/web\/wp-json\/wp\/v2\/tags?post=1590"}],"curies":[{"name":"wp","href":"https:\/\/api.w.org\/{rel}","templated":true}]}}