{"id":1598,"date":"2018-06-13T14:17:26","date_gmt":"2018-06-13T17:17:26","guid":{"rendered":"http:\/\/fedemba.org.ar\/web\/?p=1598"},"modified":"2018-06-13T17:18:50","modified_gmt":"2018-06-13T20:18:50","slug":"fedemba-estuvo-presente-en-la-creacion-de-la-union-mundial-de-la-mutualidad","status":"publish","type":"post","link":"https:\/\/fedemba.org.ar\/web\/fedemba-estuvo-presente-en-la-creacion-de-la-union-mundial-de-la-mutualidad\/","title":{"rendered":"FEDEMBA ESTUVO PRESENTE EN LA CREACI\u00d3N DE LA UNI\u00d3N MUNDIAL DE LA MUTUALIDAD"},"content":{"rendered":"<p>La Federaci\u00f3n de Entidades Mutuales de Buenos Aires\u00a0<strong>(FEDEMBA) particip\u00f3 de la hist\u00f3rica Asamblea constitutiva de la Uni\u00f3n Mundial de la Mutualidad (UMM),<\/strong>\u00a0el pasado 5 de junio en la Ciudad de Ginebra, Suiza,\u00a0<strong>a trav\u00e9s de su Vicepresidente, Sr. Alberto S. Salom; el Secretario, Sr. Hugo H. Bozzini; y el Tesorero, Lic. Guillermo E. Palacios; y la Secretaria de Promoci\u00f3n y Relaciones Institucionales, Dra. Rosa B. Rodr\u00edguez.<\/strong><\/p>\n<p>L<strong>a sala VIII del Palacio de las Naciones Unidas fue el escenario\u00a0<\/strong>donde el Coordinador Regional de Am\u00e9rica por la Asociaci\u00f3n Internacional de Seguridad Social\u00a0<strong>(AISS), Dr. Mariano Brener;<\/strong>\u00a0el Responsable del Centro de Bienvenida de Ginebra\u00a0<strong>(CAGI), Sr. Julien Beauvallet;<\/strong>\u00a0la Representante Permanente Alterna de Per\u00fa,\u00a0<strong>Dra. Mar\u00eda Antonia Masana Garc\u00eda<\/strong>; el embajador de la misi\u00f3n Argentina ante Naciones Unidas en Ginebra,\u00a0<strong>Dr. Carlos Foradori; representantes de organismos internacionales y dirigentes mutualistas de todo el mundo, fueron testigos de este importante acontecimiento para la econom\u00eda social.<\/strong><\/p>\n<div id=\"attachment_1599\" style=\"width: 690px\" class=\"wp-caption aligncenter\"><img aria-describedby=\"caption-attachment-1599\" decoding=\"async\" loading=\"lazy\" class=\"wp-image-1599 size-full\" src=\"http:\/\/fedemba.org.ar\/web\/wp-content\/uploads\/2018\/06\/IMG-20180605-WA0046.jpg\" alt=\"\" width=\"680\" height=\"828\" srcset=\"https:\/\/fedemba.org.ar\/web\/wp-content\/uploads\/2018\/06\/IMG-20180605-WA0046.jpg 680w, https:\/\/fedemba.org.ar\/web\/wp-content\/uploads\/2018\/06\/IMG-20180605-WA0046-246x300.jpg 246w\" sizes=\"(max-width: 680px) 100vw, 680px\" \/><p id=\"caption-attachment-1599\" class=\"wp-caption-text\"><strong>El Tesorero, Lic. Guillermo Palacios, y el Secretario, Sr. Hugo H. Bozzini, estuvieron con el Ministro de Trabajo de La Naci\u00f3n, Lic. Jorge Triaca.<\/strong><\/p><\/div>\n<p>La ceremonia se inici\u00f3 con los discursos de las autoridades presentes y luego se brind\u00f3 un espacio para que todas las entidades se expresen y conformen el equipo de trabajo que estar\u00e1 al frente de la\u00a0<strong>UMM<\/strong>. En este sentido,\u00a0<strong>en una emotiva designaci\u00f3n, fueron elegidos como Presidente, el Sr. Alfredo Sigliano, siendo el primer mutualista argentino en estar al frente de una entidad\u00a0 mutual internacional<\/strong>; como Secretario Ejecutivo, el Sr. Jos\u00e9 Lira Fern\u00e1ndez de Chile;\u00a0<strong>y como Tesorera la Secretaria de Promoci\u00f3n y Relaciones Institucionales de FEDEMBA, Dra. Rosa B. Rodr\u00edguez. Adem\u00e1s, fue electo como Vicepresidente el Presidente de Uni\u00f3n Africana de la Mutualidad (UAM), Sr. Abdelmoula Abdelmoumni, y cada continente, en principio Am\u00e9rica, \u00c1frica y Europa, tendr\u00e1 representantes en la Junta Ejecutiva.\u00a0<\/strong><\/p>\n<p>Es importante destacar que el Sr. Alfredo Sigliano es el Presidente de la Organizaci\u00f3n de Entidades Mutuales de las Am\u00e9ricas (ODEMA), de la Asociaci\u00f3n Mutual de Protecci\u00f3n Familiar (AMPF) y de la Asociaci\u00f3n Mutual del Personal de Comunicaciones, esta dos \u00faltimas entidades adheridas a FEDEMBA.<\/p>\n<p><img decoding=\"async\" loading=\"lazy\" class=\"alignleft size-large wp-image-1601\" src=\"http:\/\/fedemba.org.ar\/web\/wp-content\/uploads\/2018\/06\/IMG-20180605-WA0051-1024x768.jpg\" alt=\"\" width=\"1024\" height=\"768\" srcset=\"https:\/\/fedemba.org.ar\/web\/wp-content\/uploads\/2018\/06\/IMG-20180605-WA0051-1024x768.jpg 1024w, https:\/\/fedemba.org.ar\/web\/wp-content\/uploads\/2018\/06\/IMG-20180605-WA0051-300x225.jpg 300w, https:\/\/fedemba.org.ar\/web\/wp-content\/uploads\/2018\/06\/IMG-20180605-WA0051-768x576.jpg 768w, https:\/\/fedemba.org.ar\/web\/wp-content\/uploads\/2018\/06\/IMG-20180605-WA0051.jpg 1280w\" sizes=\"(max-width: 1024px) 100vw, 1024px\" \/><\/p>\n<p><img decoding=\"async\" loading=\"lazy\" class=\"size-large wp-image-1600 aligncenter\" src=\"http:\/\/fedemba.org.ar\/web\/wp-content\/uploads\/2018\/06\/IMG-20180605-WA0062-1024x768.jpg\" alt=\"\" width=\"1024\" height=\"768\" srcset=\"https:\/\/fedemba.org.ar\/web\/wp-content\/uploads\/2018\/06\/IMG-20180605-WA0062-1024x768.jpg 1024w, https:\/\/fedemba.org.ar\/web\/wp-content\/uploads\/2018\/06\/IMG-20180605-WA0062-300x225.jpg 300w, https:\/\/fedemba.org.ar\/web\/wp-content\/uploads\/2018\/06\/IMG-20180605-WA0062-768x576.jpg 768w, https:\/\/fedemba.org.ar\/web\/wp-content\/uploads\/2018\/06\/IMG-20180605-WA0062.jpg 1280w\" sizes=\"(max-width: 1024px) 100vw, 1024px\" \/><\/p>\n<p>Posteriormente,<strong>\u00a0el Sr. Abdelmoula Abdelmoumni habl\u00f3 junto a Alfredo Sigliano, agradeciendo a todos los presentes por su colaboraci\u00f3n<\/strong>\u00a0para concretar la creaci\u00f3n de la UMM<\/p>\n<p><img decoding=\"async\" loading=\"lazy\" class=\"alignleft size-full wp-image-1602\" src=\"http:\/\/fedemba.org.ar\/web\/wp-content\/uploads\/2018\/06\/IMG-20180605-WA0112.jpg\" alt=\"\" width=\"984\" height=\"738\" srcset=\"https:\/\/fedemba.org.ar\/web\/wp-content\/uploads\/2018\/06\/IMG-20180605-WA0112.jpg 984w, https:\/\/fedemba.org.ar\/web\/wp-content\/uploads\/2018\/06\/IMG-20180605-WA0112-300x225.jpg 300w, https:\/\/fedemba.org.ar\/web\/wp-content\/uploads\/2018\/06\/IMG-20180605-WA0112-768x576.jpg 768w\" sizes=\"(max-width: 984px) 100vw, 984px\" \/><\/p>\n<p>Cabe destacar que<strong>\u00a0UAM y ODEMA, entidades que ostentan la representatividad mutual en el continente Africano y Americano,<\/strong>respectivamente, fueron quienes impulsaron y pusieron los primeros cimientos en la construcci\u00f3n de la UMM,\u00a0<strong>acompa\u00f1ados por la colaboraci\u00f3n de FEDEMBA y otras entidades importantes representantes de cada pa\u00eds.<\/strong><\/p>\n<div id=\"attachment_1605\" style=\"width: 1034px\" class=\"wp-caption aligncenter\"><img aria-describedby=\"caption-attachment-1605\" decoding=\"async\" loading=\"lazy\" class=\"wp-image-1605 size-large\" src=\"http:\/\/fedemba.org.ar\/web\/wp-content\/uploads\/2018\/06\/IMG-20180605-WA0042-1024x768.jpg\" alt=\"\" width=\"1024\" height=\"768\" srcset=\"https:\/\/fedemba.org.ar\/web\/wp-content\/uploads\/2018\/06\/IMG-20180605-WA0042-1024x768.jpg 1024w, https:\/\/fedemba.org.ar\/web\/wp-content\/uploads\/2018\/06\/IMG-20180605-WA0042-300x225.jpg 300w, https:\/\/fedemba.org.ar\/web\/wp-content\/uploads\/2018\/06\/IMG-20180605-WA0042-768x576.jpg 768w, https:\/\/fedemba.org.ar\/web\/wp-content\/uploads\/2018\/06\/IMG-20180605-WA0042.jpg 1280w\" sizes=\"(max-width: 1024px) 100vw, 1024px\" \/><p id=\"caption-attachment-1605\" class=\"wp-caption-text\"><strong>De izq. a Der: El Responsable del Centro de Bienvenida de Ginebra (CAGI), Sr. Julien Beauvallet; el Coordinador Regional de Am\u00e9rica por la Asociaci\u00f3n Internacional de Seguridad Social (AISS), Dr. Mariano Brener; y el Director por ODEMA de Chile, nombrado Secretario Ejecutivo de la UMM, Sr. Jos\u00e9 Lira Fern\u00e1ndez.<\/strong><\/p><\/div>\n<div id=\"attachment_1607\" style=\"width: 1034px\" class=\"wp-caption aligncenter\"><img aria-describedby=\"caption-attachment-1607\" decoding=\"async\" loading=\"lazy\" class=\"wp-image-1607 size-large\" src=\"http:\/\/fedemba.org.ar\/web\/wp-content\/uploads\/2018\/06\/IMG-20180605-WA0096-1024x768.jpg\" alt=\"\" width=\"1024\" height=\"768\" srcset=\"https:\/\/fedemba.org.ar\/web\/wp-content\/uploads\/2018\/06\/IMG-20180605-WA0096-1024x768.jpg 1024w, https:\/\/fedemba.org.ar\/web\/wp-content\/uploads\/2018\/06\/IMG-20180605-WA0096-300x225.jpg 300w, https:\/\/fedemba.org.ar\/web\/wp-content\/uploads\/2018\/06\/IMG-20180605-WA0096-768x576.jpg 768w, https:\/\/fedemba.org.ar\/web\/wp-content\/uploads\/2018\/06\/IMG-20180605-WA0096.jpg 1280w\" sizes=\"(max-width: 1024px) 100vw, 1024px\" \/><p id=\"caption-attachment-1607\" class=\"wp-caption-text\"><strong>De izq. a der: El embajador de la misi\u00f3n Argentina ante Naciones Unidas en Ginebra, Dr. Carlos Foradori; la Representante Permanente Alterna de Per\u00fa, Dra. Mar\u00eda Antonia Masana Garc\u00eda; y el Presidente de la UMM, Sr. Alfredo Silgiano.<\/strong><\/p><\/div>\n<p><strong>La UMM adoptar\u00e1 los Objetivos de Desarrollo Sostenible propuestos por la ONU,<\/strong>\u00a0como gu\u00edas en su misi\u00f3n para llevar eficazmente el sistema solidario y garantizar el desarrollo humano en todo el planeta. En este sentido, gui\u00e1ndose por los principios de la econom\u00eda social,<strong>\u00a0la UMM nuclear\u00e1 y representar\u00e1 a todas las mutuales del mundo, sin hacer ninguna distinci\u00f3n por la actividad o los beneficios\u00a0 que brinden.<\/strong><\/p>\n<p><img decoding=\"async\" loading=\"lazy\" class=\"size-large wp-image-1609 aligncenter\" src=\"http:\/\/fedemba.org.ar\/web\/wp-content\/uploads\/2018\/06\/IMG-20180606-WA0007-768x1024.jpg\" alt=\"\" width=\"768\" height=\"1024\" srcset=\"https:\/\/fedemba.org.ar\/web\/wp-content\/uploads\/2018\/06\/IMG-20180606-WA0007-768x1024.jpg 768w, https:\/\/fedemba.org.ar\/web\/wp-content\/uploads\/2018\/06\/IMG-20180606-WA0007-225x300.jpg 225w, https:\/\/fedemba.org.ar\/web\/wp-content\/uploads\/2018\/06\/IMG-20180606-WA0007.jpg 960w\" sizes=\"(max-width: 768px) 100vw, 768px\" \/><\/p>\n<p><img decoding=\"async\" loading=\"lazy\" class=\"size-large wp-image-1608 aligncenter\" src=\"http:\/\/fedemba.org.ar\/web\/wp-content\/uploads\/2018\/06\/IMG-20180605-WA0090-1024x768.jpg\" alt=\"\" width=\"1024\" height=\"768\" srcset=\"https:\/\/fedemba.org.ar\/web\/wp-content\/uploads\/2018\/06\/IMG-20180605-WA0090-1024x768.jpg 1024w, https:\/\/fedemba.org.ar\/web\/wp-content\/uploads\/2018\/06\/IMG-20180605-WA0090-300x225.jpg 300w, https:\/\/fedemba.org.ar\/web\/wp-content\/uploads\/2018\/06\/IMG-20180605-WA0090-768x576.jpg 768w, https:\/\/fedemba.org.ar\/web\/wp-content\/uploads\/2018\/06\/IMG-20180605-WA0090.jpg 1280w\" sizes=\"(max-width: 1024px) 100vw, 1024px\" \/><\/p>\n<p>&nbsp;<\/p>\n<p>&nbsp;<\/p>\n<p>&nbsp;<\/p>\n<p>&nbsp;<\/p>\n","protected":false},"excerpt":{"rendered":"<p>La Federaci\u00f3n de Entidades Mutuales de Buenos Aires\u00a0(FEDEMBA) particip\u00f3 de la hist\u00f3rica Asamblea constitutiva de la Uni\u00f3n Mundial de la Mutualidad (UMM),\u00a0el pasado 5 de junio en la Ciudad de Ginebra, Suiza,\u00a0a trav\u00e9s de su Vicepresidente, Sr. Alberto S. Salom; el Secretario, Sr. Hugo H. Bozzini; y el Tesorero, Lic. Guillermo E. Palacios; y la [&hellip;]<\/p>\n","protected":false},"author":1,"featured_media":1603,"comment_status":"closed","ping_status":"closed","sticky":false,"template":"","format":"standard","meta":[],"categories":[1],"tags":[206,207,25,37,208,209,9,12,6,20,17,210,211,212,213,10,215,13,214,14,216,205],"_links":{"self":[{"href":"https:\/\/fedemba.org.ar\/web\/wp-json\/wp\/v2\/posts\/1598"}],"collection":[{"href":"https:\/\/fedemba.org.ar\/web\/wp-json\/wp\/v2\/posts"}],"about":[{"href":"https:\/\/fedemba.org.ar\/web\/wp-json\/wp\/v2\/types\/post"}],"author":[{"embeddable":true,"href":"https:\/\/fedemba.org.ar\/web\/wp-json\/wp\/v2\/users\/1"}],"replies":[{"embeddable":true,"href":"https:\/\/fedemba.org.ar\/web\/wp-json\/wp\/v2\/comments?post=1598"}],"version-history":[{"count":3,"href":"https:\/\/fedemba.org.ar\/web\/wp-json\/wp\/v2\/posts\/1598\/revisions"}],"predecessor-version":[{"id":1616,"href":"https:\/\/fedemba.org.ar\/web\/wp-json\/wp\/v2\/posts\/1598\/revisions\/1616"}],"wp:featuredmedia":[{"embeddable":true,"href":"https:\/\/fedemba.org.ar\/web\/wp-json\/wp\/v2\/media\/1603"}],"wp:attachment":[{"href":"https:\/\/fedemba.org.ar\/web\/wp-json\/wp\/v2\/media?parent=1598"}],"wp:term":[{"taxonomy":"category","embeddable":true,"href":"https:\/\/fedemba.org.ar\/web\/wp-json\/wp\/v2\/categories?post=1598"},{"taxonomy":"post_tag","embeddable":true,"href":"https:\/\/fedemba.org.ar\/web\/wp-json\/wp\/v2\/tags?post=1598"}],"curies":[{"name":"wp","href":"https:\/\/api.w.org\/{rel}","templated":true}]}}