{"id":1692,"date":"2018-09-13T14:50:19","date_gmt":"2018-09-13T17:50:19","guid":{"rendered":"http:\/\/fedemba.org.ar\/web\/?p=1692"},"modified":"2018-09-13T14:52:43","modified_gmt":"2018-09-13T17:52:43","slug":"noticias-de-mutuales-adheridas-ameport-entrego-juguetes-y-ropa-al-comedor-infantil-pancita-llena-corazon-contento","status":"publish","type":"post","link":"https:\/\/fedemba.org.ar\/web\/noticias-de-mutuales-adheridas-ameport-entrego-juguetes-y-ropa-al-comedor-infantil-pancita-llena-corazon-contento\/","title":{"rendered":"NOTICIAS DE MUTUALES ADHERIDAS: AMEPORT ENTREG\u00d3 JUGUETES Y ROPA AL COMEDOR INFANTIL \u201cPANCITA LLENA, CORAZON CONTENTO\u201d"},"content":{"rendered":"<p><strong>La mutual AMEPORT, entidad adherida a FEDEMBA, contin\u00faa con sus acciones solidarias.<\/strong> En esta oportunidad, el pasado 6 de septiembre, <strong>se acerc\u00f3 al comedor infantil \u201cPancita Llena, Coraz\u00f3n contento\u201d del barrio porte\u00f1o de La Boca, donde entreg\u00f3 diversas ropas y juguetes para los nenes y nenas del lugar.<\/strong><\/p>\n<p><strong>La entrega se hizo posible gracias a la colaboraci\u00f3n de la Fundaci\u00f3n \u201cHaciendo Lio\u201d y del aporte de los asociados de AMEPORT<\/strong>, quienes a trav\u00e9s de la campa\u00f1a \u201cEl Ropero Solidario\u201d que realiza la mutual donaron diversas prendas para aquellos ni\u00f1os y ni\u00f1as de escasos recursos.<\/p>\n<p><img decoding=\"async\" loading=\"lazy\" class=\"size-large wp-image-1693 aligncenter\" src=\"http:\/\/fedemba.org.ar\/web\/wp-content\/uploads\/2018\/09\/Foto_02-1024x683.jpg\" alt=\"\" width=\"1024\" height=\"683\" srcset=\"https:\/\/fedemba.org.ar\/web\/wp-content\/uploads\/2018\/09\/Foto_02-1024x683.jpg 1024w, https:\/\/fedemba.org.ar\/web\/wp-content\/uploads\/2018\/09\/Foto_02-300x200.jpg 300w, https:\/\/fedemba.org.ar\/web\/wp-content\/uploads\/2018\/09\/Foto_02-768x512.jpg 768w, https:\/\/fedemba.org.ar\/web\/wp-content\/uploads\/2018\/09\/Foto_02.jpg 1200w\" sizes=\"(max-width: 1024px) 100vw, 1024px\" \/><\/p>\n<p><strong>El Comedor \u00abPancita Llena, Coraz\u00f3n Contento\u00bb\u00a0fue creado por Marcela Ver\u00f3nica Morales<\/strong>, una mujer fuerte y luchadora que vivi\u00f3 una infancia dura y dif\u00edcil. Movida por su amoroso coraz\u00f3n emprendi\u00f3 este proyecto, en principio para ayudar con un plato de comida a los ni\u00f1os de los conventillos <strong>del Barrio de La Boca<\/strong> y siempre apostando a la educaci\u00f3n como medio para salir adelante.\u00a0 Adem\u00e1s, esta entidad solidaria, realiza recorridas nocturnas brindando alimentos y abrigos a personas en situaci\u00f3n de calle.<\/p>\n<p><img decoding=\"async\" loading=\"lazy\" class=\"size-large wp-image-1694 aligncenter\" src=\"http:\/\/fedemba.org.ar\/web\/wp-content\/uploads\/2018\/09\/Foto_01-1024x683.jpg\" alt=\"\" width=\"1024\" height=\"683\" srcset=\"https:\/\/fedemba.org.ar\/web\/wp-content\/uploads\/2018\/09\/Foto_01-1024x683.jpg 1024w, https:\/\/fedemba.org.ar\/web\/wp-content\/uploads\/2018\/09\/Foto_01-300x200.jpg 300w, https:\/\/fedemba.org.ar\/web\/wp-content\/uploads\/2018\/09\/Foto_01-768x512.jpg 768w, https:\/\/fedemba.org.ar\/web\/wp-content\/uploads\/2018\/09\/Foto_01.jpg 1200w\" sizes=\"(max-width: 1024px) 100vw, 1024px\" \/> <img decoding=\"async\" loading=\"lazy\" class=\"size-large wp-image-1695 aligncenter\" src=\"http:\/\/fedemba.org.ar\/web\/wp-content\/uploads\/2018\/09\/Foto_04-1024x683.jpg\" alt=\"\" width=\"1024\" height=\"683\" srcset=\"https:\/\/fedemba.org.ar\/web\/wp-content\/uploads\/2018\/09\/Foto_04-1024x683.jpg 1024w, https:\/\/fedemba.org.ar\/web\/wp-content\/uploads\/2018\/09\/Foto_04-300x200.jpg 300w, https:\/\/fedemba.org.ar\/web\/wp-content\/uploads\/2018\/09\/Foto_04-768x512.jpg 768w, https:\/\/fedemba.org.ar\/web\/wp-content\/uploads\/2018\/09\/Foto_04.jpg 1200w\" sizes=\"(max-width: 1024px) 100vw, 1024px\" \/><\/p>\n<p><strong>AMEPORT lleg\u00f3 a este Comedor por medio de la Fundaci\u00f3n\u00a0\u201cHaciendo Lio\u201d\u00a0<\/strong>que preside <strong>Jos\u00e9 Bergoglio,<\/strong> una asociaci\u00f3n civil joven, impulsada y alineada con los mensajes del Papa Francisco. La organizaci\u00f3n fue fundada en el a\u00f1o 2015 bajo la consigna de la Jornada Mundial de la Juventud, donde el Papa convoc\u00f3 a los j\u00f3venes argentinos a \u201chacer l\u00edo\u201d, en favor de la Paz y el Amor al Pr\u00f3jimo. Alejandro Rodr\u00edguez, colaborado de la ONG dijo:\u00a0<em>\u201cDesde Haciendo Lio no solo nos preocupamos por darle alimentos a los chicos que lo necesitan, tambi\u00e9n focalizamos en estimularles el juego, la diversi\u00f3n y ense\u00f1arles valores referidos a la importancia de compartir, del compa\u00f1erismo y el respeto por el otro\u201d.<\/em><\/p>\n<p><img decoding=\"async\" loading=\"lazy\" class=\"size-large wp-image-1696 aligncenter\" src=\"http:\/\/fedemba.org.ar\/web\/wp-content\/uploads\/2018\/09\/Foto_05-1024x683.jpg\" alt=\"\" width=\"1024\" height=\"683\" srcset=\"https:\/\/fedemba.org.ar\/web\/wp-content\/uploads\/2018\/09\/Foto_05-1024x683.jpg 1024w, https:\/\/fedemba.org.ar\/web\/wp-content\/uploads\/2018\/09\/Foto_05-300x200.jpg 300w, https:\/\/fedemba.org.ar\/web\/wp-content\/uploads\/2018\/09\/Foto_05-768x512.jpg 768w, https:\/\/fedemba.org.ar\/web\/wp-content\/uploads\/2018\/09\/Foto_05.jpg 1200w\" sizes=\"(max-width: 1024px) 100vw, 1024px\" \/><\/p>\n<h4><span style=\"color: #800080;\"><strong>V\u00f3s tambi\u00e9n pod\u00e9s aportar tu granito de solidaridad tal como hizo AMEPORT.<\/strong><\/span><\/h4>\n<h4><strong>Para comunicarte con el Comedor \u201cPancita Llena, Coraz\u00f3n Contento\u201d:<\/strong><\/h4>\n<p><strong>TEL:\u00a0<\/strong>4303-3296<\/p>\n<p><strong>FACEBOOK:<\/strong> <a href=\"https:\/\/www.facebook.com\/ComedorPancitallenaCorazoncontento\">https:\/\/www.facebook.com\/ComedorPancitallenaCorazoncontento<\/a><\/p>\n<p><strong>DIRECCI\u00d3N:<\/strong>\u00a0BRANSEN 470 \u2013\u00a0La Boca<\/p>\n<p><img decoding=\"async\" loading=\"lazy\" class=\"size-large wp-image-1697 aligncenter\" src=\"http:\/\/fedemba.org.ar\/web\/wp-content\/uploads\/2018\/09\/Foto_03-1024x683.jpg\" alt=\"\" width=\"1024\" height=\"683\" srcset=\"https:\/\/fedemba.org.ar\/web\/wp-content\/uploads\/2018\/09\/Foto_03-1024x683.jpg 1024w, https:\/\/fedemba.org.ar\/web\/wp-content\/uploads\/2018\/09\/Foto_03-300x200.jpg 300w, https:\/\/fedemba.org.ar\/web\/wp-content\/uploads\/2018\/09\/Foto_03-768x512.jpg 768w, https:\/\/fedemba.org.ar\/web\/wp-content\/uploads\/2018\/09\/Foto_03.jpg 1200w\" sizes=\"(max-width: 1024px) 100vw, 1024px\" \/><\/p>\n","protected":false},"excerpt":{"rendered":"<p>La mutual AMEPORT, entidad adherida a FEDEMBA, contin\u00faa con sus acciones solidarias. En esta oportunidad, el pasado 6 de septiembre, se acerc\u00f3 al comedor infantil \u201cPancita Llena, Coraz\u00f3n contento\u201d del barrio porte\u00f1o de La Boca, donde entreg\u00f3 diversas ropas y juguetes para los nenes y nenas del lugar. La entrega se hizo posible gracias a [&hellip;]<\/p>\n","protected":false},"author":1,"featured_media":1697,"comment_status":"closed","ping_status":"closed","sticky":false,"template":"","format":"standard","meta":[],"categories":[1],"tags":[30,252,253,12,6,255,254,10],"_links":{"self":[{"href":"https:\/\/fedemba.org.ar\/web\/wp-json\/wp\/v2\/posts\/1692"}],"collection":[{"href":"https:\/\/fedemba.org.ar\/web\/wp-json\/wp\/v2\/posts"}],"about":[{"href":"https:\/\/fedemba.org.ar\/web\/wp-json\/wp\/v2\/types\/post"}],"author":[{"embeddable":true,"href":"https:\/\/fedemba.org.ar\/web\/wp-json\/wp\/v2\/users\/1"}],"replies":[{"embeddable":true,"href":"https:\/\/fedemba.org.ar\/web\/wp-json\/wp\/v2\/comments?post=1692"}],"version-history":[{"count":3,"href":"https:\/\/fedemba.org.ar\/web\/wp-json\/wp\/v2\/posts\/1692\/revisions"}],"predecessor-version":[{"id":1700,"href":"https:\/\/fedemba.org.ar\/web\/wp-json\/wp\/v2\/posts\/1692\/revisions\/1700"}],"wp:featuredmedia":[{"embeddable":true,"href":"https:\/\/fedemba.org.ar\/web\/wp-json\/wp\/v2\/media\/1697"}],"wp:attachment":[{"href":"https:\/\/fedemba.org.ar\/web\/wp-json\/wp\/v2\/media?parent=1692"}],"wp:term":[{"taxonomy":"category","embeddable":true,"href":"https:\/\/fedemba.org.ar\/web\/wp-json\/wp\/v2\/categories?post=1692"},{"taxonomy":"post_tag","embeddable":true,"href":"https:\/\/fedemba.org.ar\/web\/wp-json\/wp\/v2\/tags?post=1692"}],"curies":[{"name":"wp","href":"https:\/\/api.w.org\/{rel}","templated":true}]}}