{"id":172,"date":"2012-09-29T14:36:55","date_gmt":"2012-09-29T17:36:55","guid":{"rendered":"http:\/\/fedemba.org.ar\/web\/?p=172"},"modified":"2015-05-14T14:46:53","modified_gmt":"2015-05-14T17:46:53","slug":"fedemba-organizo-jornada-de-capacitacion-sobre-economia-social-y-solidaria-y-control-de-gestion","status":"publish","type":"post","link":"https:\/\/fedemba.org.ar\/web\/fedemba-organizo-jornada-de-capacitacion-sobre-economia-social-y-solidaria-y-control-de-gestion\/","title":{"rendered":"Jornada de Capacitaci\u00f3n \u201cHerramientas que permitan la realizaci\u00f3n de emprendimientos de la Econom\u00eda Social y Solidaria y control de gesti\u00f3n\u201d"},"content":{"rendered":"<p>El 27 de septiembre de 2012 se desarroll\u00f3 la Jornada de Capacitaci\u00f3n \u201cHerramientas que permitan la realizaci\u00f3n de emprendimientos de la Econom\u00eda Social y Solidaria y control de gesti\u00f3n\u201d, organizada por\u00a0 FEDEMBA y CONAM, en la Escuela de Pasteler\u00eda Profesional de la Asociaci\u00f3n Mutual 12 de Enero Trabajadores Pasteleros, Confiteros, Pizzeros, Heladeros, Alfajoreros y Servicios R\u00e1pidos.<\/p>\n<p>Al finalizar dicha Jornada, se comparti\u00f3 un almuerzo de camarader\u00eda en el cual FEDEMBA, con una plaqueta, y CONAM y AMUCHAFE, a trav\u00e9s de una escultura, homenajearon a directivos de gran trayectoria como el Sr. Ra\u00fal Fern\u00e1ndez, el Sr. Manuel Balea Reino y el Sr. Alfredo Sigliano, como as\u00ed tambi\u00e9n a la Asociaci\u00f3n Mutual de Protecci\u00f3n Mutua Mariano Moreno, que lleva 118 a\u00f1os en el mutualismo.<\/p>\n<p><a href=\"http:\/\/fedemba.org.ar\/web\/wp-content\/uploads\/2012\/09\/DSCN0023.jpg\"><img decoding=\"async\" loading=\"lazy\" class=\"alignleft  wp-image-261\" src=\"http:\/\/fedemba.org.ar\/web\/wp-content\/uploads\/2012\/09\/DSCN0023-300x225.jpg\" alt=\"DSCN0023\" width=\"360\" height=\"270\" srcset=\"https:\/\/fedemba.org.ar\/web\/wp-content\/uploads\/2012\/09\/DSCN0023-300x225.jpg 300w, https:\/\/fedemba.org.ar\/web\/wp-content\/uploads\/2012\/09\/DSCN0023-1024x768.jpg 1024w\" sizes=\"(max-width: 360px) 100vw, 360px\" \/><\/a><img decoding=\"async\" loading=\"lazy\" class=\"alignleft  wp-image-262\" src=\"http:\/\/fedemba.org.ar\/web\/wp-content\/uploads\/2012\/09\/DSC_5942-300x199.jpg\" alt=\"DSC_5942\" width=\"403\" height=\"267\" srcset=\"https:\/\/fedemba.org.ar\/web\/wp-content\/uploads\/2012\/09\/DSC_5942-300x199.jpg 300w, https:\/\/fedemba.org.ar\/web\/wp-content\/uploads\/2012\/09\/DSC_5942-1024x678.jpg 1024w\" sizes=\"(max-width: 403px) 100vw, 403px\" \/><\/p>\n<p>&nbsp;<\/p>\n<p>&nbsp;<\/p>\n<p>&nbsp;<\/p>\n<p>&nbsp;<\/p>\n<p>&nbsp;<\/p>\n<p>&nbsp;<\/p>\n<p><a href=\"http:\/\/fedemba.org.ar\/web\/wp-content\/uploads\/2012\/09\/DSC_6063.jpg\"><img decoding=\"async\" loading=\"lazy\" class=\"alignleft size-medium wp-image-295\" src=\"http:\/\/fedemba.org.ar\/web\/wp-content\/uploads\/2012\/09\/DSC_6063-199x300.jpg\" alt=\"DSC_6063\" width=\"199\" height=\"300\" srcset=\"https:\/\/fedemba.org.ar\/web\/wp-content\/uploads\/2012\/09\/DSC_6063-199x300.jpg 199w, https:\/\/fedemba.org.ar\/web\/wp-content\/uploads\/2012\/09\/DSC_6063-678x1024.jpg 678w\" sizes=\"(max-width: 199px) 100vw, 199px\" \/><\/a> <a href=\"http:\/\/fedemba.org.ar\/web\/wp-content\/uploads\/2012\/09\/DSC_6076.jpg\"><img decoding=\"async\" loading=\"lazy\" class=\"alignleft size-medium wp-image-296\" src=\"http:\/\/fedemba.org.ar\/web\/wp-content\/uploads\/2012\/09\/DSC_6076-300x199.jpg\" alt=\"DSC_6076\" width=\"300\" height=\"199\" srcset=\"https:\/\/fedemba.org.ar\/web\/wp-content\/uploads\/2012\/09\/DSC_6076-300x199.jpg 300w, https:\/\/fedemba.org.ar\/web\/wp-content\/uploads\/2012\/09\/DSC_6076-1024x678.jpg 1024w\" sizes=\"(max-width: 300px) 100vw, 300px\" \/><\/a> <a href=\"http:\/\/fedemba.org.ar\/web\/wp-content\/uploads\/2012\/09\/DSC_6131.jpg\"><img decoding=\"async\" loading=\"lazy\" class=\"alignleft size-medium wp-image-298\" src=\"http:\/\/fedemba.org.ar\/web\/wp-content\/uploads\/2012\/09\/DSC_6131-300x199.jpg\" alt=\"DSC_6131\" width=\"300\" height=\"199\" srcset=\"https:\/\/fedemba.org.ar\/web\/wp-content\/uploads\/2012\/09\/DSC_6131-300x199.jpg 300w, https:\/\/fedemba.org.ar\/web\/wp-content\/uploads\/2012\/09\/DSC_6131-1024x678.jpg 1024w\" sizes=\"(max-width: 300px) 100vw, 300px\" \/><\/a><\/p>\n<p>&nbsp;<\/p>\n<p>&nbsp;<\/p>\n<p>&nbsp;<\/p>\n<p>&nbsp;<\/p>\n<p><a href=\"http:\/\/fedemba.org.ar\/web\/wp-content\/uploads\/2012\/09\/paguina-fedemba.jpg\"><img decoding=\"async\" loading=\"lazy\" class=\"alignleft  wp-image-263\" src=\"http:\/\/fedemba.org.ar\/web\/wp-content\/uploads\/2012\/09\/paguina-fedemba-199x300.jpg\" alt=\"paguina fedemba\" width=\"164\" height=\"248\" srcset=\"https:\/\/fedemba.org.ar\/web\/wp-content\/uploads\/2012\/09\/paguina-fedemba-199x300.jpg 199w, https:\/\/fedemba.org.ar\/web\/wp-content\/uploads\/2012\/09\/paguina-fedemba-678x1024.jpg 678w, https:\/\/fedemba.org.ar\/web\/wp-content\/uploads\/2012\/09\/paguina-fedemba.jpg 1632w\" sizes=\"(max-width: 164px) 100vw, 164px\" \/><\/a><a href=\"http:\/\/fedemba.org.ar\/web\/wp-content\/uploads\/2012\/09\/paguina-fedemba-2.jpg\"><img decoding=\"async\" loading=\"lazy\" class=\"alignleft  wp-image-264\" src=\"http:\/\/fedemba.org.ar\/web\/wp-content\/uploads\/2012\/09\/paguina-fedemba-2-300x199.jpg\" alt=\"paguina fedemba 2\" width=\"376\" height=\"249\" srcset=\"https:\/\/fedemba.org.ar\/web\/wp-content\/uploads\/2012\/09\/paguina-fedemba-2-300x199.jpg 300w, https:\/\/fedemba.org.ar\/web\/wp-content\/uploads\/2012\/09\/paguina-fedemba-2-1024x678.jpg 1024w\" sizes=\"(max-width: 376px) 100vw, 376px\" \/><\/a><\/p>\n","protected":false},"excerpt":{"rendered":"<p>El 27 de septiembre de 2012 se desarroll\u00f3 la Jornada de Capacitaci\u00f3n \u201cHerramientas que permitan la realizaci\u00f3n de emprendimientos de la Econom\u00eda Social y Solidaria y control de gesti\u00f3n\u201d, organizada por FEDEMBA y CONAM, en la Escuela de Pasteler\u00eda Profesional de la Asociaci\u00f3n Mutual 12 de Enero Trabajadores Pasteleros, Confiteros, Pizzeros, Heladeros, Alfajoreros y Servicios R\u00e1pidos.<\/p>\n","protected":false},"author":1,"featured_media":265,"comment_status":"closed","ping_status":"closed","sticky":false,"template":"","format":"standard","meta":[],"categories":[1],"tags":[18,9,12,6,15,16,10],"_links":{"self":[{"href":"https:\/\/fedemba.org.ar\/web\/wp-json\/wp\/v2\/posts\/172"}],"collection":[{"href":"https:\/\/fedemba.org.ar\/web\/wp-json\/wp\/v2\/posts"}],"about":[{"href":"https:\/\/fedemba.org.ar\/web\/wp-json\/wp\/v2\/types\/post"}],"author":[{"embeddable":true,"href":"https:\/\/fedemba.org.ar\/web\/wp-json\/wp\/v2\/users\/1"}],"replies":[{"embeddable":true,"href":"https:\/\/fedemba.org.ar\/web\/wp-json\/wp\/v2\/comments?post=172"}],"version-history":[{"count":8,"href":"https:\/\/fedemba.org.ar\/web\/wp-json\/wp\/v2\/posts\/172\/revisions"}],"predecessor-version":[{"id":299,"href":"https:\/\/fedemba.org.ar\/web\/wp-json\/wp\/v2\/posts\/172\/revisions\/299"}],"wp:featuredmedia":[{"embeddable":true,"href":"https:\/\/fedemba.org.ar\/web\/wp-json\/wp\/v2\/media\/265"}],"wp:attachment":[{"href":"https:\/\/fedemba.org.ar\/web\/wp-json\/wp\/v2\/media?parent=172"}],"wp:term":[{"taxonomy":"category","embeddable":true,"href":"https:\/\/fedemba.org.ar\/web\/wp-json\/wp\/v2\/categories?post=172"},{"taxonomy":"post_tag","embeddable":true,"href":"https:\/\/fedemba.org.ar\/web\/wp-json\/wp\/v2\/tags?post=172"}],"curies":[{"name":"wp","href":"https:\/\/api.w.org\/{rel}","templated":true}]}}