{"id":1725,"date":"2018-10-18T17:01:06","date_gmt":"2018-10-18T20:01:06","guid":{"rendered":"http:\/\/fedemba.org.ar\/web\/?p=1725"},"modified":"2018-10-18T17:54:56","modified_gmt":"2018-10-18T20:54:56","slug":"noticias-de-mutuales-adheridas-ameport-ammma-la-argentina","status":"publish","type":"post","link":"https:\/\/fedemba.org.ar\/web\/noticias-de-mutuales-adheridas-ameport-ammma-la-argentina\/","title":{"rendered":"NOTICIAS DE MUTUALES ADHERIDAS AMEPORT\/AMMMA\/LA ARGENTINA"},"content":{"rendered":"<h3><strong>PRESENTACI\u00d3N DEL LIBRO \u201cSUICIDIO, PERSPECTIVAS TE\u00d3RICAS Y CL\u00cdNICAS\u00bb EN LA SEDE DE AMEPORT<\/strong><\/h3>\n<p>La Mutual <strong>AMEPORT, entidad adherida a FEDEMBA, realiz\u00f3 la presentaci\u00f3n del libro \u00abSuicidio, Perspectivas Te\u00f3ricas y Cl\u00ednicas\u00bb de los Sres.\u00a0Nestor Ricardo Stingo y Gabriel Espi\u00f1o, cuyo pr\u00f3logo fue elaborado por el Dr. Nelson Castro<\/strong>, el pasado 10 de octubre en la sede de la mutual.<\/p>\n<p>En medio de un clima de camarader\u00eda, <strong>el Presidente de AMEPORT, Sr. Alberto Salom, fue quien dio la bienvenida a los presentes<\/strong> y\u00a0expres\u00f3 similitudes entre el trabajo de redactar un libro y su experiencia cuando se fund\u00f3 la mutual, destacando la capacidad de emprender, agruparse y pensar en conjunto para lograr los objetivos propuestos.<\/p>\n<p><img decoding=\"async\" loading=\"lazy\" class=\"alignleft size-large wp-image-1726\" src=\"http:\/\/fedemba.org.ar\/web\/wp-content\/uploads\/2018\/10\/Edit-2-1024x768.jpg\" alt=\"\" width=\"1024\" height=\"768\" srcset=\"https:\/\/fedemba.org.ar\/web\/wp-content\/uploads\/2018\/10\/Edit-2-1024x768.jpg 1024w, https:\/\/fedemba.org.ar\/web\/wp-content\/uploads\/2018\/10\/Edit-2-300x225.jpg 300w, https:\/\/fedemba.org.ar\/web\/wp-content\/uploads\/2018\/10\/Edit-2-768x576.jpg 768w, https:\/\/fedemba.org.ar\/web\/wp-content\/uploads\/2018\/10\/Edit-2.jpg 1200w\" sizes=\"(max-width: 1024px) 100vw, 1024px\" \/> <img decoding=\"async\" loading=\"lazy\" class=\"alignleft size-large wp-image-1727\" src=\"http:\/\/fedemba.org.ar\/web\/wp-content\/uploads\/2018\/10\/Edit-4-1024x768.jpg\" alt=\"\" width=\"1024\" height=\"768\" srcset=\"https:\/\/fedemba.org.ar\/web\/wp-content\/uploads\/2018\/10\/Edit-4-1024x768.jpg 1024w, https:\/\/fedemba.org.ar\/web\/wp-content\/uploads\/2018\/10\/Edit-4-300x225.jpg 300w, https:\/\/fedemba.org.ar\/web\/wp-content\/uploads\/2018\/10\/Edit-4-768x576.jpg 768w, https:\/\/fedemba.org.ar\/web\/wp-content\/uploads\/2018\/10\/Edit-4.jpg 1200w\" sizes=\"(max-width: 1024px) 100vw, 1024px\" \/><\/p>\n<p>Posteriormente <strong>el Dr. Guillermo Alonso Sainz y\u00a0 el Dr. Jos\u00e9 Luis Somoza, ambos abogados, realizaron una s\u00edntesis sobre todoslos cap\u00edtulos que est\u00e1n en el libro.<\/strong><\/p>\n<p>Finalmente todos los presentes compartieron un brindis en homenaje, en donde los autores dialogaron e intercambiaron opiniones con el p\u00fablico presente.<\/p>\n<p><img decoding=\"async\" loading=\"lazy\" class=\"alignleft size-large wp-image-1728\" src=\"http:\/\/fedemba.org.ar\/web\/wp-content\/uploads\/2018\/10\/Edit-3-1024x768.jpg\" alt=\"\" width=\"1024\" height=\"768\" srcset=\"https:\/\/fedemba.org.ar\/web\/wp-content\/uploads\/2018\/10\/Edit-3-1024x768.jpg 1024w, https:\/\/fedemba.org.ar\/web\/wp-content\/uploads\/2018\/10\/Edit-3-300x225.jpg 300w, https:\/\/fedemba.org.ar\/web\/wp-content\/uploads\/2018\/10\/Edit-3-768x576.jpg 768w, https:\/\/fedemba.org.ar\/web\/wp-content\/uploads\/2018\/10\/Edit-3.jpg 1200w\" sizes=\"(max-width: 1024px) 100vw, 1024px\" \/><\/p>\n<p>&nbsp;<\/p>\n<h3><\/h3>\n<h3><\/h3>\n<h3><\/h3>\n<h3><strong>LA ASOCIACI\u00d3N MUTUALISTA LA ARGENTINA CUMPLI\u00d3 138 A\u00d1OS<\/strong><\/h3>\n<p><strong>La hist\u00f3rica\u00a0<\/strong><strong>ASOCIACI\u00d3N MUTUALISTA LA ARGENTINA<\/strong><strong>, entidad adherida a FEDEMBA, cumpli\u00f3\u00a0 138 A\u00d1OS de existencia el pasado 17 de octubre.<\/strong><\/p>\n<p><strong>Esta mutual, que fuera una de las primeras en posicionarse en Argentina, tuvo entre sus pasillos a hist\u00f3ricos artistas, dramaturgos y famosos, como Mirtha Legrand, Soledad Silveyra, entre otros,<\/strong> quienes utilizaron el gran sal\u00f3n de la mutual para realizar festivales, ceremonias y hasta obras de teatro.<\/p>\n<p><strong>Felicitamos a la mutual por\u00a0la importante tarea solidaria que llevan a cabo d\u00eda a d\u00eda y le auguramos los mejores \u00e9xitos en los pr\u00f3ximos a\u00f1os.<\/strong><\/p>\n<h3><strong>AMMMA PARTICIP\u00d3 EN LA EXPO AUTOCL\u00c1SICA 2018<\/strong><\/h3>\n<p>La Asociaci\u00f3n Mutual de Motociclistas y Mensajeros Argentinos <strong>(AMMMA), entidad adherida a FEDEMBA, particip\u00f3 en la exposici\u00f3n \u00abAutoCl\u00e1sica\u00bb 2018, la m\u00e1s importante de toda Sudam\u00e9rica,<\/strong> del 12 al 15 de octubre en el Hip\u00f3dromo de San Isidro.<\/p>\n<p><strong>La mutual particip\u00f3 con un stand en esta expo, desde el cual recibieron a todos los fan\u00e1ticos de motos y autos que pasaron por el predio.<\/strong> En este sentido, AMMMA aprovech\u00f3 para presentar los diversos beneficios y actividades que brinda la mutual en todo el pa\u00eds a los motociclistas.<\/p>\n<p><img decoding=\"async\" loading=\"lazy\" class=\"alignleft size-full wp-image-1731\" src=\"http:\/\/fedemba.org.ar\/web\/wp-content\/uploads\/2018\/10\/44135739_932170300307119_6383750552223744000_n.jpg\" alt=\"\" width=\"960\" height=\"639\" srcset=\"https:\/\/fedemba.org.ar\/web\/wp-content\/uploads\/2018\/10\/44135739_932170300307119_6383750552223744000_n.jpg 960w, https:\/\/fedemba.org.ar\/web\/wp-content\/uploads\/2018\/10\/44135739_932170300307119_6383750552223744000_n-300x200.jpg 300w, https:\/\/fedemba.org.ar\/web\/wp-content\/uploads\/2018\/10\/44135739_932170300307119_6383750552223744000_n-768x511.jpg 768w\" sizes=\"(max-width: 960px) 100vw, 960px\" \/><\/p>\n<p><strong> Cabe destacar que la \u00abAutoCl\u00e1sica\u00bb fue reconocida en 2016 por la\u00a0<\/strong>F\u00e9d\u00e9ration Internationale des V\u00e9hicules Anciens (<strong>FIVA) como uno de los 8 eventos automovil\u00edsticos m\u00e1s importantes del mundo. <\/strong><\/p>\n<p><img decoding=\"async\" loading=\"lazy\" class=\"alignleft size-full wp-image-1729\" src=\"http:\/\/fedemba.org.ar\/web\/wp-content\/uploads\/2018\/10\/44096658_2401342606559373_4149050373438439424_n.jpg\" alt=\"\" width=\"960\" height=\"559\" srcset=\"https:\/\/fedemba.org.ar\/web\/wp-content\/uploads\/2018\/10\/44096658_2401342606559373_4149050373438439424_n.jpg 960w, https:\/\/fedemba.org.ar\/web\/wp-content\/uploads\/2018\/10\/44096658_2401342606559373_4149050373438439424_n-300x175.jpg 300w, https:\/\/fedemba.org.ar\/web\/wp-content\/uploads\/2018\/10\/44096658_2401342606559373_4149050373438439424_n-768x447.jpg 768w\" sizes=\"(max-width: 960px) 100vw, 960px\" \/> <img decoding=\"async\" loading=\"lazy\" class=\"alignleft size-large wp-image-1730\" src=\"http:\/\/fedemba.org.ar\/web\/wp-content\/uploads\/2018\/10\/44182364_271013363417877_2710831384112398336_n.jpg\" alt=\"\" width=\"960\" height=\"639\" srcset=\"https:\/\/fedemba.org.ar\/web\/wp-content\/uploads\/2018\/10\/44182364_271013363417877_2710831384112398336_n.jpg 960w, https:\/\/fedemba.org.ar\/web\/wp-content\/uploads\/2018\/10\/44182364_271013363417877_2710831384112398336_n-300x200.jpg 300w, https:\/\/fedemba.org.ar\/web\/wp-content\/uploads\/2018\/10\/44182364_271013363417877_2710831384112398336_n-768x511.jpg 768w\" sizes=\"(max-width: 960px) 100vw, 960px\" \/><\/p>\n<p>&nbsp;<\/p>\n<p>&nbsp;<\/p>\n","protected":false},"excerpt":{"rendered":"<p>PRESENTACI\u00d3N DEL LIBRO \u201cSUICIDIO, PERSPECTIVAS TE\u00d3RICAS Y CL\u00cdNICAS\u00bb EN LA SEDE DE AMEPORT La Mutual AMEPORT, entidad adherida a FEDEMBA, realiz\u00f3 la presentaci\u00f3n del libro \u00abSuicidio, Perspectivas Te\u00f3ricas y Cl\u00ednicas\u00bb de los Sres.\u00a0Nestor Ricardo Stingo y Gabriel Espi\u00f1o, cuyo pr\u00f3logo fue elaborado por el Dr. Nelson Castro, el pasado 10 de octubre en la sede [&hellip;]<\/p>\n","protected":false},"author":1,"featured_media":636,"comment_status":"closed","ping_status":"closed","sticky":false,"template":"","format":"standard","meta":[],"categories":[1],"tags":[25,30,180,33,269,12,6,263,267,270,268,10,266,262,265,264],"_links":{"self":[{"href":"https:\/\/fedemba.org.ar\/web\/wp-json\/wp\/v2\/posts\/1725"}],"collection":[{"href":"https:\/\/fedemba.org.ar\/web\/wp-json\/wp\/v2\/posts"}],"about":[{"href":"https:\/\/fedemba.org.ar\/web\/wp-json\/wp\/v2\/types\/post"}],"author":[{"embeddable":true,"href":"https:\/\/fedemba.org.ar\/web\/wp-json\/wp\/v2\/users\/1"}],"replies":[{"embeddable":true,"href":"https:\/\/fedemba.org.ar\/web\/wp-json\/wp\/v2\/comments?post=1725"}],"version-history":[{"count":4,"href":"https:\/\/fedemba.org.ar\/web\/wp-json\/wp\/v2\/posts\/1725\/revisions"}],"predecessor-version":[{"id":1738,"href":"https:\/\/fedemba.org.ar\/web\/wp-json\/wp\/v2\/posts\/1725\/revisions\/1738"}],"wp:featuredmedia":[{"embeddable":true,"href":"https:\/\/fedemba.org.ar\/web\/wp-json\/wp\/v2\/media\/636"}],"wp:attachment":[{"href":"https:\/\/fedemba.org.ar\/web\/wp-json\/wp\/v2\/media?parent=1725"}],"wp:term":[{"taxonomy":"category","embeddable":true,"href":"https:\/\/fedemba.org.ar\/web\/wp-json\/wp\/v2\/categories?post=1725"},{"taxonomy":"post_tag","embeddable":true,"href":"https:\/\/fedemba.org.ar\/web\/wp-json\/wp\/v2\/tags?post=1725"}],"curies":[{"name":"wp","href":"https:\/\/api.w.org\/{rel}","templated":true}]}}