{"id":1743,"date":"2018-10-24T16:35:06","date_gmt":"2018-10-24T19:35:06","guid":{"rendered":"http:\/\/fedemba.org.ar\/web\/?p=1743"},"modified":"2018-10-24T16:37:59","modified_gmt":"2018-10-24T19:37:59","slug":"fedemba-participo-en-la-inauguracion-del-nuevo-hotel-konke-de-la-mutual-pasteleros","status":"publish","type":"post","link":"https:\/\/fedemba.org.ar\/web\/fedemba-participo-en-la-inauguracion-del-nuevo-hotel-konke-de-la-mutual-pasteleros\/","title":{"rendered":"FEDEMBA PARTICIP\u00d3 EN LA INAUGURACI\u00d3N DEL NUEVO HOTEL \u201cKONKE\u201d DE LA MUTUAL PASTELEROS"},"content":{"rendered":"<p>La Federaci\u00f3n de Entidades Mutuales de Buenos Aires (FEDEMBA)<strong>\u00a0estuvo presente en la inauguraci\u00f3n del nuevo hotel \u201cKonke\u201d de la Asociaci\u00f3n Mutual \u201c12 de Enero\u201d junto a los Sindicatos de Pasteleros de Rosario, Santa Fe, y Mendoza,<\/strong>\u00a0el pasado 20 de octubre en Av. Corrientes 4320, CABA.<\/p>\n<p><strong>El Presidente de FEDEMBA, Hugo Bozzini; y la Secretaria de Promoci\u00f3n y Relaciones Institucionales, Rosa Rodr\u00edguez, participaron de esta m\u00e1gica velada que se inici\u00f3 con las palabras del Secretario General del Sindicato de Pasteleros, Luis Hlebowicz, quien se enorgulleci\u00f3 por el trabajo realizado para poder cumplir con las necesidades de los asociados, a trav\u00e9s de\u00a0<\/strong><strong>este hotel \u201c4 estrellas\u201d\u00a0<\/strong><strong>que los hospedar\u00e1 mientras se encuentren en Capital Federal. Adem\u00e1s estuvo el Presidente de la Asociaci\u00f3n Mutual \u201c12 de Enero\u201d y Vocal Titular 2\u00ba de CONAM, Oscar Tovani, quien agradeci\u00f3 a todos los presentes y enumer\u00f3 los distintos logros llevados a cabo por la mutual en el \u00faltimo tiempo.<\/strong><\/p>\n<p><img decoding=\"async\" loading=\"lazy\" class=\" wp-image-4379 aligncenter\" src=\"http:\/\/www.conam.org.ar\/web\/wp-content\/uploads\/2018\/10\/hotel-pasteleros-octubre-2018-27.jpg\" sizes=\"(max-width: 719px) 100vw, 719px\" srcset=\"http:\/\/www.conam.org.ar\/web\/wp-content\/uploads\/2018\/10\/hotel-pasteleros-octubre-2018-27.jpg 960w, http:\/\/www.conam.org.ar\/web\/wp-content\/uploads\/2018\/10\/hotel-pasteleros-octubre-2018-27-225x300.jpg 225w, http:\/\/www.conam.org.ar\/web\/wp-content\/uploads\/2018\/10\/hotel-pasteleros-octubre-2018-27-768x1024.jpg 768w\" alt=\"\" width=\"719\" height=\"959\" \/><\/p>\n<div id=\"attachment_4380\" class=\"wp-caption aligncenter\">\n<p><img decoding=\"async\" loading=\"lazy\" class=\"wp-image-4380 size-full\" src=\"http:\/\/www.conam.org.ar\/web\/wp-content\/uploads\/2018\/10\/hotel-pasteleros-octubre-2018-13.jpg\" sizes=\"(max-width: 960px) 100vw, 960px\" srcset=\"http:\/\/www.conam.org.ar\/web\/wp-content\/uploads\/2018\/10\/hotel-pasteleros-octubre-2018-13.jpg 960w, http:\/\/www.conam.org.ar\/web\/wp-content\/uploads\/2018\/10\/hotel-pasteleros-octubre-2018-13-225x300.jpg 225w, http:\/\/www.conam.org.ar\/web\/wp-content\/uploads\/2018\/10\/hotel-pasteleros-octubre-2018-13-768x1024.jpg 768w\" alt=\"\" width=\"960\" height=\"1280\" \/><\/p>\n<p class=\"wp-caption-text\"><strong>El Secretario General del Sindicato de Pasteleros, Sr. Luis Hlebowicz.<\/strong><\/p>\n<\/div>\n<div id=\"attachment_4381\" class=\"wp-caption aligncenter\">\n<p><img decoding=\"async\" loading=\"lazy\" class=\"wp-image-4381 size-full\" src=\"http:\/\/www.conam.org.ar\/web\/wp-content\/uploads\/2018\/10\/hotel-pasteleros-octubre-2018-2.jpg\" sizes=\"(max-width: 1772px) 100vw, 1772px\" srcset=\"http:\/\/www.conam.org.ar\/web\/wp-content\/uploads\/2018\/10\/hotel-pasteleros-octubre-2018-2.jpg 1772w, http:\/\/www.conam.org.ar\/web\/wp-content\/uploads\/2018\/10\/hotel-pasteleros-octubre-2018-2-300x200.jpg 300w, http:\/\/www.conam.org.ar\/web\/wp-content\/uploads\/2018\/10\/hotel-pasteleros-octubre-2018-2-768x512.jpg 768w, http:\/\/www.conam.org.ar\/web\/wp-content\/uploads\/2018\/10\/hotel-pasteleros-octubre-2018-2-1024x682.jpg 1024w\" alt=\"\" width=\"1772\" height=\"1181\" \/><\/p>\n<p class=\"wp-caption-text\"><strong>El Presidente de la Asociaci\u00f3n Mutual \u201c12 de Enero\u201d y Vocal Titular 2\u00ba de CONAM, Oscar Tovani.<\/strong><\/p>\n<\/div>\n<p>Posteriormente,\u00a0<strong>un sacerdote bendijo el hotel y los directivos de CONAM entregaron una plaqueta homenaje a la mutual.<\/strong><\/p>\n<p><img decoding=\"async\" loading=\"lazy\" class=\"alignnone size-full wp-image-4377\" src=\"http:\/\/www.conam.org.ar\/web\/wp-content\/uploads\/2018\/10\/IMG-20181023-WA0017.jpg\" sizes=\"(max-width: 1280px) 100vw, 1280px\" srcset=\"http:\/\/www.conam.org.ar\/web\/wp-content\/uploads\/2018\/10\/IMG-20181023-WA0017.jpg 1280w, http:\/\/www.conam.org.ar\/web\/wp-content\/uploads\/2018\/10\/IMG-20181023-WA0017-300x225.jpg 300w, http:\/\/www.conam.org.ar\/web\/wp-content\/uploads\/2018\/10\/IMG-20181023-WA0017-768x576.jpg 768w, http:\/\/www.conam.org.ar\/web\/wp-content\/uploads\/2018\/10\/IMG-20181023-WA0017-1024x768.jpg 1024w\" alt=\"\" width=\"1280\" height=\"960\" \/><\/p>\n<p><strong>La inauguraci\u00f3n continu\u00f3 con un show de viol\u00edn electr\u00f3nico a cargo de la artista Viella, adem\u00e1s de las canciones de la cantante Cecilia Milone.<\/strong><\/p>\n<p><img decoding=\"async\" loading=\"lazy\" class=\"alignnone size-full wp-image-4395\" src=\"http:\/\/www.conam.org.ar\/web\/wp-content\/uploads\/2018\/10\/thumbnail_Cecilia-Milone-6.jpg\" sizes=\"(max-width: 1280px) 100vw, 1280px\" srcset=\"http:\/\/www.conam.org.ar\/web\/wp-content\/uploads\/2018\/10\/thumbnail_Cecilia-Milone-6.jpg 1280w, http:\/\/www.conam.org.ar\/web\/wp-content\/uploads\/2018\/10\/thumbnail_Cecilia-Milone-6-300x200.jpg 300w, http:\/\/www.conam.org.ar\/web\/wp-content\/uploads\/2018\/10\/thumbnail_Cecilia-Milone-6-768x512.jpg 768w, http:\/\/www.conam.org.ar\/web\/wp-content\/uploads\/2018\/10\/thumbnail_Cecilia-Milone-6-1024x682.jpg 1024w\" alt=\"\" width=\"1280\" height=\"853\" \/><\/p>\n<p>Los presentes tuvieron la oportunidad \u00fanica de recorrer las instalaciones de este majestuoso hotel ubicado entre los barrios de Villa Crespo y Almagro, con acceso por la Av. Corrientes.<\/p>\n<p>&nbsp;<\/p>\n<p><img decoding=\"async\" loading=\"lazy\" class=\" wp-image-4385 aligncenter\" src=\"http:\/\/www.conam.org.ar\/web\/wp-content\/uploads\/2018\/10\/hotel-pasteleros-octubre-2018-20.jpg\" sizes=\"(max-width: 720px) 100vw, 720px\" srcset=\"http:\/\/www.conam.org.ar\/web\/wp-content\/uploads\/2018\/10\/hotel-pasteleros-octubre-2018-20.jpg 960w, http:\/\/www.conam.org.ar\/web\/wp-content\/uploads\/2018\/10\/hotel-pasteleros-octubre-2018-20-225x300.jpg 225w, http:\/\/www.conam.org.ar\/web\/wp-content\/uploads\/2018\/10\/hotel-pasteleros-octubre-2018-20-768x1024.jpg 768w\" alt=\"\" width=\"720\" height=\"960\" \/><\/p>\n<p>En la recorrida que realizaron de las instalaciones (que incluyeron vistas a las piletas cubiertas climatizadas, las salas de estar, los gimnasios, las habitaciones en suite y los rooms de recepci\u00f3n) fueron guiados por un grupo de actores, quienes realizaron escenas humor\u00edsticas para introducir cada espacio.<\/p>\n<p>Para finalizar<strong>, entre los presentes compartieron una cena deleit\u00e1ndose con las especialidades gastron\u00f3micas que la Escuela de Pasteler\u00eda elabora.<\/strong><\/p>\n<p><img decoding=\"async\" loading=\"lazy\" class=\"size-full wp-image-4386 aligncenter\" src=\"http:\/\/www.conam.org.ar\/web\/wp-content\/uploads\/2018\/10\/hotel-pasteleros-octubre-2018-6.jpg\" sizes=\"(max-width: 1280px) 100vw, 1280px\" srcset=\"http:\/\/www.conam.org.ar\/web\/wp-content\/uploads\/2018\/10\/hotel-pasteleros-octubre-2018-6.jpg 1280w, http:\/\/www.conam.org.ar\/web\/wp-content\/uploads\/2018\/10\/hotel-pasteleros-octubre-2018-6-300x225.jpg 300w, http:\/\/www.conam.org.ar\/web\/wp-content\/uploads\/2018\/10\/hotel-pasteleros-octubre-2018-6-768x576.jpg 768w, http:\/\/www.conam.org.ar\/web\/wp-content\/uploads\/2018\/10\/hotel-pasteleros-octubre-2018-6-1024x768.jpg 1024w\" alt=\"\" width=\"1280\" height=\"960\" \/><\/p>\n","protected":false},"excerpt":{"rendered":"<p>La Federaci\u00f3n de Entidades Mutuales de Buenos Aires (FEDEMBA)\u00a0estuvo presente en la inauguraci\u00f3n del nuevo hotel \u201cKonke\u201d de la Asociaci\u00f3n Mutual \u201c12 de Enero\u201d junto a los Sindicatos de Pasteleros de Rosario, Santa Fe, y Mendoza,\u00a0el pasado 20 de octubre en Av. Corrientes 4320, CABA. El Presidente de FEDEMBA, Hugo Bozzini; y la Secretaria de [&hellip;]<\/p>\n","protected":false},"author":1,"featured_media":1744,"comment_status":"closed","ping_status":"closed","sticky":false,"template":"","format":"standard","meta":[],"categories":[1],"tags":[18,277,12,6,275,17,85,10,236,14,276],"_links":{"self":[{"href":"https:\/\/fedemba.org.ar\/web\/wp-json\/wp\/v2\/posts\/1743"}],"collection":[{"href":"https:\/\/fedemba.org.ar\/web\/wp-json\/wp\/v2\/posts"}],"about":[{"href":"https:\/\/fedemba.org.ar\/web\/wp-json\/wp\/v2\/types\/post"}],"author":[{"embeddable":true,"href":"https:\/\/fedemba.org.ar\/web\/wp-json\/wp\/v2\/users\/1"}],"replies":[{"embeddable":true,"href":"https:\/\/fedemba.org.ar\/web\/wp-json\/wp\/v2\/comments?post=1743"}],"version-history":[{"count":2,"href":"https:\/\/fedemba.org.ar\/web\/wp-json\/wp\/v2\/posts\/1743\/revisions"}],"predecessor-version":[{"id":1746,"href":"https:\/\/fedemba.org.ar\/web\/wp-json\/wp\/v2\/posts\/1743\/revisions\/1746"}],"wp:featuredmedia":[{"embeddable":true,"href":"https:\/\/fedemba.org.ar\/web\/wp-json\/wp\/v2\/media\/1744"}],"wp:attachment":[{"href":"https:\/\/fedemba.org.ar\/web\/wp-json\/wp\/v2\/media?parent=1743"}],"wp:term":[{"taxonomy":"category","embeddable":true,"href":"https:\/\/fedemba.org.ar\/web\/wp-json\/wp\/v2\/categories?post=1743"},{"taxonomy":"post_tag","embeddable":true,"href":"https:\/\/fedemba.org.ar\/web\/wp-json\/wp\/v2\/tags?post=1743"}],"curies":[{"name":"wp","href":"https:\/\/api.w.org\/{rel}","templated":true}]}}