{"id":176,"date":"2012-09-29T14:49:02","date_gmt":"2012-09-29T17:49:02","guid":{"rendered":"http:\/\/fedemba.org.ar\/web\/?p=176"},"modified":"2015-05-14T14:49:01","modified_gmt":"2015-05-14T17:49:01","slug":"fedemba-desarrollo-la-asamblea-general-ordinaria-del-ano-2012","status":"publish","type":"post","link":"https:\/\/fedemba.org.ar\/web\/fedemba-desarrollo-la-asamblea-general-ordinaria-del-ano-2012\/","title":{"rendered":"Se desarroll\u00f3 la Asamblea General Ordinaria 2012"},"content":{"rendered":"<p>El 27 de septiembre se desarroll\u00f3 la Asamblea General Ordinaria de la Federaci\u00f3n,\u00a0 en el sal\u00f3n de la Escuela de Pasteler\u00eda Profesional de la Asociaci\u00f3n Mutual 12 de Enero Trabajadores Pasteleros, Confiteros, Pizzeros, Heladeros, Alfajoreros y Servicios R\u00e1pidos, siendo aprobado todo lo correspondiente al Ejercicio cerrado el 31 de mayo de 2012.<\/p>\n<p><a href=\"http:\/\/fedemba.org.ar\/web\/wp-content\/uploads\/2015\/05\/DSCN0087.jpg\"><img decoding=\"async\" loading=\"lazy\" class=\"alignleft size-medium wp-image-178\" src=\"http:\/\/fedemba.org.ar\/web\/wp-content\/uploads\/2015\/05\/DSCN0087-300x225.jpg\" alt=\"DSCN0087\" width=\"300\" height=\"225\" srcset=\"https:\/\/fedemba.org.ar\/web\/wp-content\/uploads\/2015\/05\/DSCN0087-300x225.jpg 300w, https:\/\/fedemba.org.ar\/web\/wp-content\/uploads\/2015\/05\/DSCN0087-1024x768.jpg 1024w\" sizes=\"(max-width: 300px) 100vw, 300px\" \/><\/a><a href=\"http:\/\/fedemba.org.ar\/web\/wp-content\/uploads\/2012\/09\/paguina-fedemba3.jpg\"><img decoding=\"async\" loading=\"lazy\" class=\"alignleft size-medium wp-image-249\" src=\"http:\/\/fedemba.org.ar\/web\/wp-content\/uploads\/2012\/09\/paguina-fedemba3-300x225.jpg\" alt=\"paguina fedemba3\" width=\"300\" height=\"225\" srcset=\"https:\/\/fedemba.org.ar\/web\/wp-content\/uploads\/2012\/09\/paguina-fedemba3-300x225.jpg 300w, https:\/\/fedemba.org.ar\/web\/wp-content\/uploads\/2012\/09\/paguina-fedemba3-1024x768.jpg 1024w, https:\/\/fedemba.org.ar\/web\/wp-content\/uploads\/2012\/09\/paguina-fedemba3.jpg 2000w\" sizes=\"(max-width: 300px) 100vw, 300px\" \/><\/a><\/p>\n<p><a href=\"http:\/\/fedemba.org.ar\/web\/wp-content\/uploads\/2015\/05\/DSCN0083.jpg\">\u00a0<\/a><\/p>\n","protected":false},"excerpt":{"rendered":"<p>El 27 de septiembre se desarroll\u00f3 la Asamblea General Ordinaria de la Federaci\u00f3n,  en el sal\u00f3n de la Escuela de Pasteler\u00eda Profesional de la Asociaci\u00f3n Mutual 12 de Enero Trabajadores Pasteleros, Confiteros, Pizzeros, Heladeros, Alfajoreros y Servicios R\u00e1pidos, siendo aprobado todo lo correspondiente al Ejercicio cerrado el 31 de mayo de 2012.<\/p>\n","protected":false},"author":1,"featured_media":177,"comment_status":"closed","ping_status":"closed","sticky":false,"template":"","format":"standard","meta":[],"categories":[1],"tags":[19,12,6,10],"_links":{"self":[{"href":"https:\/\/fedemba.org.ar\/web\/wp-json\/wp\/v2\/posts\/176"}],"collection":[{"href":"https:\/\/fedemba.org.ar\/web\/wp-json\/wp\/v2\/posts"}],"about":[{"href":"https:\/\/fedemba.org.ar\/web\/wp-json\/wp\/v2\/types\/post"}],"author":[{"embeddable":true,"href":"https:\/\/fedemba.org.ar\/web\/wp-json\/wp\/v2\/users\/1"}],"replies":[{"embeddable":true,"href":"https:\/\/fedemba.org.ar\/web\/wp-json\/wp\/v2\/comments?post=176"}],"version-history":[{"count":7,"href":"https:\/\/fedemba.org.ar\/web\/wp-json\/wp\/v2\/posts\/176\/revisions"}],"predecessor-version":[{"id":300,"href":"https:\/\/fedemba.org.ar\/web\/wp-json\/wp\/v2\/posts\/176\/revisions\/300"}],"wp:featuredmedia":[{"embeddable":true,"href":"https:\/\/fedemba.org.ar\/web\/wp-json\/wp\/v2\/media\/177"}],"wp:attachment":[{"href":"https:\/\/fedemba.org.ar\/web\/wp-json\/wp\/v2\/media?parent=176"}],"wp:term":[{"taxonomy":"category","embeddable":true,"href":"https:\/\/fedemba.org.ar\/web\/wp-json\/wp\/v2\/categories?post=176"},{"taxonomy":"post_tag","embeddable":true,"href":"https:\/\/fedemba.org.ar\/web\/wp-json\/wp\/v2\/tags?post=176"}],"curies":[{"name":"wp","href":"https:\/\/api.w.org\/{rel}","templated":true}]}}