{"id":1762,"date":"2018-11-01T17:27:16","date_gmt":"2018-11-01T20:27:16","guid":{"rendered":"http:\/\/fedemba.org.ar\/web\/?p=1762"},"modified":"2018-11-01T17:28:00","modified_gmt":"2018-11-01T20:28:00","slug":"ammma-te-invita-a-participar-en-la-expomoto-2018-en-gualeguaychu","status":"publish","type":"post","link":"https:\/\/fedemba.org.ar\/web\/ammma-te-invita-a-participar-en-la-expomoto-2018-en-gualeguaychu\/","title":{"rendered":"AMMMA TE INVITA A PARTICIPAR EN LA EXPOMOTO 2018 EN GUALEGUAYCH\u00da"},"content":{"rendered":"<p><strong>La Asociaci\u00f3n Mutual de Motociclistas y Mensajeros Argentinos (AMMMA), entidad adherida a FEDEMBA, te invita a participar del mega evento \u201cExpo Moto 2018\u201d<\/strong> del 16 al 18 de noviembre, en los Galpones del Puerto de la Ciudad de Gualeguaych\u00fa, Entre R\u00edos.<\/p>\n<p><strong>Durante el evento se podr\u00e1 disfrutar de stands de las principales marcas del pa\u00eds y tambi\u00e9n deleitarte con motos antiguas y customizadas.<\/strong> Todo esto disfrutando de diferentes espect\u00e1culos y shows, test drives y degustaci\u00f3n de comidas tradicionales.<\/p>\n<p><img decoding=\"async\" loading=\"lazy\" class=\"size-full wp-image-1763 aligncenter\" src=\"http:\/\/fedemba.org.ar\/web\/wp-content\/uploads\/2018\/11\/44985140_1261022334040935_40876930332884992_n.jpg\" alt=\"\" width=\"800\" height=\"800\" srcset=\"https:\/\/fedemba.org.ar\/web\/wp-content\/uploads\/2018\/11\/44985140_1261022334040935_40876930332884992_n.jpg 800w, https:\/\/fedemba.org.ar\/web\/wp-content\/uploads\/2018\/11\/44985140_1261022334040935_40876930332884992_n-150x150.jpg 150w, https:\/\/fedemba.org.ar\/web\/wp-content\/uploads\/2018\/11\/44985140_1261022334040935_40876930332884992_n-300x300.jpg 300w, https:\/\/fedemba.org.ar\/web\/wp-content\/uploads\/2018\/11\/44985140_1261022334040935_40876930332884992_n-768x768.jpg 768w\" sizes=\"(max-width: 800px) 100vw, 800px\" \/><\/p>\n<p><strong>AMMMA participar\u00e1 nuevamente en esta exposici\u00f3n que ya es la octava edici\u00f3n que realiza en Argentina<\/strong>. Asimismo, habr\u00e1 decenas de stands con las principales marcas y modelos de motocicletas antiguas y customizadas. Por si esto fuera poco, se realizar\u00e1n m\u00faltiples espect\u00e1culos y shows, test drives y degustaci\u00f3n de comidas tradicionales.<\/p>\n<p><img decoding=\"async\" loading=\"lazy\" class=\"size-full wp-image-1764 aligncenter\" src=\"http:\/\/fedemba.org.ar\/web\/wp-content\/uploads\/2018\/11\/expogualeguaychu.jpg\" alt=\"\" width=\"689\" height=\"678\" srcset=\"https:\/\/fedemba.org.ar\/web\/wp-content\/uploads\/2018\/11\/expogualeguaychu.jpg 689w, https:\/\/fedemba.org.ar\/web\/wp-content\/uploads\/2018\/11\/expogualeguaychu-300x295.jpg 300w\" sizes=\"(max-width: 689px) 100vw, 689px\" \/><\/p>\n<p><span style=\"color: #993366;\"><strong>ADEM\u00c1S: Si te asocias por primera vez a AMMMA, la mutual te bonifica el primer mes para que no tengas que abonar nada y disfrutes de todos los servicios y beneficios desde cualquier punto de Argentina.<\/strong><\/span><\/p>\n<p><img decoding=\"async\" loading=\"lazy\" class=\"size-full wp-image-1765 aligncenter\" src=\"http:\/\/fedemba.org.ar\/web\/wp-content\/uploads\/2018\/11\/26993422_1057575311052306_7393202641737791886_n.jpg\" alt=\"\" width=\"960\" height=\"300\" srcset=\"https:\/\/fedemba.org.ar\/web\/wp-content\/uploads\/2018\/11\/26993422_1057575311052306_7393202641737791886_n.jpg 960w, https:\/\/fedemba.org.ar\/web\/wp-content\/uploads\/2018\/11\/26993422_1057575311052306_7393202641737791886_n-300x94.jpg 300w, https:\/\/fedemba.org.ar\/web\/wp-content\/uploads\/2018\/11\/26993422_1057575311052306_7393202641737791886_n-768x240.jpg 768w\" sizes=\"(max-width: 960px) 100vw, 960px\" \/><\/p>\n","protected":false},"excerpt":{"rendered":"<p>La Asociaci\u00f3n Mutual de Motociclistas y Mensajeros Argentinos (AMMMA), entidad adherida a FEDEMBA, te invita a participar del mega evento \u201cExpo Moto 2018\u201d del 16 al 18 de noviembre, en los Galpones del Puerto de la Ciudad de Gualeguaych\u00fa, Entre R\u00edos. Durante el evento se podr\u00e1 disfrutar de stands de las principales marcas del pa\u00eds [&hellip;]<\/p>\n","protected":false},"author":1,"featured_media":1763,"comment_status":"closed","ping_status":"closed","sticky":false,"template":"","format":"standard","meta":[],"categories":[1],"tags":[180,12,6,10,281],"_links":{"self":[{"href":"https:\/\/fedemba.org.ar\/web\/wp-json\/wp\/v2\/posts\/1762"}],"collection":[{"href":"https:\/\/fedemba.org.ar\/web\/wp-json\/wp\/v2\/posts"}],"about":[{"href":"https:\/\/fedemba.org.ar\/web\/wp-json\/wp\/v2\/types\/post"}],"author":[{"embeddable":true,"href":"https:\/\/fedemba.org.ar\/web\/wp-json\/wp\/v2\/users\/1"}],"replies":[{"embeddable":true,"href":"https:\/\/fedemba.org.ar\/web\/wp-json\/wp\/v2\/comments?post=1762"}],"version-history":[{"count":2,"href":"https:\/\/fedemba.org.ar\/web\/wp-json\/wp\/v2\/posts\/1762\/revisions"}],"predecessor-version":[{"id":1767,"href":"https:\/\/fedemba.org.ar\/web\/wp-json\/wp\/v2\/posts\/1762\/revisions\/1767"}],"wp:featuredmedia":[{"embeddable":true,"href":"https:\/\/fedemba.org.ar\/web\/wp-json\/wp\/v2\/media\/1763"}],"wp:attachment":[{"href":"https:\/\/fedemba.org.ar\/web\/wp-json\/wp\/v2\/media?parent=1762"}],"wp:term":[{"taxonomy":"category","embeddable":true,"href":"https:\/\/fedemba.org.ar\/web\/wp-json\/wp\/v2\/categories?post=1762"},{"taxonomy":"post_tag","embeddable":true,"href":"https:\/\/fedemba.org.ar\/web\/wp-json\/wp\/v2\/tags?post=1762"}],"curies":[{"name":"wp","href":"https:\/\/api.w.org\/{rel}","templated":true}]}}