{"id":1792,"date":"2018-12-17T11:40:55","date_gmt":"2018-12-17T14:40:55","guid":{"rendered":"http:\/\/fedemba.org.ar\/web\/?p=1792"},"modified":"2018-12-17T16:24:26","modified_gmt":"2018-12-17T19:24:26","slug":"noticias-de-mutuales-adheridas-aeana-universitaria","status":"publish","type":"post","link":"https:\/\/fedemba.org.ar\/web\/noticias-de-mutuales-adheridas-aeana-universitaria\/","title":{"rendered":"NOTICIAS DE MUTUALES ADHERIDAS: AEANA\/UNIVERSITARIA"},"content":{"rendered":"<h3><span style=\"color: #993366;\"><strong>MUTUAL UNIVERSITARIA REALIZ\u00d3 UNA \u201cFERIA ARTESANAL Y GASTRON\u00d3MICA\u201d<\/strong><\/span><\/h3>\n<p><strong>La Mutual Universitaria, entidad adherida a FEDEMBA, realiz\u00f3 con \u00e9xito una \u201cFeria Artesanal y Gastron\u00f3mica\u201d,<\/strong> el pasado 8 de diciembre en sus instalaciones en San Mart\u00edn. Con la presencia de 40 diversos tipos de expositores artesanales, exponiendo m\u00faltiples productos de calidad.<\/p>\n<p>La Feria fue abierta para todos los asociados de la entidad, que pudieron disfrutar una gran tarde.<\/p>\n<p><img decoding=\"async\" loading=\"lazy\" class=\"size-large wp-image-1793 aligncenter\" src=\"http:\/\/fedemba.org.ar\/web\/wp-content\/uploads\/2018\/12\/WhatsApp-Image-2018-12-11-at-3.29.44-PM-1-576x1024.jpg\" alt=\"\" width=\"576\" height=\"1024\" srcset=\"https:\/\/fedemba.org.ar\/web\/wp-content\/uploads\/2018\/12\/WhatsApp-Image-2018-12-11-at-3.29.44-PM-1-576x1024.jpg 576w, https:\/\/fedemba.org.ar\/web\/wp-content\/uploads\/2018\/12\/WhatsApp-Image-2018-12-11-at-3.29.44-PM-1-169x300.jpg 169w, https:\/\/fedemba.org.ar\/web\/wp-content\/uploads\/2018\/12\/WhatsApp-Image-2018-12-11-at-3.29.44-PM-1.jpg 720w\" sizes=\"(max-width: 576px) 100vw, 576px\" \/><\/p>\n<p><img decoding=\"async\" loading=\"lazy\" class=\" wp-image-1794 aligncenter\" src=\"http:\/\/fedemba.org.ar\/web\/wp-content\/uploads\/2018\/12\/WhatsApp-Image-2018-12-11-at-9.52.39-AM-2-1024x576.jpg\" alt=\"\" width=\"574\" height=\"323\" srcset=\"https:\/\/fedemba.org.ar\/web\/wp-content\/uploads\/2018\/12\/WhatsApp-Image-2018-12-11-at-9.52.39-AM-2-1024x576.jpg 1024w, https:\/\/fedemba.org.ar\/web\/wp-content\/uploads\/2018\/12\/WhatsApp-Image-2018-12-11-at-9.52.39-AM-2-300x169.jpg 300w, https:\/\/fedemba.org.ar\/web\/wp-content\/uploads\/2018\/12\/WhatsApp-Image-2018-12-11-at-9.52.39-AM-2-768x432.jpg 768w, https:\/\/fedemba.org.ar\/web\/wp-content\/uploads\/2018\/12\/WhatsApp-Image-2018-12-11-at-9.52.39-AM-2.jpg 1280w\" sizes=\"(max-width: 574px) 100vw, 574px\" \/><\/p>\n<h3><span style=\"color: #993366;\"><strong>95\u00ba ANIVERSARIO DE MUTUAL AEANA<\/strong><\/span><\/h3>\n<p>La Asociaci\u00f3n de Empleados de la Administraci\u00f3n Nacional de Aduanas de Ayuda Mutual y Previsi\u00f3n <strong>(AEANA) celebr\u00f3 su 95\u00ba Aniversario el pasado 13 de diciembre en las magn\u00edficas instalaciones de su sede<\/strong>, en Venezuela 449, CABA.<strong> En representaci\u00f3n de FEDEMBA asisti\u00f3 el Vicepresidente, Ricardo Lorenzo, y el Presidente de la mutual AMEPORT, Alberto Salom.<\/strong> Cabe destacar que el Vocal Titular 3\u00ba de FEDEMBA, <strong>Guillermo Potenza,<\/strong> es Presidente de la mutual AEANA.<\/p>\n<p><img decoding=\"async\" loading=\"lazy\" class=\" wp-image-1795 aligncenter\" src=\"http:\/\/fedemba.org.ar\/web\/wp-content\/uploads\/2018\/12\/IMG-20181213-WA0037.jpg\" alt=\"\" width=\"535\" height=\"338\" srcset=\"https:\/\/fedemba.org.ar\/web\/wp-content\/uploads\/2018\/12\/IMG-20181213-WA0037.jpg 885w, https:\/\/fedemba.org.ar\/web\/wp-content\/uploads\/2018\/12\/IMG-20181213-WA0037-300x190.jpg 300w, https:\/\/fedemba.org.ar\/web\/wp-content\/uploads\/2018\/12\/IMG-20181213-WA0037-768x486.jpg 768w\" sizes=\"(max-width: 535px) 100vw, 535px\" \/><\/p>\n<p>&nbsp;<\/p>\n","protected":false},"excerpt":{"rendered":"<p>MUTUAL UNIVERSITARIA REALIZ\u00d3 UNA \u201cFERIA ARTESANAL Y GASTRON\u00d3MICA\u201d La Mutual Universitaria, entidad adherida a FEDEMBA, realiz\u00f3 con \u00e9xito una \u201cFeria Artesanal y Gastron\u00f3mica\u201d, el pasado 8 de diciembre en sus instalaciones en San Mart\u00edn. Con la presencia de 40 diversos tipos de expositores artesanales, exponiendo m\u00faltiples productos de calidad. La Feria fue abierta para todos [&hellip;]<\/p>\n","protected":false},"author":1,"featured_media":636,"comment_status":"closed","ping_status":"closed","sticky":false,"template":"","format":"standard","meta":[],"categories":[1],"tags":[283,25,30,12,6,105,54,10,83],"_links":{"self":[{"href":"https:\/\/fedemba.org.ar\/web\/wp-json\/wp\/v2\/posts\/1792"}],"collection":[{"href":"https:\/\/fedemba.org.ar\/web\/wp-json\/wp\/v2\/posts"}],"about":[{"href":"https:\/\/fedemba.org.ar\/web\/wp-json\/wp\/v2\/types\/post"}],"author":[{"embeddable":true,"href":"https:\/\/fedemba.org.ar\/web\/wp-json\/wp\/v2\/users\/1"}],"replies":[{"embeddable":true,"href":"https:\/\/fedemba.org.ar\/web\/wp-json\/wp\/v2\/comments?post=1792"}],"version-history":[{"count":3,"href":"https:\/\/fedemba.org.ar\/web\/wp-json\/wp\/v2\/posts\/1792\/revisions"}],"predecessor-version":[{"id":1798,"href":"https:\/\/fedemba.org.ar\/web\/wp-json\/wp\/v2\/posts\/1792\/revisions\/1798"}],"wp:featuredmedia":[{"embeddable":true,"href":"https:\/\/fedemba.org.ar\/web\/wp-json\/wp\/v2\/media\/636"}],"wp:attachment":[{"href":"https:\/\/fedemba.org.ar\/web\/wp-json\/wp\/v2\/media?parent=1792"}],"wp:term":[{"taxonomy":"category","embeddable":true,"href":"https:\/\/fedemba.org.ar\/web\/wp-json\/wp\/v2\/categories?post=1792"},{"taxonomy":"post_tag","embeddable":true,"href":"https:\/\/fedemba.org.ar\/web\/wp-json\/wp\/v2\/tags?post=1792"}],"curies":[{"name":"wp","href":"https:\/\/api.w.org\/{rel}","templated":true}]}}