{"id":1826,"date":"2019-03-19T17:24:33","date_gmt":"2019-03-19T20:24:33","guid":{"rendered":"http:\/\/fedemba.org.ar\/web\/?p=1826"},"modified":"2019-03-20T17:19:32","modified_gmt":"2019-03-20T20:19:32","slug":"fedemba-participo-en-conferencia-sobre-el-sistema-financiero-aleman-de-cooperativismo","status":"publish","type":"post","link":"https:\/\/fedemba.org.ar\/web\/fedemba-participo-en-conferencia-sobre-el-sistema-financiero-aleman-de-cooperativismo\/","title":{"rendered":"FEDEMBA PARTICIP\u00d3 EN CONFERENCIA SOBRE EL SISTEMA FINANCIERO ALEM\u00c1N DE COOPERATIVISMO"},"content":{"rendered":"<p>La Federaci\u00f3n de Entidades Mutuales de Buenos Aires <strong>(FEDEMBA)<\/strong> <strong>particip\u00f3 en la conferencia \u00abSistema Cooperativo Financiero en Alemania: Estabilidad, Supervisi\u00f3n y Autocontrol\u00bb a cargo del Dipl. Jos\u00e9 Manuel Bautista Serrano,<\/strong>\u00a0Director del Proyecto Coopsur de la Confederaci\u00f3n Alemana de Cooperativas, el pasado 12 de marzo en el auditorio del Instituto Nacional de Asociativismo y Econom\u00eda Social <strong>(INAES).<\/strong><\/p>\n<p><strong>Durante la conferencia, el acad\u00e9mico brind\u00f3 una breve introducci\u00f3n al modelo de cooperativismo aplicado en Alemania,<\/strong> su historia y sus caracter\u00edsticas estructurales, para luego profundizar en la tem\u00e1tica espec\u00edfica del sistema financiero cooperativo y los organismos que participan en la regulaci\u00f3n, auditoria y promoci\u00f3n del sector, que hoy representa el 25% del mercado bancario alem\u00e1n.<\/p>\n<p><img decoding=\"async\" loading=\"lazy\" class=\"size-large wp-image-1829 aligncenter\" src=\"http:\/\/fedemba.org.ar\/web\/wp-content\/uploads\/2019\/03\/D1eL9fWXcAAsEP8-1024x576.jpg\" alt=\"\" width=\"1024\" height=\"576\" srcset=\"https:\/\/fedemba.org.ar\/web\/wp-content\/uploads\/2019\/03\/D1eL9fWXcAAsEP8-1024x576.jpg 1024w, https:\/\/fedemba.org.ar\/web\/wp-content\/uploads\/2019\/03\/D1eL9fWXcAAsEP8-300x169.jpg 300w, https:\/\/fedemba.org.ar\/web\/wp-content\/uploads\/2019\/03\/D1eL9fWXcAAsEP8-768x432.jpg 768w, https:\/\/fedemba.org.ar\/web\/wp-content\/uploads\/2019\/03\/D1eL9fWXcAAsEP8.jpg 1200w\" sizes=\"(max-width: 1024px) 100vw, 1024px\" \/><\/p>\n<p>La disertaci\u00f3n cont\u00f3 con la presencia del Presidente del\u00a0Instituto, <strong>Marcelo Collomb<\/strong>, de los Vocales del Directorio <strong>Jos\u00e9 Orbaiceta, Enrique Arroyo, V\u00edctor Rosetti y Eduardo Fontenla<\/strong>, y el Titular de la gerencia de Registro y Legislaci\u00f3n, <strong>Carlos Debiaggi<\/strong>. Adem\u00e1s asistieron el Vicepresidente de <strong>FEDEMBA,<\/strong> <strong>Ricardo Lorenzo<\/strong>; la Secretaria, <strong>Clara Avalos<\/strong>; el Tesorero, <strong>Guillermo Palacios<\/strong>; y la integrante del Consejo Consultivo,\u00a0<strong>Sandra Rodr\u00edguez<\/strong>. Asimismo, tambi\u00e9n estuvieron presentes el Presidente de la Federaci\u00f3n de\u00a0Mutuales Regional La Plata <strong>(FMRLP), Carlos Gaskin;<\/strong>\u00a0el Secretario de esta entidad, <strong>Pablo Rocha;<\/strong> y la Coordinadora General de AMEPORT<strong>, M\u00f3nica Mourelle.<\/strong><\/p>\n<p><img decoding=\"async\" loading=\"lazy\" class=\"alignleft size-large wp-image-1830\" src=\"http:\/\/fedemba.org.ar\/web\/wp-content\/uploads\/2019\/03\/INAES-12-DE-MARZO-2019-3-1-1024x768.jpg\" alt=\"\" width=\"1024\" height=\"768\" srcset=\"https:\/\/fedemba.org.ar\/web\/wp-content\/uploads\/2019\/03\/INAES-12-DE-MARZO-2019-3-1-1024x768.jpg 1024w, https:\/\/fedemba.org.ar\/web\/wp-content\/uploads\/2019\/03\/INAES-12-DE-MARZO-2019-3-1-300x225.jpg 300w, https:\/\/fedemba.org.ar\/web\/wp-content\/uploads\/2019\/03\/INAES-12-DE-MARZO-2019-3-1-768x576.jpg 768w, https:\/\/fedemba.org.ar\/web\/wp-content\/uploads\/2019\/03\/INAES-12-DE-MARZO-2019-3-1.jpg 1152w\" sizes=\"(max-width: 1024px) 100vw, 1024px\" \/><\/p>\n","protected":false},"excerpt":{"rendered":"<p>La Federaci\u00f3n de Entidades Mutuales de Buenos Aires (FEDEMBA) particip\u00f3 en la conferencia \u00abSistema Cooperativo Financiero en Alemania: Estabilidad, Supervisi\u00f3n y Autocontrol\u00bb a cargo del Dipl. Jos\u00e9 Manuel Bautista Serrano,\u00a0Director del Proyecto Coopsur de la Confederaci\u00f3n Alemana de Cooperativas, el pasado 12 de marzo en el auditorio del Instituto Nacional de Asociativismo y Econom\u00eda Social [&hellip;]<\/p>\n","protected":false},"author":1,"featured_media":1830,"comment_status":"closed","ping_status":"closed","sticky":false,"template":"","format":"standard","meta":[],"categories":[1],"tags":[30,291,289,140,295,12,106,287,6,293,292,20,8,294,157,10,290,83,70,288],"_links":{"self":[{"href":"https:\/\/fedemba.org.ar\/web\/wp-json\/wp\/v2\/posts\/1826"}],"collection":[{"href":"https:\/\/fedemba.org.ar\/web\/wp-json\/wp\/v2\/posts"}],"about":[{"href":"https:\/\/fedemba.org.ar\/web\/wp-json\/wp\/v2\/types\/post"}],"author":[{"embeddable":true,"href":"https:\/\/fedemba.org.ar\/web\/wp-json\/wp\/v2\/users\/1"}],"replies":[{"embeddable":true,"href":"https:\/\/fedemba.org.ar\/web\/wp-json\/wp\/v2\/comments?post=1826"}],"version-history":[{"count":3,"href":"https:\/\/fedemba.org.ar\/web\/wp-json\/wp\/v2\/posts\/1826\/revisions"}],"predecessor-version":[{"id":1861,"href":"https:\/\/fedemba.org.ar\/web\/wp-json\/wp\/v2\/posts\/1826\/revisions\/1861"}],"wp:featuredmedia":[{"embeddable":true,"href":"https:\/\/fedemba.org.ar\/web\/wp-json\/wp\/v2\/media\/1830"}],"wp:attachment":[{"href":"https:\/\/fedemba.org.ar\/web\/wp-json\/wp\/v2\/media?parent=1826"}],"wp:term":[{"taxonomy":"category","embeddable":true,"href":"https:\/\/fedemba.org.ar\/web\/wp-json\/wp\/v2\/categories?post=1826"},{"taxonomy":"post_tag","embeddable":true,"href":"https:\/\/fedemba.org.ar\/web\/wp-json\/wp\/v2\/tags?post=1826"}],"curies":[{"name":"wp","href":"https:\/\/api.w.org\/{rel}","templated":true}]}}