{"id":1864,"date":"2019-04-08T11:22:52","date_gmt":"2019-04-08T14:22:52","guid":{"rendered":"http:\/\/fedemba.org.ar\/web\/?p=1864"},"modified":"2019-04-11T16:35:42","modified_gmt":"2019-04-11T19:35:42","slug":"fedemba-organizo-jornada-de-capacitacion-sobre-ultimos-requerimientos-para-las-mutuales","status":"publish","type":"post","link":"https:\/\/fedemba.org.ar\/web\/fedemba-organizo-jornada-de-capacitacion-sobre-ultimos-requerimientos-para-las-mutuales\/","title":{"rendered":"FEDEMBA ORGANIZ\u00d3 UNA JORNADA DE CAPACITACI\u00d3N PARA SUS MUTUALES ADHERIDAS"},"content":{"rendered":"<p>La Federaci\u00f3n de Entidades Mutuales de Buenos Aires<strong> (FEDEMBA)<\/strong> <strong>organiz\u00f3 una Jornada de Capacitaci\u00f3n<\/strong>, el pasado 4 de abril en la sede de la\u00a0Asociaci\u00f3n de Empleados de la Administraci\u00f3n Nacional de Aduanas, de Ayuda Mutual y Previsi\u00f3n (AEANA), sobre diversas tem\u00e1ticas impositivas\/contables, pol\u00edticas\/legales, del Servicio de Salud y de la nueva documentaci\u00f3n requerida en torno al mutualismo.<\/p>\n<p>La Jornada cont\u00f3 con la participaci\u00f3n de directivos, contadores, abogados y personal de diversas mutuales de Buenos Aires. En este sentido, la apertura estuvo a cargo del Presidente de FEDEMBA,<strong> Hugo Bozzini<\/strong>; el coordinador Regional de la Organizaci\u00f3n de Entidades Mutuales de las Am\u00e9ricas <strong>(ODEMA), Carlos Castro<\/strong>; y la Vicepresidenta de AEANA, <strong>Rosa Garc\u00eda.<\/strong> Asimismo, participaron el Vicepresidente de FEDEMBA\u00a0<strong>Ricardo Lorenzo<\/strong>, la Secretaria\u00a0<strong>Clara Avalos<\/strong>, la Secretaria de Promoci\u00f3n y Relaciones Institucionales\u00a0<strong>Rosa Rodr\u00edguez,<\/strong>\u00a0el Vocal Suplente 1\u00ba N\u00e9stor Lanaro, el Vocal Suplente 4\u00b0\u00a0<strong>Andr\u00e9s Rodr\u00edguez;<\/strong> el Integrante de la Junta Fiscalizadora\u00a0<strong>Alfredo Kalich\u00fa<\/strong>, y los integrantes del Consejo Consultivo\u00a0<strong>Sandra Rodr\u00edguez y Jorge Caimi.<\/strong><\/p>\n<p><img decoding=\"async\" loading=\"lazy\" class=\"alignleft size-full wp-image-1869\" src=\"http:\/\/fedemba.org.ar\/web\/wp-content\/uploads\/2019\/04\/56866425_1191208314375407_3059287307812077568_n.jpg\" alt=\"\" width=\"960\" height=\"720\" srcset=\"https:\/\/fedemba.org.ar\/web\/wp-content\/uploads\/2019\/04\/56866425_1191208314375407_3059287307812077568_n.jpg 960w, https:\/\/fedemba.org.ar\/web\/wp-content\/uploads\/2019\/04\/56866425_1191208314375407_3059287307812077568_n-300x225.jpg 300w, https:\/\/fedemba.org.ar\/web\/wp-content\/uploads\/2019\/04\/56866425_1191208314375407_3059287307812077568_n-768x576.jpg 768w\" sizes=\"(max-width: 960px) 100vw, 960px\" \/><\/p>\n<p>Los paneles tuvieron un espacio de intercambio con los presentes, en donde se resolvieron inquietudes y consultas en torno a los temas expuestos, los cuales contaron con las siguientes tem\u00e1ticas:<\/p>\n<p><img decoding=\"async\" loading=\"lazy\" class=\"alignleft size-full wp-image-1871\" src=\"http:\/\/fedemba.org.ar\/web\/wp-content\/uploads\/2019\/04\/DSCN4748.jpg\" alt=\"\" width=\"891\" height=\"750\" srcset=\"https:\/\/fedemba.org.ar\/web\/wp-content\/uploads\/2019\/04\/DSCN4748.jpg 891w, https:\/\/fedemba.org.ar\/web\/wp-content\/uploads\/2019\/04\/DSCN4748-300x253.jpg 300w, https:\/\/fedemba.org.ar\/web\/wp-content\/uploads\/2019\/04\/DSCN4748-768x646.jpg 768w\" sizes=\"(max-width: 891px) 100vw, 891px\" \/><\/p>\n<p><strong>1) CONTABLE\u00a0<\/strong>(a cargo de la Cont.\u00a0<strong>Leticia Yaber<\/strong>\u00a0y la Asesora T\u00e9cnico Contable del INAES, Mar\u00eda del Huerto Di Loreto):<br \/>\nReexpresi\u00f3n de Estados Contables (ajuste por inflaci\u00f3n).<\/p>\n<p><strong>2) POL\u00cdTICO\/LEGAL<\/strong> (a cargo del Tesorero de FEDEMBA, <strong>Guillermo Palacios;<\/strong> el Asesor Jur\u00eddico de la Federaci\u00f3n, <strong>Roberto De Cicco<\/strong>; y el Gerente Administrativo del Servicio de Salud de la Asociaci\u00f3n Mutual de Protecci\u00f3n Familiar<strong>, Christian Panelli)<\/strong>:<br \/>\nLey 27.486, la cual se refiere a la contribuci\u00f3n extraordinaria sobre el capital de ciertas mutuales; Reempadronamiento de ANSES y el Decreto 66\/2019 del Servicio de Salud.<\/p>\n<p><strong>3) ADMINISTRATIVA Y CUMPLIMIENTOS OBLIGATORIOS\u00a0<\/strong>(a cargo del Oficial de Cumplimiento del\u00a0<strong>INAES\u00a0<\/strong>ante la Unidad de Informaci\u00f3n Financiera-<strong>UIF, Joaqu\u00edn Olid;<\/strong>\u00a0y del T\u00e9cnico Inform\u00e1tico del INAES,<strong>\u00a0Esteban Piamontese)<\/strong>:<br \/>\nUnidad de Informaci\u00f3n Financiera y Tr\u00e1mites del INAES a Distancia<strong>\u00a0<\/strong>(TAD).<\/p>\n<p><img decoding=\"async\" loading=\"lazy\" class=\"alignleft size-large wp-image-1879\" src=\"http:\/\/fedemba.org.ar\/web\/wp-content\/uploads\/2019\/04\/DSCN4703-0-1024x858.jpg\" alt=\"\" width=\"1024\" height=\"858\" srcset=\"https:\/\/fedemba.org.ar\/web\/wp-content\/uploads\/2019\/04\/DSCN4703-0-1024x858.jpg 1024w, https:\/\/fedemba.org.ar\/web\/wp-content\/uploads\/2019\/04\/DSCN4703-0-300x251.jpg 300w, https:\/\/fedemba.org.ar\/web\/wp-content\/uploads\/2019\/04\/DSCN4703-0-768x644.jpg 768w, https:\/\/fedemba.org.ar\/web\/wp-content\/uploads\/2019\/04\/DSCN4703-0.jpg 1395w\" sizes=\"(max-width: 1024px) 100vw, 1024px\" \/><\/p>\n<p><img decoding=\"async\" loading=\"lazy\" class=\"alignleft size-full wp-image-1874\" src=\"http:\/\/fedemba.org.ar\/web\/wp-content\/uploads\/2019\/04\/DSCN4725.jpg\" alt=\"\" width=\"941\" height=\"714\" srcset=\"https:\/\/fedemba.org.ar\/web\/wp-content\/uploads\/2019\/04\/DSCN4725.jpg 941w, https:\/\/fedemba.org.ar\/web\/wp-content\/uploads\/2019\/04\/DSCN4725-300x228.jpg 300w, https:\/\/fedemba.org.ar\/web\/wp-content\/uploads\/2019\/04\/DSCN4725-768x583.jpg 768w\" sizes=\"(max-width: 941px) 100vw, 941px\" \/><\/p>\n<p><img decoding=\"async\" loading=\"lazy\" class=\"alignleft size-full wp-image-1875\" src=\"http:\/\/fedemba.org.ar\/web\/wp-content\/uploads\/2019\/04\/DSCN4757.jpg\" alt=\"\" width=\"1000\" height=\"654\" srcset=\"https:\/\/fedemba.org.ar\/web\/wp-content\/uploads\/2019\/04\/DSCN4757.jpg 1000w, https:\/\/fedemba.org.ar\/web\/wp-content\/uploads\/2019\/04\/DSCN4757-300x196.jpg 300w, https:\/\/fedemba.org.ar\/web\/wp-content\/uploads\/2019\/04\/DSCN4757-768x502.jpg 768w\" sizes=\"(max-width: 1000px) 100vw, 1000px\" \/><\/p>\n<p>&nbsp;<\/p>\n<p>El cierre de la Jornada cont\u00f3 con las palabras de la Presidente de CONAM, Rosa Rodr\u00edguez, y nuevamente el Presidente de FEDEMBA, Hugo Bozzini,<\/p>\n<p>&nbsp;<\/p>\n<h3><span style=\"color: #993366;\"><strong>MIR\u00c1 LA \u00daLTIMA INFO DEL MUTUALISMO:<\/strong><\/span><\/h3>\n<blockquote class=\"twitter-tweet\" data-lang=\"es\">\n<p dir=\"ltr\" lang=\"es\">Estuvimos en el <a href=\"https:\/\/twitter.com\/INAESarg?ref_src=twsrc%5Etfw\">@INAESarg<\/a> escuchando la Conferencia \u201cSistema Cooperativo Financiero en Alemania: Estabilidad, Supervisi\u00f3n y Autocontrol\u201d, una ense\u00f1anza sobre un distinto enfoque cultural de la <a href=\"https:\/\/twitter.com\/hashtag\/Econom%C3%ADaSocial?src=hash&amp;ref_src=twsrc%5Etfw\">#Econom\u00edaSocial<\/a> <a href=\"https:\/\/twitter.com\/hashtag\/Mutualismo?src=hash&amp;ref_src=twsrc%5Etfw\">#Mutualismo<\/a> <a href=\"https:\/\/twitter.com\/hashtag\/Cooperativismo?src=hash&amp;ref_src=twsrc%5Etfw\">#Cooperativismo<\/a><a href=\"https:\/\/t.co\/6TjsSvi0Mx\">https:\/\/t.co\/6TjsSvi0Mx<\/a><\/p>\n<p>\u2014 FEDEMBA (@FEDEMBAOk) <a href=\"https:\/\/twitter.com\/FEDEMBAOk\/status\/1109117506545991681?ref_src=twsrc%5Etfw\">22 de marzo de 2019<\/a><\/p><\/blockquote>\n<p><script async src=\"https:\/\/platform.twitter.com\/widgets.js\" charset=\"utf-8\"><\/script><\/p>\n","protected":false},"excerpt":{"rendered":"<p>La Federaci\u00f3n de Entidades Mutuales de Buenos Aires (FEDEMBA) organiz\u00f3 una Jornada de Capacitaci\u00f3n, el pasado 4 de abril en la sede de la\u00a0Asociaci\u00f3n de Empleados de la Administraci\u00f3n Nacional de Aduanas, de Ayuda Mutual y Previsi\u00f3n (AEANA), sobre diversas tem\u00e1ticas impositivas\/contables, pol\u00edticas\/legales, del Servicio de Salud y de la nueva documentaci\u00f3n requerida en torno [&hellip;]<\/p>\n","protected":false},"author":1,"featured_media":1869,"comment_status":"closed","ping_status":"closed","sticky":false,"template":"","format":"standard","meta":[],"categories":[1],"tags":[240,279,319,316,140,12,314,6,20,17,8,149,317,148,61,10,13,83,57,318,14,70,315],"_links":{"self":[{"href":"https:\/\/fedemba.org.ar\/web\/wp-json\/wp\/v2\/posts\/1864"}],"collection":[{"href":"https:\/\/fedemba.org.ar\/web\/wp-json\/wp\/v2\/posts"}],"about":[{"href":"https:\/\/fedemba.org.ar\/web\/wp-json\/wp\/v2\/types\/post"}],"author":[{"embeddable":true,"href":"https:\/\/fedemba.org.ar\/web\/wp-json\/wp\/v2\/users\/1"}],"replies":[{"embeddable":true,"href":"https:\/\/fedemba.org.ar\/web\/wp-json\/wp\/v2\/comments?post=1864"}],"version-history":[{"count":10,"href":"https:\/\/fedemba.org.ar\/web\/wp-json\/wp\/v2\/posts\/1864\/revisions"}],"predecessor-version":[{"id":1883,"href":"https:\/\/fedemba.org.ar\/web\/wp-json\/wp\/v2\/posts\/1864\/revisions\/1883"}],"wp:featuredmedia":[{"embeddable":true,"href":"https:\/\/fedemba.org.ar\/web\/wp-json\/wp\/v2\/media\/1869"}],"wp:attachment":[{"href":"https:\/\/fedemba.org.ar\/web\/wp-json\/wp\/v2\/media?parent=1864"}],"wp:term":[{"taxonomy":"category","embeddable":true,"href":"https:\/\/fedemba.org.ar\/web\/wp-json\/wp\/v2\/categories?post=1864"},{"taxonomy":"post_tag","embeddable":true,"href":"https:\/\/fedemba.org.ar\/web\/wp-json\/wp\/v2\/tags?post=1864"}],"curies":[{"name":"wp","href":"https:\/\/api.w.org\/{rel}","templated":true}]}}