{"id":1890,"date":"2019-05-07T17:35:23","date_gmt":"2019-05-07T20:35:23","guid":{"rendered":"http:\/\/fedemba.org.ar\/web\/?p=1890"},"modified":"2019-05-08T17:13:15","modified_gmt":"2019-05-08T20:13:15","slug":"fedemba-participo-en-el-x-foro-internacional-de-mutualismo-de-odema","status":"publish","type":"post","link":"https:\/\/fedemba.org.ar\/web\/fedemba-participo-en-el-x-foro-internacional-de-mutualismo-de-odema\/","title":{"rendered":"FEDEMBA PARTICIP\u00d3 EN EL X FORO INTERNACIONAL DE MUTUALISMO DE ODEMA"},"content":{"rendered":"<p><strong>La Federaci\u00f3n de Entidades Mutuales de Buenos Aires (FEDEMBA) particip\u00f3 en el X Foro Internacional de Mutualismo, organizado por\u00a0<\/strong>la Organizaci\u00f3n de Entidades Mutuales de las Am\u00e9ricas\u00a0<strong>(ODEMA)\u00a0<\/strong>en conjunto con la\u00a0<strong>Sociedad Mutualista Benito Ju\u00e1rez<\/strong>, el pasado 29 de abril, en Fort Worth Texas, Estados Unidos.<\/p>\n<p><strong>El Foro Internacional se realiz\u00f3 bajo la consigna \u201cEntidades Mutuales, verdaderos agentes de cambio hacia la transformaci\u00f3n social\u201d.<\/strong>\u00a0En este sentido,<strong>\u00a0m\u00e1s de 80 dirigentes mutualistas representantes de 20 pa\u00edses de Am\u00e9rica,<\/strong>\u00a0autoridades locales y catedr\u00e1ticos, se reunieron en la sala de conferencia Dorothea Leonhardt del Botanic Garden con el objetivo de generar un \u00e1mbito de intercambio, que contribuya al fortalecimiento y enriquecimiento del sector mutualista como generador fundamental de pr\u00e1cticas y estrategias que permitan aumentar los niveles de inclusi\u00f3n y mejorar las condiciones del bienestar humano.<\/p>\n<figure class=\"wp-block-image\"><img decoding=\"async\" class=\"wp-image-5073 aligncenter\" src=\"http:\/\/www.conam.org.ar\/web\/wp-content\/uploads\/2019\/05\/IMG-20190430-WA0054-1024x768.jpg\" sizes=\"(max-width: 1024px) 100vw, 1024px\" srcset=\"http:\/\/www.conam.org.ar\/web\/wp-content\/uploads\/2019\/05\/IMG-20190430-WA0054-1024x768.jpg 1024w, http:\/\/www.conam.org.ar\/web\/wp-content\/uploads\/2019\/05\/IMG-20190430-WA0054-300x225.jpg 300w, http:\/\/www.conam.org.ar\/web\/wp-content\/uploads\/2019\/05\/IMG-20190430-WA0054-768x576.jpg 768w, http:\/\/www.conam.org.ar\/web\/wp-content\/uploads\/2019\/05\/IMG-20190430-WA0054.jpg 1280w\" alt=\"\" \/><\/figure>\n<figure class=\"wp-block-image\"><img decoding=\"async\" class=\"wp-image-5074 aligncenter\" src=\"http:\/\/www.conam.org.ar\/web\/wp-content\/uploads\/2019\/05\/IMG-20190429-WA0015-1024x768.jpg\" sizes=\"(max-width: 1024px) 100vw, 1024px\" srcset=\"http:\/\/www.conam.org.ar\/web\/wp-content\/uploads\/2019\/05\/IMG-20190429-WA0015-1024x768.jpg 1024w, http:\/\/www.conam.org.ar\/web\/wp-content\/uploads\/2019\/05\/IMG-20190429-WA0015-300x225.jpg 300w, http:\/\/www.conam.org.ar\/web\/wp-content\/uploads\/2019\/05\/IMG-20190429-WA0015-768x576.jpg 768w, http:\/\/www.conam.org.ar\/web\/wp-content\/uploads\/2019\/05\/IMG-20190429-WA0015.jpg 1280w\" alt=\"\" \/><\/figure>\n<p><strong>En representaci\u00f3n de FEDEMBA particip\u00f3 el Presidente, Hugo Bozzini; el Tesorero, Guillermo Palacios; la Secretaria, Clara Avalos; y la Secretaria de Promoci\u00f3n y Relaciones Institucionales, Rosa Rodr\u00edguez.<\/strong><strong>\u00a0<\/strong>La apertura se inici\u00f3 con las palabras del Presidente de\u00a0<strong>ODEMA, Alfredo Sigliano<\/strong>\u00a0(quien adem\u00e1s es Presidente de la Uni\u00f3n Mundial de la Mutualidad \u2013 UMM). Asimismo los Directores por Estados Unidos:<strong>\u00a0Juanita Zarate y Jos\u00e9 Zarate<\/strong>; el Concejal de la Alcald\u00eda de Forth Worth,\u00a0<strong>Carlos Flores<\/strong>, la Asesora de la C\u00e1mara de Comercio Hispana de Fort Worth,<strong>\u00a0Sandra Garc\u00eda<\/strong>; el Juez del Distrito 5to de la ciudad,\u00a0<strong>Sergio De Le\u00f3n,<\/strong>\u00a0y el Presidente de la C\u00e1mara de Comercio de Canad\u00e1,\u00a0<strong>Maximiliano Caravantes<\/strong>, disertaron sobre el rol de las entidades mutuales como verdaderos agentes de cambio para la transformaci\u00f3n social.<\/p>\n<figure class=\"wp-block-image\"><img decoding=\"async\" class=\"wp-image-5076 aligncenter\" src=\"http:\/\/www.conam.org.ar\/web\/wp-content\/uploads\/2019\/05\/IMG-20190429-WA0010-1024x768.jpg\" sizes=\"(max-width: 1024px) 100vw, 1024px\" srcset=\"http:\/\/www.conam.org.ar\/web\/wp-content\/uploads\/2019\/05\/IMG-20190429-WA0010-1024x768.jpg 1024w, http:\/\/www.conam.org.ar\/web\/wp-content\/uploads\/2019\/05\/IMG-20190429-WA0010-300x225.jpg 300w, http:\/\/www.conam.org.ar\/web\/wp-content\/uploads\/2019\/05\/IMG-20190429-WA0010-768x576.jpg 768w, http:\/\/www.conam.org.ar\/web\/wp-content\/uploads\/2019\/05\/IMG-20190429-WA0010.jpg 1280w\" alt=\"\" \/><\/figure>\n<figure class=\"wp-block-image\"><img decoding=\"async\" class=\"wp-image-5078 aligncenter\" src=\"http:\/\/www.conam.org.ar\/web\/wp-content\/uploads\/2019\/05\/58542788_1579553522189372_3330521343027314688_n.jpg\" sizes=\"(max-width: 960px) 100vw, 960px\" srcset=\"http:\/\/www.conam.org.ar\/web\/wp-content\/uploads\/2019\/05\/58542788_1579553522189372_3330521343027314688_n.jpg 960w, http:\/\/www.conam.org.ar\/web\/wp-content\/uploads\/2019\/05\/58542788_1579553522189372_3330521343027314688_n-300x225.jpg 300w, http:\/\/www.conam.org.ar\/web\/wp-content\/uploads\/2019\/05\/58542788_1579553522189372_3330521343027314688_n-768x576.jpg 768w\" alt=\"\" \/><\/figure>\n<p>El foro se estructur\u00f3 en dos bloques, en el primero<strong>\u00a0se realizaron presentaciones institucionales y acad\u00e9micas sobre el papel clave que juega el mutualismo en el desarrollo regional, continental y mundial.<\/strong>\u00a0En el segundo bloque\u00a0<strong>se presentaron pr\u00e1cticas e iniciativas efectivas del mutualismo y alianzas para la protecci\u00f3n social,\u00a0<\/strong>tendientes a lograr mayores niveles de inclusi\u00f3n para la construcci\u00f3n de una sociedad m\u00e1s equitativa.<\/p>\n<figure class=\"wp-block-image\"><img decoding=\"async\" class=\"wp-image-5079 aligncenter\" src=\"http:\/\/www.conam.org.ar\/web\/wp-content\/uploads\/2019\/05\/58961509_1579628415515216_5775774815960956928_n.jpg\" sizes=\"(max-width: 960px) 100vw, 960px\" srcset=\"http:\/\/www.conam.org.ar\/web\/wp-content\/uploads\/2019\/05\/58961509_1579628415515216_5775774815960956928_n.jpg 960w, http:\/\/www.conam.org.ar\/web\/wp-content\/uploads\/2019\/05\/58961509_1579628415515216_5775774815960956928_n-300x225.jpg 300w, http:\/\/www.conam.org.ar\/web\/wp-content\/uploads\/2019\/05\/58961509_1579628415515216_5775774815960956928_n-768x576.jpg 768w\" alt=\"\" \/><\/figure>\n<figure class=\"wp-block-image\"><img decoding=\"async\" class=\"wp-image-5075 aligncenter\" src=\"http:\/\/www.conam.org.ar\/web\/wp-content\/uploads\/2019\/05\/IMG-20190429-WA0025-1024x768.jpg\" sizes=\"(max-width: 1024px) 100vw, 1024px\" srcset=\"http:\/\/www.conam.org.ar\/web\/wp-content\/uploads\/2019\/05\/IMG-20190429-WA0025-1024x768.jpg 1024w, http:\/\/www.conam.org.ar\/web\/wp-content\/uploads\/2019\/05\/IMG-20190429-WA0025-300x225.jpg 300w, http:\/\/www.conam.org.ar\/web\/wp-content\/uploads\/2019\/05\/IMG-20190429-WA0025-768x576.jpg 768w, http:\/\/www.conam.org.ar\/web\/wp-content\/uploads\/2019\/05\/IMG-20190429-WA0025.jpg 1280w\" alt=\"\" \/><\/figure>\n<p>Para finalizar,\u00a0<strong>el presidente Alfredo Sigliano, destac\u00f3 la gran convocatoria internacional y promovi\u00f3 la instrumentaci\u00f3n de una agenda de trabajo com\u00fan para el desarrollo constante del mutualismo americano.<\/strong><\/p>\n<figure class=\"wp-block-image\"><img decoding=\"async\" class=\"wp-image-5077 aligncenter\" src=\"http:\/\/www.conam.org.ar\/web\/wp-content\/uploads\/2019\/05\/IMG-20190430-WA0007-768x1024.jpg\" sizes=\"(max-width: 768px) 100vw, 768px\" srcset=\"http:\/\/www.conam.org.ar\/web\/wp-content\/uploads\/2019\/05\/IMG-20190430-WA0007-768x1024.jpg 768w, http:\/\/www.conam.org.ar\/web\/wp-content\/uploads\/2019\/05\/IMG-20190430-WA0007-225x300.jpg 225w, http:\/\/www.conam.org.ar\/web\/wp-content\/uploads\/2019\/05\/IMG-20190430-WA0007.jpg 864w\" alt=\"\" \/><\/figure>\n<figure class=\"wp-block-image\"><img decoding=\"async\" class=\"wp-image-5072 aligncenter\" src=\"http:\/\/www.conam.org.ar\/web\/wp-content\/uploads\/2019\/05\/IMG-20190429-WA0045-1024x768.jpg\" sizes=\"(max-width: 1024px) 100vw, 1024px\" srcset=\"http:\/\/www.conam.org.ar\/web\/wp-content\/uploads\/2019\/05\/IMG-20190429-WA0045.jpg 1024w, http:\/\/www.conam.org.ar\/web\/wp-content\/uploads\/2019\/05\/IMG-20190429-WA0045-300x225.jpg 300w, http:\/\/www.conam.org.ar\/web\/wp-content\/uploads\/2019\/05\/IMG-20190429-WA0045-768x576.jpg 768w\" alt=\"\" \/><\/figure>\n","protected":false},"excerpt":{"rendered":"<p>La Federaci\u00f3n de Entidades Mutuales de Buenos Aires (FEDEMBA) particip\u00f3 en el X Foro Internacional de Mutualismo, organizado por\u00a0la Organizaci\u00f3n de Entidades Mutuales de las Am\u00e9ricas\u00a0(ODEMA)\u00a0en conjunto con la\u00a0Sociedad Mutualista Benito Ju\u00e1rez, el pasado 29 de abril, en Fort Worth Texas, Estados Unidos. El Foro Internacional se realiz\u00f3 bajo la consigna \u201cEntidades Mutuales, verdaderos agentes [&hellip;]<\/p>\n","protected":false},"author":1,"featured_media":1891,"comment_status":"closed","ping_status":"closed","sticky":false,"template":"","format":"standard","meta":[],"categories":[1],"tags":[37,335,334,140,300,12,6,331,20,17,338,337,332,10,13,14,336,333,339,205],"_links":{"self":[{"href":"https:\/\/fedemba.org.ar\/web\/wp-json\/wp\/v2\/posts\/1890"}],"collection":[{"href":"https:\/\/fedemba.org.ar\/web\/wp-json\/wp\/v2\/posts"}],"about":[{"href":"https:\/\/fedemba.org.ar\/web\/wp-json\/wp\/v2\/types\/post"}],"author":[{"embeddable":true,"href":"https:\/\/fedemba.org.ar\/web\/wp-json\/wp\/v2\/users\/1"}],"replies":[{"embeddable":true,"href":"https:\/\/fedemba.org.ar\/web\/wp-json\/wp\/v2\/comments?post=1890"}],"version-history":[{"count":3,"href":"https:\/\/fedemba.org.ar\/web\/wp-json\/wp\/v2\/posts\/1890\/revisions"}],"predecessor-version":[{"id":1906,"href":"https:\/\/fedemba.org.ar\/web\/wp-json\/wp\/v2\/posts\/1890\/revisions\/1906"}],"wp:featuredmedia":[{"embeddable":true,"href":"https:\/\/fedemba.org.ar\/web\/wp-json\/wp\/v2\/media\/1891"}],"wp:attachment":[{"href":"https:\/\/fedemba.org.ar\/web\/wp-json\/wp\/v2\/media?parent=1890"}],"wp:term":[{"taxonomy":"category","embeddable":true,"href":"https:\/\/fedemba.org.ar\/web\/wp-json\/wp\/v2\/categories?post=1890"},{"taxonomy":"post_tag","embeddable":true,"href":"https:\/\/fedemba.org.ar\/web\/wp-json\/wp\/v2\/tags?post=1890"}],"curies":[{"name":"wp","href":"https:\/\/api.w.org\/{rel}","templated":true}]}}