{"id":1894,"date":"2019-05-08T14:27:09","date_gmt":"2019-05-08T17:27:09","guid":{"rendered":"http:\/\/fedemba.org.ar\/web\/?p=1894"},"modified":"2019-05-08T17:13:59","modified_gmt":"2019-05-08T20:13:59","slug":"fedemba-presente-en-la-15o-asamblea-anual-ordinaria-de-odema","status":"publish","type":"post","link":"https:\/\/fedemba.org.ar\/web\/fedemba-presente-en-la-15o-asamblea-anual-ordinaria-de-odema\/","title":{"rendered":"FEDEMBA PRESENTE EN LA 15\u00ba ASAMBLEA ANUAL ORDINARIA DE ODEMA"},"content":{"rendered":"<p>La Federaci\u00f3n de Entidades Mutuales de Buenos Aires\u00a0<strong>(FEDEMBA)<\/strong>\u00a0<strong>estuvo presente en la 15\u00ba Asamblea Anual Ordinaria\u00a0<\/strong>de la Organizaci\u00f3n de Entidades Mutuales de las Am\u00e9ricas\u00a0<strong>(ODEMA),<\/strong>\u00a0el pasado 30 de abril en\u00a0<strong>Fort Worth Texas, Estados Unidos<\/strong>,\u00a0<strong>donde asistieron los Directores de los 20 pa\u00edses que componen dicha Organizaci\u00f3n, adem\u00e1s de autoridades internacionales.<\/strong><\/p>\n<p>La Asamblea fue presidida por el Presidente de ODEMA, Sr.\u00a0<strong>Alfredo Sigliano<\/strong>, y los Directores Regionales de los pa\u00edses miembros de ODEMA.\u00a0<strong>En representaci\u00f3n de FEDEMBA se encontraban el Presidente, Hugo Bozzini; el Tesorero, Guillermo Palacios; la Secretaria, Clara Avalos; y la Secretaria de Promoci\u00f3n y Relaciones Institucionales, Rosa Rodr\u00edguez.<\/strong><\/p>\n<figure class=\"wp-block-image\"><img decoding=\"async\" class=\"wp-image-5089 aligncenter\" src=\"http:\/\/www.conam.org.ar\/web\/wp-content\/uploads\/2019\/05\/58583833_1580404258770965_7807133899875680256_n.jpg\" sizes=\"(max-width: 960px) 100vw, 960px\" srcset=\"http:\/\/www.conam.org.ar\/web\/wp-content\/uploads\/2019\/05\/58583833_1580404258770965_7807133899875680256_n.jpg 960w, http:\/\/www.conam.org.ar\/web\/wp-content\/uploads\/2019\/05\/58583833_1580404258770965_7807133899875680256_n-300x225.jpg 300w, http:\/\/www.conam.org.ar\/web\/wp-content\/uploads\/2019\/05\/58583833_1580404258770965_7807133899875680256_n-768x576.jpg 768w\" alt=\"\" \/><figcaption><\/figcaption><\/figure>\n<figure class=\"wp-block-image\"><img decoding=\"async\" class=\"wp-image-5091 aligncenter\" src=\"http:\/\/www.conam.org.ar\/web\/wp-content\/uploads\/2019\/05\/59533240_592559067911886_3708615375747809280_n.jpg\" sizes=\"(max-width: 640px) 100vw, 640px\" srcset=\"http:\/\/www.conam.org.ar\/web\/wp-content\/uploads\/2019\/05\/59533240_592559067911886_3708615375747809280_n.jpg 640w, http:\/\/www.conam.org.ar\/web\/wp-content\/uploads\/2019\/05\/59533240_592559067911886_3708615375747809280_n-300x225.jpg 300w\" alt=\"\" \/><\/figure>\n<p class=\"has-large-font-size\"><strong>TALLER ENTRE LAS REGIONES DE ODEMA<\/strong><\/p>\n<figure class=\"wp-block-image\"><img decoding=\"async\" class=\"wp-image-5087 aligncenter\" src=\"http:\/\/www.conam.org.ar\/web\/wp-content\/uploads\/2019\/05\/59473118_1580369682107756_1012160359571652608_n.jpg\" sizes=\"(max-width: 960px) 100vw, 960px\" srcset=\"http:\/\/www.conam.org.ar\/web\/wp-content\/uploads\/2019\/05\/59473118_1580369682107756_1012160359571652608_n.jpg 960w, http:\/\/www.conam.org.ar\/web\/wp-content\/uploads\/2019\/05\/59473118_1580369682107756_1012160359571652608_n-300x225.jpg 300w, http:\/\/www.conam.org.ar\/web\/wp-content\/uploads\/2019\/05\/59473118_1580369682107756_1012160359571652608_n-768x576.jpg 768w\" alt=\"\" \/><\/figure>\n<p>Asimismo, en el marco del X Foro Internacional, antes de la Asamblea de ODEMA,\u00a0<strong>se realiz\u00f3 una serie de talleres, divididos por regi\u00f3n, donde se evaluaron las acciones realizadas durante el a\u00f1o pasado y se plantearon los nuevos desaf\u00edos para el pr\u00f3ximo.<\/strong><\/p>\n<figure class=\"wp-block-image\"><img decoding=\"async\" class=\"wp-image-5088 aligncenter\" src=\"http:\/\/www.conam.org.ar\/web\/wp-content\/uploads\/2019\/05\/59323815_1580369708774420_5487255916791201792_n.jpg\" sizes=\"(max-width: 960px) 100vw, 960px\" srcset=\"http:\/\/www.conam.org.ar\/web\/wp-content\/uploads\/2019\/05\/59323815_1580369708774420_5487255916791201792_n.jpg 960w, http:\/\/www.conam.org.ar\/web\/wp-content\/uploads\/2019\/05\/59323815_1580369708774420_5487255916791201792_n-300x225.jpg 300w, http:\/\/www.conam.org.ar\/web\/wp-content\/uploads\/2019\/05\/59323815_1580369708774420_5487255916791201792_n-768x576.jpg 768w\" alt=\"\" \/><\/figure>\n<figure class=\"wp-block-image\"><img decoding=\"async\" class=\"wp-image-5086 aligncenter\" src=\"http:\/\/www.conam.org.ar\/web\/wp-content\/uploads\/2019\/05\/58698552_1580369548774436_4994382911764430848_n.jpg\" sizes=\"(max-width: 960px) 100vw, 960px\" srcset=\"http:\/\/www.conam.org.ar\/web\/wp-content\/uploads\/2019\/05\/58698552_1580369548774436_4994382911764430848_n.jpg 960w, http:\/\/www.conam.org.ar\/web\/wp-content\/uploads\/2019\/05\/58698552_1580369548774436_4994382911764430848_n-300x225.jpg 300w, http:\/\/www.conam.org.ar\/web\/wp-content\/uploads\/2019\/05\/58698552_1580369548774436_4994382911764430848_n-768x576.jpg 768w\" alt=\"\" \/><\/figure>\n","protected":false},"excerpt":{"rendered":"<p>La Federaci\u00f3n de Entidades Mutuales de Buenos Aires\u00a0(FEDEMBA)\u00a0estuvo presente en la 15\u00ba Asamblea Anual Ordinaria\u00a0de la Organizaci\u00f3n de Entidades Mutuales de las Am\u00e9ricas\u00a0(ODEMA),\u00a0el pasado 30 de abril en\u00a0Fort Worth Texas, Estados Unidos,\u00a0donde asistieron los Directores de los 20 pa\u00edses que componen dicha Organizaci\u00f3n, adem\u00e1s de autoridades internacionales. La Asamblea fue presidida por el Presidente de [&hellip;]<\/p>\n","protected":false},"author":1,"featured_media":1895,"comment_status":"closed","ping_status":"closed","sticky":false,"template":"","format":"standard","meta":[],"categories":[1],"tags":[37,340,19,140,300,12,6,331,20,17,10,13,14,341],"_links":{"self":[{"href":"https:\/\/fedemba.org.ar\/web\/wp-json\/wp\/v2\/posts\/1894"}],"collection":[{"href":"https:\/\/fedemba.org.ar\/web\/wp-json\/wp\/v2\/posts"}],"about":[{"href":"https:\/\/fedemba.org.ar\/web\/wp-json\/wp\/v2\/types\/post"}],"author":[{"embeddable":true,"href":"https:\/\/fedemba.org.ar\/web\/wp-json\/wp\/v2\/users\/1"}],"replies":[{"embeddable":true,"href":"https:\/\/fedemba.org.ar\/web\/wp-json\/wp\/v2\/comments?post=1894"}],"version-history":[{"count":1,"href":"https:\/\/fedemba.org.ar\/web\/wp-json\/wp\/v2\/posts\/1894\/revisions"}],"predecessor-version":[{"id":1896,"href":"https:\/\/fedemba.org.ar\/web\/wp-json\/wp\/v2\/posts\/1894\/revisions\/1896"}],"wp:featuredmedia":[{"embeddable":true,"href":"https:\/\/fedemba.org.ar\/web\/wp-json\/wp\/v2\/media\/1895"}],"wp:attachment":[{"href":"https:\/\/fedemba.org.ar\/web\/wp-json\/wp\/v2\/media?parent=1894"}],"wp:term":[{"taxonomy":"category","embeddable":true,"href":"https:\/\/fedemba.org.ar\/web\/wp-json\/wp\/v2\/categories?post=1894"},{"taxonomy":"post_tag","embeddable":true,"href":"https:\/\/fedemba.org.ar\/web\/wp-json\/wp\/v2\/tags?post=1894"}],"curies":[{"name":"wp","href":"https:\/\/api.w.org\/{rel}","templated":true}]}}