{"id":1897,"date":"2019-05-08T15:29:50","date_gmt":"2019-05-08T18:29:50","guid":{"rendered":"http:\/\/fedemba.org.ar\/web\/?p=1897"},"modified":"2019-05-08T17:17:49","modified_gmt":"2019-05-08T20:17:49","slug":"mutual-universitaria-organizara-la-jornada-violencia-de-genero-y-empresa-contramedidas-y-dispositivos-de-contencion-dentro-de-las-organizaciones","status":"publish","type":"post","link":"https:\/\/fedemba.org.ar\/web\/mutual-universitaria-organizara-la-jornada-violencia-de-genero-y-empresa-contramedidas-y-dispositivos-de-contencion-dentro-de-las-organizaciones\/","title":{"rendered":"MUTUAL UNIVERSITARIA INVITA A LAS MUTUALES ADHERIDAS DE FEDEMBA A LA JORNADA \u00abVIOLENCIA DE G\u00c9NERO Y EMPRESA. CONTRAMEDIDAS Y DISPOSITIVOS DE CONTENCI\u00d3N DENTRO DE LAS ORGANIZACIONES\u00bb"},"content":{"rendered":"<p><strong>La Mutual Universitaria, entidad adherida a FEDEMBA, realizar\u00e1 en conjunto con la Direcci\u00f3n de G\u00e9nero y Diversidad Sexual de la Universidad Nacional de General San Mart\u00edn,<\/strong> una <strong>Jornada de Capacitaci\u00f3n sobre \u201cViolencia de G\u00e9nero y Empresa. Contramedidas y dispositivos de contenci\u00f3n dentro de las organizaciones\u201d<\/strong>, el pr\u00f3ximo 5 de junio en la sede de la mutual, situada en Ayacucho 2.361, San Mart\u00edn, Provincia de Buenos Aires.<\/p>\n<p>A trav\u00e9s de FEDEMBA, Mutual Universitaria invita a participar a todas las mutuales que conforman la Federaci\u00f3n. La Jornada no tiene ning\u00fan costo y para inscribirte, contactate con la Mutual Universitaria:<\/p>\n<p>Horario de la Jornada: d<b>e 10.00 a 13.00 Hs. y de 14.00 a 17.00 Hs<\/b>.<\/p>\n<p><strong>TEL:<\/strong> 4753-4112 o 4755-7818<\/p>\n<p><strong>Email:<\/strong><a href=\"mailto:mutualuniversitaria@sinectis.com\">info@mutualuniversitaria.com.ar<\/a>\u00a0 o\u00a0\u00a0<a href=\"mailto:empresavsviolenciadegenero@gmail.com\">empresavsviolenciadegenero@gmail.com<\/a><\/p>\n<p><strong>Facebook:<\/strong>\u00a0<a href=\"https:\/\/www.facebook.com\/Empresa-Vs-Violencia-de-g%C3%A9nero\" data-auth=\"NotApplicable\">https:\/\/www.facebook.com\/Empresa-Vs-Violencia-de-g\u00e9nero<\/a><\/p>\n<p><strong>Blog:\u00a0<\/strong><a href=\"https:\/\/empresavsviolenciadegenero.wordpress.com\/\" data-auth=\"NotApplicable\">https:\/\/empresavsviolenciadegenero.wordpress.com\/<\/a><\/p>\n<p><img decoding=\"async\" loading=\"lazy\" class=\"alignleft size-full wp-image-1064\" src=\"http:\/\/fedemba.org.ar\/web\/wp-content\/uploads\/2017\/07\/LOGO-FEDEMBA-INFORMA.jpg\" alt=\"\" width=\"929\" height=\"455\" srcset=\"https:\/\/fedemba.org.ar\/web\/wp-content\/uploads\/2017\/07\/LOGO-FEDEMBA-INFORMA.jpg 929w, https:\/\/fedemba.org.ar\/web\/wp-content\/uploads\/2017\/07\/LOGO-FEDEMBA-INFORMA-300x147.jpg 300w\" sizes=\"(max-width: 929px) 100vw, 929px\" \/><\/p>\n<p>&nbsp;<\/p>\n<p>&nbsp;<\/p>\n","protected":false},"excerpt":{"rendered":"<p>La Mutual Universitaria, entidad adherida a FEDEMBA, realizar\u00e1 en conjunto con la Direcci\u00f3n de G\u00e9nero y Diversidad Sexual de la Universidad Nacional de General San Mart\u00edn, una Jornada de Capacitaci\u00f3n sobre \u201cViolencia de G\u00e9nero y Empresa. Contramedidas y dispositivos de contenci\u00f3n dentro de las organizaciones\u201d, el pr\u00f3ximo 5 de junio en la sede de la [&hellip;]<\/p>\n","protected":false},"author":1,"featured_media":1592,"comment_status":"closed","ping_status":"closed","sticky":false,"template":"","format":"standard","meta":[],"categories":[1],"tags":[300,12,6,54,10,342],"_links":{"self":[{"href":"https:\/\/fedemba.org.ar\/web\/wp-json\/wp\/v2\/posts\/1897"}],"collection":[{"href":"https:\/\/fedemba.org.ar\/web\/wp-json\/wp\/v2\/posts"}],"about":[{"href":"https:\/\/fedemba.org.ar\/web\/wp-json\/wp\/v2\/types\/post"}],"author":[{"embeddable":true,"href":"https:\/\/fedemba.org.ar\/web\/wp-json\/wp\/v2\/users\/1"}],"replies":[{"embeddable":true,"href":"https:\/\/fedemba.org.ar\/web\/wp-json\/wp\/v2\/comments?post=1897"}],"version-history":[{"count":7,"href":"https:\/\/fedemba.org.ar\/web\/wp-json\/wp\/v2\/posts\/1897\/revisions"}],"predecessor-version":[{"id":1909,"href":"https:\/\/fedemba.org.ar\/web\/wp-json\/wp\/v2\/posts\/1897\/revisions\/1909"}],"wp:featuredmedia":[{"embeddable":true,"href":"https:\/\/fedemba.org.ar\/web\/wp-json\/wp\/v2\/media\/1592"}],"wp:attachment":[{"href":"https:\/\/fedemba.org.ar\/web\/wp-json\/wp\/v2\/media?parent=1897"}],"wp:term":[{"taxonomy":"category","embeddable":true,"href":"https:\/\/fedemba.org.ar\/web\/wp-json\/wp\/v2\/categories?post=1897"},{"taxonomy":"post_tag","embeddable":true,"href":"https:\/\/fedemba.org.ar\/web\/wp-json\/wp\/v2\/tags?post=1897"}],"curies":[{"name":"wp","href":"https:\/\/api.w.org\/{rel}","templated":true}]}}