{"id":1917,"date":"2019-05-28T15:31:46","date_gmt":"2019-05-28T18:31:46","guid":{"rendered":"http:\/\/fedemba.org.ar\/web\/?p=1917"},"modified":"2019-05-28T17:25:33","modified_gmt":"2019-05-28T20:25:33","slug":"el-presidente-de-fedemba-visito-a-la-mutual-escarabajo-durante-una-de-sus-reuniones","status":"publish","type":"post","link":"https:\/\/fedemba.org.ar\/web\/el-presidente-de-fedemba-visito-a-la-mutual-escarabajo-durante-una-de-sus-reuniones\/","title":{"rendered":"EL PRESIDENTE DE FEDEMBA VISIT\u00d3 A LA MUTUAL \u201cESCARABAJO\u201d"},"content":{"rendered":"<p>El Presidente de la Federaci\u00f3n de Entidades Mutuales de Buenos Aires <strong>(FEDEMBA), Hugo H. Bozzini, visit\u00f3 a la Asociaci\u00f3n Mutual \u201cEscarabajo\u201d de ex Empleados de Volkswagen Argentina<\/strong>\u00a0ubicada en Ciudadela, el pasado 18 de mayo, <strong>y comparti\u00f3 una de las reuniones mensuales de la entidad.<\/strong><\/p>\n<p>En la reuni\u00f3n, el Presidente de la mutual\u00a0<strong>Roberto Stier Moses,<\/strong> junto al Tesorero\u00a0<strong>Ricardo Oliveira,<\/strong> recibieron con un c\u00e1lido abrazo a<strong> Hugo Bozzini<\/strong> y le contaron sobre los avances en la mutual y las pr\u00f3ximas actividades que proyectan.<\/p>\n<p><img decoding=\"async\" loading=\"lazy\" class=\"alignleft size-large wp-image-1925\" src=\"http:\/\/fedemba.org.ar\/web\/wp-content\/uploads\/2019\/05\/IMG-20190518-WA0020-1024x768.jpg\" alt=\"\" width=\"1024\" height=\"768\" srcset=\"https:\/\/fedemba.org.ar\/web\/wp-content\/uploads\/2019\/05\/IMG-20190518-WA0020-1024x768.jpg 1024w, https:\/\/fedemba.org.ar\/web\/wp-content\/uploads\/2019\/05\/IMG-20190518-WA0020-300x225.jpg 300w, https:\/\/fedemba.org.ar\/web\/wp-content\/uploads\/2019\/05\/IMG-20190518-WA0020-768x576.jpg 768w, https:\/\/fedemba.org.ar\/web\/wp-content\/uploads\/2019\/05\/IMG-20190518-WA0020.jpg 1280w\" sizes=\"(max-width: 1024px) 100vw, 1024px\" \/><\/p>\n<p>En esta sinton\u00eda, <strong>tambi\u00e9n participaron asociados de la mutual, con los cuales el Presidente de FEDEMBA charl\u00f3 y puso a disposici\u00f3n a la Federaci\u00f3n para lo que necesiten.<\/strong><\/p>\n<p><img decoding=\"async\" loading=\"lazy\" class=\"alignleft size-large wp-image-1928\" src=\"http:\/\/fedemba.org.ar\/web\/wp-content\/uploads\/2019\/05\/20190518_152000-1-1024x576.jpg\" alt=\"\" width=\"1024\" height=\"576\" srcset=\"https:\/\/fedemba.org.ar\/web\/wp-content\/uploads\/2019\/05\/20190518_152000-1-1024x576.jpg 1024w, https:\/\/fedemba.org.ar\/web\/wp-content\/uploads\/2019\/05\/20190518_152000-1-300x169.jpg 300w, https:\/\/fedemba.org.ar\/web\/wp-content\/uploads\/2019\/05\/20190518_152000-1-768x432.jpg 768w, https:\/\/fedemba.org.ar\/web\/wp-content\/uploads\/2019\/05\/20190518_152000-1.jpg 1032w\" sizes=\"(max-width: 1024px) 100vw, 1024px\" \/><\/p>\n<p>Por \u00faltimo, <strong>entre todos los presentes compartieron un locro como plato t\u00edpico para conmemorar el D\u00eda de la Patria (25 de mayo) y augurar por un sector de la econom\u00eda solidaria fortalecido.<\/strong><\/p>\n<p><img decoding=\"async\" loading=\"lazy\" class=\"alignleft size-large wp-image-1924\" src=\"http:\/\/fedemba.org.ar\/web\/wp-content\/uploads\/2019\/05\/IMG-20190518-WA0002-1024x576.jpg\" alt=\"\" width=\"1024\" height=\"576\" srcset=\"https:\/\/fedemba.org.ar\/web\/wp-content\/uploads\/2019\/05\/IMG-20190518-WA0002-1024x576.jpg 1024w, https:\/\/fedemba.org.ar\/web\/wp-content\/uploads\/2019\/05\/IMG-20190518-WA0002-300x169.jpg 300w, https:\/\/fedemba.org.ar\/web\/wp-content\/uploads\/2019\/05\/IMG-20190518-WA0002-768x432.jpg 768w, https:\/\/fedemba.org.ar\/web\/wp-content\/uploads\/2019\/05\/IMG-20190518-WA0002.jpg 1032w\" sizes=\"(max-width: 1024px) 100vw, 1024px\" \/><\/p>\n","protected":false},"excerpt":{"rendered":"<p>El Presidente de la Federaci\u00f3n de Entidades Mutuales de Buenos Aires (FEDEMBA), Hugo H. Bozzini, visit\u00f3 a la Asociaci\u00f3n Mutual \u201cEscarabajo\u201d de ex Empleados de Volkswagen Argentina\u00a0ubicada en Ciudadela, el pasado 18 de mayo, y comparti\u00f3 una de las reuniones mensuales de la entidad. En la reuni\u00f3n, el Presidente de la mutual\u00a0Roberto Stier Moses, junto [&hellip;]<\/p>\n","protected":false},"author":1,"featured_media":1924,"comment_status":"closed","ping_status":"closed","sticky":false,"template":"","format":"standard","meta":[],"categories":[1],"tags":[151,345,300,12,6,17,10,347,346],"_links":{"self":[{"href":"https:\/\/fedemba.org.ar\/web\/wp-json\/wp\/v2\/posts\/1917"}],"collection":[{"href":"https:\/\/fedemba.org.ar\/web\/wp-json\/wp\/v2\/posts"}],"about":[{"href":"https:\/\/fedemba.org.ar\/web\/wp-json\/wp\/v2\/types\/post"}],"author":[{"embeddable":true,"href":"https:\/\/fedemba.org.ar\/web\/wp-json\/wp\/v2\/users\/1"}],"replies":[{"embeddable":true,"href":"https:\/\/fedemba.org.ar\/web\/wp-json\/wp\/v2\/comments?post=1917"}],"version-history":[{"count":5,"href":"https:\/\/fedemba.org.ar\/web\/wp-json\/wp\/v2\/posts\/1917\/revisions"}],"predecessor-version":[{"id":1932,"href":"https:\/\/fedemba.org.ar\/web\/wp-json\/wp\/v2\/posts\/1917\/revisions\/1932"}],"wp:featuredmedia":[{"embeddable":true,"href":"https:\/\/fedemba.org.ar\/web\/wp-json\/wp\/v2\/media\/1924"}],"wp:attachment":[{"href":"https:\/\/fedemba.org.ar\/web\/wp-json\/wp\/v2\/media?parent=1917"}],"wp:term":[{"taxonomy":"category","embeddable":true,"href":"https:\/\/fedemba.org.ar\/web\/wp-json\/wp\/v2\/categories?post=1917"},{"taxonomy":"post_tag","embeddable":true,"href":"https:\/\/fedemba.org.ar\/web\/wp-json\/wp\/v2\/tags?post=1917"}],"curies":[{"name":"wp","href":"https:\/\/api.w.org\/{rel}","templated":true}]}}