{"id":1933,"date":"2019-05-31T13:15:38","date_gmt":"2019-05-31T16:15:38","guid":{"rendered":"http:\/\/fedemba.org.ar\/web\/?p=1933"},"modified":"2019-05-31T13:15:38","modified_gmt":"2019-05-31T16:15:38","slug":"convenio-fedemba-ampf-para-la-utilizacion-del-centro-medico-y-de-diagnostico","status":"publish","type":"post","link":"https:\/\/fedemba.org.ar\/web\/convenio-fedemba-ampf-para-la-utilizacion-del-centro-medico-y-de-diagnostico\/","title":{"rendered":"CONVENIO FEDEMBA &#8211; AMPF PARA LA UTILIZACI\u00d3N DEL CENTRO M\u00c9DICO Y DE DIAGN\u00d3STICO"},"content":{"rendered":"<p>La Federaci\u00f3n de Entidades Mutuales de Buenos Aires (FEDEMBA) ha firmado con la Asociaci\u00f3n Mutual de Protecci\u00f3n Familiar -AMPF-, la cual integra la Federaci\u00f3n, un Acuerdo Marco de Convenio Intermutual que permitir\u00e1 que los asociados de las mutuales adheridas puedan hacer uso del Centro M\u00e9dico y de Diagn\u00f3stico de la entidad de primer grado, ubicado en Tte. Gral. Juan Domingo Per\u00f3n 1379, Capital Federal \u2013 Tel\u00e9fono Turnos: 4124-9950 \u2013 Tel\u00e9fono Informes: 4124-9910.<\/p>\n<p>La implementaci\u00f3n ser\u00e1 de la siguiente manera: M\u00e1s all\u00e1 de si la entidad solicitara un turno para un determinado estudio, los asociados deber\u00e1n presentarse con un carnet, una identificaci\u00f3n o una autorizaci\u00f3n de la mutual que los identifique. AMPF tendr\u00e1 el listado de mutuales adheridas a FEDEMBA para poder verificar lo presentado.<\/p>\n<p><iframe loading=\"lazy\" style=\"border: 1px solid #CCC; border-width: 1px; margin-bottom: 5px; max-width: 100%;\" src=\"\/\/www.slideshare.net\/slideshow\/embed_code\/key\/4fLiMpvFwI3JYh\" width=\"668\" height=\"714\" frameborder=\"0\" marginwidth=\"0\" marginheight=\"0\" scrolling=\"no\" allowfullscreen=\"allowfullscreen\"> <\/iframe><\/p>\n<div style=\"margin-bottom: 5px;\"><strong> <a title=\"Convenio FEDEMBA - AMPF\" href=\"\/\/www.slideshare.net\/ConamMutualismo\/convenio-fedemba-ampf\" target=\"_blank\" rel=\"noopener\">Convenio FEDEMBA &#8211; AMPF<\/a> <\/strong> de <strong><a href=\"https:\/\/www.slideshare.net\/ConamMutualismo\" target=\"_blank\" rel=\"noopener\">Conam Mutualismo<\/a><\/strong><\/div>\n<p><img decoding=\"async\" loading=\"lazy\" class=\"alignleft size-large wp-image-1938\" src=\"http:\/\/fedemba.org.ar\/web\/wp-content\/uploads\/2019\/05\/nhbgfjnu-1024x230.jpg\" alt=\"\" width=\"1024\" height=\"230\" srcset=\"https:\/\/fedemba.org.ar\/web\/wp-content\/uploads\/2019\/05\/nhbgfjnu-1024x230.jpg 1024w, https:\/\/fedemba.org.ar\/web\/wp-content\/uploads\/2019\/05\/nhbgfjnu-300x67.jpg 300w, https:\/\/fedemba.org.ar\/web\/wp-content\/uploads\/2019\/05\/nhbgfjnu-768x172.jpg 768w, https:\/\/fedemba.org.ar\/web\/wp-content\/uploads\/2019\/05\/nhbgfjnu.jpg 1376w\" sizes=\"(max-width: 1024px) 100vw, 1024px\" \/><\/p>\n<p>&nbsp;<\/p>\n<p>&nbsp;<\/p>\n","protected":false},"excerpt":{"rendered":"<p>La Federaci\u00f3n de Entidades Mutuales de Buenos Aires (FEDEMBA) ha firmado con la Asociaci\u00f3n Mutual de Protecci\u00f3n Familiar -AMPF-, la cual integra la Federaci\u00f3n, un Acuerdo Marco de Convenio Intermutual que permitir\u00e1 que los asociados de las mutuales adheridas puedan hacer uso del Centro M\u00e9dico y de Diagn\u00f3stico de la entidad de primer grado, ubicado [&hellip;]<\/p>\n","protected":false},"author":1,"featured_media":1938,"comment_status":"closed","ping_status":"closed","sticky":false,"template":"","format":"standard","meta":[],"categories":[1],"tags":[37,56,349,348,300,12,6,17,10],"_links":{"self":[{"href":"https:\/\/fedemba.org.ar\/web\/wp-json\/wp\/v2\/posts\/1933"}],"collection":[{"href":"https:\/\/fedemba.org.ar\/web\/wp-json\/wp\/v2\/posts"}],"about":[{"href":"https:\/\/fedemba.org.ar\/web\/wp-json\/wp\/v2\/types\/post"}],"author":[{"embeddable":true,"href":"https:\/\/fedemba.org.ar\/web\/wp-json\/wp\/v2\/users\/1"}],"replies":[{"embeddable":true,"href":"https:\/\/fedemba.org.ar\/web\/wp-json\/wp\/v2\/comments?post=1933"}],"version-history":[{"count":1,"href":"https:\/\/fedemba.org.ar\/web\/wp-json\/wp\/v2\/posts\/1933\/revisions"}],"predecessor-version":[{"id":1939,"href":"https:\/\/fedemba.org.ar\/web\/wp-json\/wp\/v2\/posts\/1933\/revisions\/1939"}],"wp:featuredmedia":[{"embeddable":true,"href":"https:\/\/fedemba.org.ar\/web\/wp-json\/wp\/v2\/media\/1938"}],"wp:attachment":[{"href":"https:\/\/fedemba.org.ar\/web\/wp-json\/wp\/v2\/media?parent=1933"}],"wp:term":[{"taxonomy":"category","embeddable":true,"href":"https:\/\/fedemba.org.ar\/web\/wp-json\/wp\/v2\/categories?post=1933"},{"taxonomy":"post_tag","embeddable":true,"href":"https:\/\/fedemba.org.ar\/web\/wp-json\/wp\/v2\/tags?post=1933"}],"curies":[{"name":"wp","href":"https:\/\/api.w.org\/{rel}","templated":true}]}}