{"id":195,"date":"2013-05-15T12:33:49","date_gmt":"2013-05-15T15:33:49","guid":{"rendered":"http:\/\/fedemba.org.ar\/web\/?p=195"},"modified":"2015-05-14T15:35:37","modified_gmt":"2015-05-14T18:35:37","slug":"fedemba-presente-en-la-feria-del-libro","status":"publish","type":"post","link":"https:\/\/fedemba.org.ar\/web\/fedemba-presente-en-la-feria-del-libro\/","title":{"rendered":"FEDEMBA presente en la Feria del libro 2013"},"content":{"rendered":"<p>FEDEMBA estuvo presente en la 47\u00ba edici\u00f3n de la Feria del Libro, invitados por la Sra. Noem\u00ed Gladys Gorriz, Directora de la Revista Mutualismo Hoy.<\/p>\n<p>La Federaci\u00f3n acompa\u00f1\u00f3 activamente el amplio\u00a0stand de mutualismo, ubicado estrat\u00e9gicamente para el paso de los\u00a0asistentes, desde el 25 de abril\u00a0al\u00a013 de mayo.<\/p>\n<p>Cientos de personas asistieron a la Feria del Libro, siendo \u00e9sta la\u00a0segunda vez que el mutualismo se hace presente en este evento de gran envergadura, que ya es un hito tanto a nivel nacional como internacional.<\/p>\n<p><a href=\"http:\/\/fedemba.org.ar\/web\/wp-content\/uploads\/2015\/05\/DSC02687.jpg\"><img decoding=\"async\" loading=\"lazy\" class=\"alignleft size-medium wp-image-197\" src=\"http:\/\/fedemba.org.ar\/web\/wp-content\/uploads\/2015\/05\/DSC02687-300x225.jpg\" alt=\"DSC02687\" width=\"300\" height=\"225\" srcset=\"https:\/\/fedemba.org.ar\/web\/wp-content\/uploads\/2015\/05\/DSC02687-300x225.jpg 300w, https:\/\/fedemba.org.ar\/web\/wp-content\/uploads\/2015\/05\/DSC02687-1024x768.jpg 1024w, https:\/\/fedemba.org.ar\/web\/wp-content\/uploads\/2015\/05\/DSC02687.jpg 1296w\" sizes=\"(max-width: 300px) 100vw, 300px\" \/><\/a><a href=\"http:\/\/fedemba.org.ar\/web\/wp-content\/uploads\/2015\/05\/paguina-fedemba3.jpg\"><img decoding=\"async\" loading=\"lazy\" class=\"alignleft size-medium wp-image-198\" src=\"http:\/\/fedemba.org.ar\/web\/wp-content\/uploads\/2015\/05\/paguina-fedemba3-300x225.jpg\" alt=\"paguina fedemba3\" width=\"300\" height=\"225\" srcset=\"https:\/\/fedemba.org.ar\/web\/wp-content\/uploads\/2015\/05\/paguina-fedemba3-300x225.jpg 300w, https:\/\/fedemba.org.ar\/web\/wp-content\/uploads\/2015\/05\/paguina-fedemba3-1024x768.jpg 1024w, https:\/\/fedemba.org.ar\/web\/wp-content\/uploads\/2015\/05\/paguina-fedemba3.jpg 1648w\" sizes=\"(max-width: 300px) 100vw, 300px\" \/><\/a><\/p>\n<p>&nbsp;<\/p>\n<p>&nbsp;<\/p>\n<p>&nbsp;<\/p>\n","protected":false},"excerpt":{"rendered":"<p>FEDEMBA estuvo presente en la 47\u00ba edici\u00f3n de la Feria del Libro, invitados por la Sra. Noem\u00ed Gladys Gorriz, Directora de la Revista Mutualismo Hoy.<br \/>\nLa Federaci\u00f3n acompa\u00f1\u00f3 activamente el amplio stand de mutualismo, ubicado estrat\u00e9gicamente para el paso de los asistentes, desde el 25 de abril al 13 de mayo.<\/p>\n","protected":false},"author":1,"featured_media":196,"comment_status":"closed","ping_status":"closed","sticky":false,"template":"","format":"standard","meta":[],"categories":[1],"tags":[12,6,21,22,10],"_links":{"self":[{"href":"https:\/\/fedemba.org.ar\/web\/wp-json\/wp\/v2\/posts\/195"}],"collection":[{"href":"https:\/\/fedemba.org.ar\/web\/wp-json\/wp\/v2\/posts"}],"about":[{"href":"https:\/\/fedemba.org.ar\/web\/wp-json\/wp\/v2\/types\/post"}],"author":[{"embeddable":true,"href":"https:\/\/fedemba.org.ar\/web\/wp-json\/wp\/v2\/users\/1"}],"replies":[{"embeddable":true,"href":"https:\/\/fedemba.org.ar\/web\/wp-json\/wp\/v2\/comments?post=195"}],"version-history":[{"count":5,"href":"https:\/\/fedemba.org.ar\/web\/wp-json\/wp\/v2\/posts\/195\/revisions"}],"predecessor-version":[{"id":316,"href":"https:\/\/fedemba.org.ar\/web\/wp-json\/wp\/v2\/posts\/195\/revisions\/316"}],"wp:featuredmedia":[{"embeddable":true,"href":"https:\/\/fedemba.org.ar\/web\/wp-json\/wp\/v2\/media\/196"}],"wp:attachment":[{"href":"https:\/\/fedemba.org.ar\/web\/wp-json\/wp\/v2\/media?parent=195"}],"wp:term":[{"taxonomy":"category","embeddable":true,"href":"https:\/\/fedemba.org.ar\/web\/wp-json\/wp\/v2\/categories?post=195"},{"taxonomy":"post_tag","embeddable":true,"href":"https:\/\/fedemba.org.ar\/web\/wp-json\/wp\/v2\/tags?post=195"}],"curies":[{"name":"wp","href":"https:\/\/api.w.org\/{rel}","templated":true}]}}