{"id":1970,"date":"2019-06-12T17:03:26","date_gmt":"2019-06-12T20:03:26","guid":{"rendered":"http:\/\/fedemba.org.ar\/web\/?p=1970"},"modified":"2019-06-14T15:59:34","modified_gmt":"2019-06-14T18:59:34","slug":"fedemba-conmemoro-el-dia-del-aduanero-junto-a-la-mutual-aeana","status":"publish","type":"post","link":"https:\/\/fedemba.org.ar\/web\/fedemba-conmemoro-el-dia-del-aduanero-junto-a-la-mutual-aeana\/","title":{"rendered":"FEDEMBA CONMEMOR\u00d3 EL D\u00cdA DEL ADUANERO JUNTO A LA MUTUAL AEANA"},"content":{"rendered":"<p><strong>La Federaci\u00f3n de Entidades Mutuales de Buenos Aires (FEDEMBA)<\/strong>, a trav\u00e9s de su Vicepresidente Ricardo Lorenzo y su Secretaria Clara Avalos,\u00a0<strong>asisti\u00f3 el pasado 6 de junio a la sede social de la Asociaci\u00f3n de Empleados de la Administraci\u00f3n Nacional de Aduanas de Ayuda Mutual y Previsi\u00f3n (AEANA), con motivo de celebrarse el D\u00eda del Aduanero.<\/strong>\u00a0El Presidente de la entidad Guillermo Potenza, quien adem\u00e1s es Vocal Titular 3\u00ba de la Federaci\u00f3n, recibi\u00f3 a diversos invitados bajo un clima de agradable camarader\u00eda.<\/p>\n<p><strong>La celebraci\u00f3n comenz\u00f3 con las gratas palabras del Presidente de AEANA,<\/strong>\u00a0<strong>quien enarbol\u00f3 las actividades realizadas por la mutual y destac\u00f3 la enorme trayectoria de la entidad, la cual logr\u00f3 posicionarse gracias a su firme compromiso con los asociados en el desarrollo de los servicios que brinda.<\/strong><\/p>\n<p><img decoding=\"async\" loading=\"lazy\" class=\"size-large wp-image-1972 aligncenter\" src=\"http:\/\/fedemba.org.ar\/web\/wp-content\/uploads\/2019\/06\/AEANA-JUNIO-2019-2-1024x768.jpg\" alt=\"\" width=\"1024\" height=\"768\" srcset=\"https:\/\/fedemba.org.ar\/web\/wp-content\/uploads\/2019\/06\/AEANA-JUNIO-2019-2-1024x768.jpg 1024w, https:\/\/fedemba.org.ar\/web\/wp-content\/uploads\/2019\/06\/AEANA-JUNIO-2019-2-300x225.jpg 300w, https:\/\/fedemba.org.ar\/web\/wp-content\/uploads\/2019\/06\/AEANA-JUNIO-2019-2-768x576.jpg 768w, https:\/\/fedemba.org.ar\/web\/wp-content\/uploads\/2019\/06\/AEANA-JUNIO-2019-2.jpg 1152w\" sizes=\"(max-width: 1024px) 100vw, 1024px\" \/><\/p>\n<p>Guillermo Potenza continu\u00f3 su discurso con un detallado relato de por qu\u00e9 se celebra el\u00a0<strong>1\u00ba de junio el D\u00eda del Aduanero<\/strong>, lo cual fue conmemorado por los presentes con un clamoroso aplauso.<strong> AEANA<\/strong> brinda a sus asociados servicios, entre los que se destacan la capacitaci\u00f3n, turismo, salud, asistencia econ\u00f3mica, seguros de sepelio, proveedur\u00eda y asesoramiento legal y contable.<\/p>\n<p><img decoding=\"async\" loading=\"lazy\" class=\"size-large wp-image-1973 aligncenter\" src=\"http:\/\/fedemba.org.ar\/web\/wp-content\/uploads\/2019\/06\/AEANA-JUNIO-2019-1-1024x768.jpg\" alt=\"\" width=\"1024\" height=\"768\" srcset=\"https:\/\/fedemba.org.ar\/web\/wp-content\/uploads\/2019\/06\/AEANA-JUNIO-2019-1-1024x768.jpg 1024w, https:\/\/fedemba.org.ar\/web\/wp-content\/uploads\/2019\/06\/AEANA-JUNIO-2019-1-300x225.jpg 300w, https:\/\/fedemba.org.ar\/web\/wp-content\/uploads\/2019\/06\/AEANA-JUNIO-2019-1-768x576.jpg 768w, https:\/\/fedemba.org.ar\/web\/wp-content\/uploads\/2019\/06\/AEANA-JUNIO-2019-1.jpg 1152w\" sizes=\"(max-width: 1024px) 100vw, 1024px\" \/> <img decoding=\"async\" loading=\"lazy\" class=\"size-large wp-image-1974 aligncenter\" src=\"http:\/\/fedemba.org.ar\/web\/wp-content\/uploads\/2019\/06\/AEANA-JUNIO-2019-3-1024x768.jpg\" alt=\"\" width=\"1024\" height=\"768\" srcset=\"https:\/\/fedemba.org.ar\/web\/wp-content\/uploads\/2019\/06\/AEANA-JUNIO-2019-3-1024x768.jpg 1024w, https:\/\/fedemba.org.ar\/web\/wp-content\/uploads\/2019\/06\/AEANA-JUNIO-2019-3-300x225.jpg 300w, https:\/\/fedemba.org.ar\/web\/wp-content\/uploads\/2019\/06\/AEANA-JUNIO-2019-3-768x576.jpg 768w, https:\/\/fedemba.org.ar\/web\/wp-content\/uploads\/2019\/06\/AEANA-JUNIO-2019-3.jpg 1152w\" sizes=\"(max-width: 1024px) 100vw, 1024px\" \/><\/p>\n<p><strong>La Aduana Argentina es una de las instituciones m\u00e1s antiguas de nuestro pa\u00eds. <\/strong>Su comienzo se remonta a los tiempos de la conquista y colonizaci\u00f3n por parte de Espa\u00f1a. El primer registro oficial que se conserva de una operaci\u00f3n data del 1\u00b0 de junio de 1586 y corresponde al ingreso de mercader\u00edas introducidas por la nave Nuestra Se\u00f1ora del Rosario, procedente de Santos (Brasil), propiedad de Don Alfonso Vera.<\/p>\n<p>De este modo, <strong>de acuerdo al registro de la primera operaci\u00f3n realizada, desde el a\u00f1o 1997 el d\u00eda 1\u00b0 de junio fue instaurado como \u201cD\u00eda de la Aduana\u201d, mediante Resoluci\u00f3n Nro. 792\/62.<\/strong><\/p>\n<p><img decoding=\"async\" loading=\"lazy\" class=\"size-large wp-image-1971 aligncenter\" src=\"http:\/\/fedemba.org.ar\/web\/wp-content\/uploads\/2019\/06\/AEANA-JUNIO-2019-7-1024x768.jpg\" alt=\"\" width=\"1024\" height=\"768\" srcset=\"https:\/\/fedemba.org.ar\/web\/wp-content\/uploads\/2019\/06\/AEANA-JUNIO-2019-7-1024x768.jpg 1024w, https:\/\/fedemba.org.ar\/web\/wp-content\/uploads\/2019\/06\/AEANA-JUNIO-2019-7-300x225.jpg 300w, https:\/\/fedemba.org.ar\/web\/wp-content\/uploads\/2019\/06\/AEANA-JUNIO-2019-7-768x576.jpg 768w, https:\/\/fedemba.org.ar\/web\/wp-content\/uploads\/2019\/06\/AEANA-JUNIO-2019-7.jpg 1152w\" sizes=\"(max-width: 1024px) 100vw, 1024px\" \/><\/p>\n","protected":false},"excerpt":{"rendered":"<p>La Federaci\u00f3n de Entidades Mutuales de Buenos Aires (FEDEMBA), a trav\u00e9s de su Vicepresidente Ricardo Lorenzo y su Secretaria Clara Avalos,\u00a0asisti\u00f3 el pasado 6 de junio a la sede social de la Asociaci\u00f3n de Empleados de la Administraci\u00f3n Nacional de Aduanas de Ayuda Mutual y Previsi\u00f3n (AEANA), con motivo de celebrarse el D\u00eda del Aduanero.\u00a0El [&hellip;]<\/p>\n","protected":false},"author":1,"featured_media":1971,"comment_status":"closed","ping_status":"closed","sticky":false,"template":"","format":"standard","meta":[],"categories":[1],"tags":[358,283,140,356,357,300,12,6,105,10,83],"_links":{"self":[{"href":"https:\/\/fedemba.org.ar\/web\/wp-json\/wp\/v2\/posts\/1970"}],"collection":[{"href":"https:\/\/fedemba.org.ar\/web\/wp-json\/wp\/v2\/posts"}],"about":[{"href":"https:\/\/fedemba.org.ar\/web\/wp-json\/wp\/v2\/types\/post"}],"author":[{"embeddable":true,"href":"https:\/\/fedemba.org.ar\/web\/wp-json\/wp\/v2\/users\/1"}],"replies":[{"embeddable":true,"href":"https:\/\/fedemba.org.ar\/web\/wp-json\/wp\/v2\/comments?post=1970"}],"version-history":[{"count":3,"href":"https:\/\/fedemba.org.ar\/web\/wp-json\/wp\/v2\/posts\/1970\/revisions"}],"predecessor-version":[{"id":1977,"href":"https:\/\/fedemba.org.ar\/web\/wp-json\/wp\/v2\/posts\/1970\/revisions\/1977"}],"wp:featuredmedia":[{"embeddable":true,"href":"https:\/\/fedemba.org.ar\/web\/wp-json\/wp\/v2\/media\/1971"}],"wp:attachment":[{"href":"https:\/\/fedemba.org.ar\/web\/wp-json\/wp\/v2\/media?parent=1970"}],"wp:term":[{"taxonomy":"category","embeddable":true,"href":"https:\/\/fedemba.org.ar\/web\/wp-json\/wp\/v2\/categories?post=1970"},{"taxonomy":"post_tag","embeddable":true,"href":"https:\/\/fedemba.org.ar\/web\/wp-json\/wp\/v2\/tags?post=1970"}],"curies":[{"name":"wp","href":"https:\/\/api.w.org\/{rel}","templated":true}]}}