{"id":2013,"date":"2019-08-01T15:21:48","date_gmt":"2019-08-01T18:21:48","guid":{"rendered":"http:\/\/fedemba.org.ar\/web\/?p=2013"},"modified":"2019-08-01T16:24:14","modified_gmt":"2019-08-01T19:24:14","slug":"cumbre-de-confederaciones-cooperativas-y-mutuales-se-elaboro-un-documento-para-los-candidatos-presidenciales","status":"publish","type":"post","link":"https:\/\/fedemba.org.ar\/web\/cumbre-de-confederaciones-cooperativas-y-mutuales-se-elaboro-un-documento-para-los-candidatos-presidenciales\/","title":{"rendered":"CUMBRE DE CONFEDERACIONES DE COOPERATIVAS Y MUTUALES: SE ELABOR\u00d3 UN DOCUMENTO PARA LOS CANDIDATOS PRESIDENCIALES"},"content":{"rendered":"<p><strong>Las entidades m\u00e1s representativas del mutualismo y cooperativismo argentino mantuvieron diversas reuniones donde elaboraron en conjunto un documento con propuestas de la econom\u00eda social y solidaria para entregar a los candidatos presidenciales de las pr\u00f3ximas elecciones.<\/strong><\/p>\n<p>El documento busca el desarrollo de pol\u00edticas p\u00fablicas tendientes a un potenciamiento del sector mutualista y cooperativista. En este sentido, <strong>se busca \u201cmultiplicar la econom\u00eda social y solidaria\u201d<\/strong> argumentando, dentro de muchas cosas, en su objeto de \u201corganizar y prestar servicios\u00bb y\u00a0 que \u00abno persiguen fines de lucro\u201d.<\/p>\n<p><img decoding=\"async\" loading=\"lazy\" class=\"size-full wp-image-2015 aligncenter\" src=\"http:\/\/fedemba.org.ar\/web\/wp-content\/uploads\/2019\/08\/20190731_confederaciones.jpg\" alt=\"\" width=\"600\" height=\"350\" srcset=\"https:\/\/fedemba.org.ar\/web\/wp-content\/uploads\/2019\/08\/20190731_confederaciones.jpg 600w, https:\/\/fedemba.org.ar\/web\/wp-content\/uploads\/2019\/08\/20190731_confederaciones-300x175.jpg 300w\" sizes=\"(max-width: 600px) 100vw, 600px\" \/><\/p>\n<p>La Confederaci\u00f3n Nacional de Mutualidades de la Rep\u00fablica Argentina <strong>(CONAM)<\/strong>, junto con la Confederaci\u00f3n Cooperativa de la Rep\u00fablica Argentina <strong>(COOPERAR)<\/strong>, la Confederaci\u00f3n Intercooperativa Agropeucaria <strong>(CONINAGRO)<\/strong>, la Confederaci\u00f3n Argentina de Trabajadores Cooperativos Asociados<strong> (CONARCOOP)<\/strong>, la Confederaci\u00f3n Nacional de Cooperativas de Trabajo<strong> (CNCT)<\/strong>, la Confederaci\u00f3n Argentina Interfederativa de Cooperativas de Electricidad y otros Servicios P\u00fablicos <strong>(CONAICE)<\/strong>, la Confederaci\u00f3n Argentina de Mutualidades <strong>(CAM)<\/strong> y Aseguradoras del Interior de la Rep\u00fablica Argentina <strong>(ADIRA)<\/strong> <strong>firmaron este documento.<\/strong><\/p>\n<p>A continuaci\u00f3n,<strong> les compartimos el documento completo:<\/strong><\/p>\n<p><a href=\"http:\/\/fedemba.org.ar\/web\/wp-content\/uploads\/2019\/08\/Mensaje-del-cooperativismo-y-el-mutualismo-a-los-candidatos-Elecciones-2019.pdf\">Mensaje del cooperativismo y el mutualismo a los candidatos &#8211; Elecciones 2019<\/a><\/p>\n<p><img decoding=\"async\" loading=\"lazy\" class=\"alignleft size-full wp-image-1064\" src=\"http:\/\/fedemba.org.ar\/web\/wp-content\/uploads\/2017\/07\/LOGO-FEDEMBA-INFORMA.jpg\" alt=\"\" width=\"929\" height=\"455\" srcset=\"https:\/\/fedemba.org.ar\/web\/wp-content\/uploads\/2017\/07\/LOGO-FEDEMBA-INFORMA.jpg 929w, https:\/\/fedemba.org.ar\/web\/wp-content\/uploads\/2017\/07\/LOGO-FEDEMBA-INFORMA-300x147.jpg 300w\" sizes=\"(max-width: 929px) 100vw, 929px\" \/><\/p>\n","protected":false},"excerpt":{"rendered":"<p>Las entidades m\u00e1s representativas del mutualismo y cooperativismo argentino mantuvieron diversas reuniones donde elaboraron en conjunto un documento con propuestas de la econom\u00eda social y solidaria para entregar a los candidatos presidenciales de las pr\u00f3ximas elecciones. El documento busca el desarrollo de pol\u00edticas p\u00fablicas tendientes a un potenciamiento del sector mutualista y cooperativista. En este [&hellip;]<\/p>\n","protected":false},"author":1,"featured_media":2015,"comment_status":"closed","ping_status":"closed","sticky":false,"template":"","format":"standard","meta":[],"categories":[1],"tags":[369,104,370,368,9,367,103,101,300,12,371,6,10],"_links":{"self":[{"href":"https:\/\/fedemba.org.ar\/web\/wp-json\/wp\/v2\/posts\/2013"}],"collection":[{"href":"https:\/\/fedemba.org.ar\/web\/wp-json\/wp\/v2\/posts"}],"about":[{"href":"https:\/\/fedemba.org.ar\/web\/wp-json\/wp\/v2\/types\/post"}],"author":[{"embeddable":true,"href":"https:\/\/fedemba.org.ar\/web\/wp-json\/wp\/v2\/users\/1"}],"replies":[{"embeddable":true,"href":"https:\/\/fedemba.org.ar\/web\/wp-json\/wp\/v2\/comments?post=2013"}],"version-history":[{"count":4,"href":"https:\/\/fedemba.org.ar\/web\/wp-json\/wp\/v2\/posts\/2013\/revisions"}],"predecessor-version":[{"id":2019,"href":"https:\/\/fedemba.org.ar\/web\/wp-json\/wp\/v2\/posts\/2013\/revisions\/2019"}],"wp:featuredmedia":[{"embeddable":true,"href":"https:\/\/fedemba.org.ar\/web\/wp-json\/wp\/v2\/media\/2015"}],"wp:attachment":[{"href":"https:\/\/fedemba.org.ar\/web\/wp-json\/wp\/v2\/media?parent=2013"}],"wp:term":[{"taxonomy":"category","embeddable":true,"href":"https:\/\/fedemba.org.ar\/web\/wp-json\/wp\/v2\/categories?post=2013"},{"taxonomy":"post_tag","embeddable":true,"href":"https:\/\/fedemba.org.ar\/web\/wp-json\/wp\/v2\/tags?post=2013"}],"curies":[{"name":"wp","href":"https:\/\/api.w.org\/{rel}","templated":true}]}}