{"id":2037,"date":"2019-08-13T14:31:33","date_gmt":"2019-08-13T17:31:33","guid":{"rendered":"http:\/\/fedemba.org.ar\/web\/?p=2037"},"modified":"2019-08-13T16:49:10","modified_gmt":"2019-08-13T19:49:10","slug":"las-mutuales-de-fedemba-pueden-aprovechar-un-20-de-descuento-en-un-nuevo-curso-del-cgcym","status":"publish","type":"post","link":"https:\/\/fedemba.org.ar\/web\/las-mutuales-de-fedemba-pueden-aprovechar-un-20-de-descuento-en-un-nuevo-curso-del-cgcym\/","title":{"rendered":"LAS MUTUALES DE FEDEMBA PUEDEN APROVECHAR UN 20% DE DESCUENTO EN UN NUEVO CURSO DEL CGCYM"},"content":{"rendered":"<p>El Colegio de Graduados en Cooperativismo y Mutualismo de la Rep\u00fablica Argentina\u00a0<strong>(CGCyM) contin\u00faa con sus diversos cursos de capacitaci\u00f3n presenciales y a distancia<\/strong>, los cuales cuentan con los m\u00e1s especializados catedr\u00e1ticos y expositores destinados a brindar herramientas e informaci\u00f3n esencial en diversos \u00e1mbitos.<\/p>\n<p><strong>Les recordamos que gracias al Convenio entre el CGCyM y CONAM, todas las mutuales que se encuentren adheridas a FEDEMBA<\/strong><strong>\u00a0reciben un 20% de descuento en los cursos.<\/strong><\/p>\n<p>En esta oportunidad, el CGCyM te ofrece un <strong>Curso de R\u00e9gimen Tributario en Mutuales<\/strong>.<\/p>\n<h4><img decoding=\"async\" class=\"aligncenter\" src=\"http:\/\/www.conam.org.ar\/web\/wp-content\/uploads\/2019\/02\/aviso1.png\" \/><\/h4>\n<p class=\"has-text-color has-vivid-cyan-blue-color\"><strong>CHEQUE\u00c1 LA OFERTA DE CURSOS:<\/strong><\/p>\n<ul>\n<li><strong>R\u00c9GIMEN TRIBUTARIO EN MUTUALES (CURSO PRESENCIAL)<\/strong><\/li>\n<\/ul>\n<p>El curso m\u00e1s completo sobre el marco te\u00f3rico-normativo relativo al R\u00e9gimen Tributario Argentino, tanto nacional como estadual. Adem\u00e1s se profundizar\u00e1 los conocimientos respecto de las responsabilidades y tareas relacionadas con los tributos a cargo de las mutuales y sus asociados y se adquirir\u00e1 conocimientos generales sobre la actualidad de los Impuestos directos e indirectos a nivel nacional.<\/p>\n<p>Inicio: 22 y 23 de agosto de 2019 (6 semanas de duraci\u00f3n)<\/p>\n<p><img decoding=\"async\" id=\"x__x0000_i1026\" class=\"aligncenter\" src=\"https:\/\/gallery.mailchimp.com\/305ce6f1c2d0dd1e6f7b86da9\/images\/93796cf5-5c63-4a8a-a926-865dd88b5d29.jpg\" width=\"564\" border=\"0\" data-imagetype=\"External\" \/><\/p>\n<h3><strong>\u00bfC\u00f3mo te anot\u00e1s?<\/strong><\/h3>\n<p>Entr\u00e1 al link debajo, f\u00edjate la cartelera de cursos, eleg\u00ed tu favorito y ponete en contacto con el CGCyM.<\/p>\n<p><a href=\"http:\/\/cgcym.org.ar\/capacitacion\/\">http:\/\/cgcym.org.ar\/capacitacion\/<\/a><\/p>\n<p>&nbsp;<\/p>\n<h3><strong>PARA M\u00c1S INFO PONETE EN CONTACTO CON EL CGCyM:<\/strong><\/h3>\n<p><strong>TEL\u00c9FONO:<\/strong>\u00a0\u00a0(54 11) 4305-7192 \/ 9954<\/p>\n<p><strong>MAIL:<\/strong>\u00a0<a href=\"mailto:capacitacion@cgcym.org.ar\">capacitacion@cgcym.org.ar<\/a><\/p>\n<p><strong>WEB:<\/strong>\u00a0<a href=\"http:\/\/www.conam.org.ar\/web\/relanzamiento-de-los-cursos-de-capacitacion-del-cgcym\/www.cgcym.org.ar\">www.cgcym.org.ar<\/a><\/p>\n<figure class=\"wp-block-image is-resized\"><figcaption><img decoding=\"async\" loading=\"lazy\" class=\"wp-image-2737\" src=\"http:\/\/www.conam.org.ar\/web\/wp-content\/uploads\/2017\/08\/Facebook_logo.png\" alt=\"\" width=\"42\" height=\"42\" \/>\u00a0<a href=\"https:\/\/www.facebook.com\/CGCyM\">https:\/\/www.facebook.com\/CGCyM<\/a><\/figcaption><\/figure>\n<figure class=\"wp-block-image is-resized\"><figcaption><img decoding=\"async\" loading=\"lazy\" class=\"wp-image-3388\" src=\"http:\/\/www.conam.org.ar\/web\/wp-content\/uploads\/2018\/02\/https___cdn_evbuc_com_images_31111175_160303553603_1_original-150x150.png\" alt=\"\" width=\"45\" height=\"45\" \/>\u00a0<a href=\"https:\/\/twitter.com\/CGCyMArgentina\">https:\/\/twitter.com\/CGCyMArgentina<\/a><\/figcaption><\/figure>\n<p><strong>DIRECCI\u00d3N:<\/strong>\u00a0Estados Unidos 1354 (Ciudad Aut\u00f3noma de Buenos Aires).<\/p>\n<p>Horarios de lunes a viernes de 11 a 17 hs.<\/p>\n<p><img decoding=\"async\" loading=\"lazy\" class=\"size-full wp-image-2038 aligncenter\" src=\"http:\/\/fedemba.org.ar\/web\/wp-content\/uploads\/2019\/08\/LOGO-CGCYM-FEDEMBA.png\" alt=\"\" width=\"816\" height=\"297\" srcset=\"https:\/\/fedemba.org.ar\/web\/wp-content\/uploads\/2019\/08\/LOGO-CGCYM-FEDEMBA.png 816w, https:\/\/fedemba.org.ar\/web\/wp-content\/uploads\/2019\/08\/LOGO-CGCYM-FEDEMBA-300x109.png 300w, https:\/\/fedemba.org.ar\/web\/wp-content\/uploads\/2019\/08\/LOGO-CGCYM-FEDEMBA-768x280.png 768w\" sizes=\"(max-width: 816px) 100vw, 816px\" \/><\/p>\n","protected":false},"excerpt":{"rendered":"<p>El Colegio de Graduados en Cooperativismo y Mutualismo de la Rep\u00fablica Argentina\u00a0(CGCyM) contin\u00faa con sus diversos cursos de capacitaci\u00f3n presenciales y a distancia, los cuales cuentan con los m\u00e1s especializados catedr\u00e1ticos y expositores destinados a brindar herramientas e informaci\u00f3n esencial en diversos \u00e1mbitos. Les recordamos que gracias al Convenio entre el CGCyM y CONAM, todas [&hellip;]<\/p>\n","protected":false},"author":1,"featured_media":2038,"comment_status":"closed","ping_status":"closed","sticky":false,"template":"","format":"standard","meta":[],"categories":[1],"tags":[100,300,12,6,10],"_links":{"self":[{"href":"https:\/\/fedemba.org.ar\/web\/wp-json\/wp\/v2\/posts\/2037"}],"collection":[{"href":"https:\/\/fedemba.org.ar\/web\/wp-json\/wp\/v2\/posts"}],"about":[{"href":"https:\/\/fedemba.org.ar\/web\/wp-json\/wp\/v2\/types\/post"}],"author":[{"embeddable":true,"href":"https:\/\/fedemba.org.ar\/web\/wp-json\/wp\/v2\/users\/1"}],"replies":[{"embeddable":true,"href":"https:\/\/fedemba.org.ar\/web\/wp-json\/wp\/v2\/comments?post=2037"}],"version-history":[{"count":6,"href":"https:\/\/fedemba.org.ar\/web\/wp-json\/wp\/v2\/posts\/2037\/revisions"}],"predecessor-version":[{"id":2044,"href":"https:\/\/fedemba.org.ar\/web\/wp-json\/wp\/v2\/posts\/2037\/revisions\/2044"}],"wp:featuredmedia":[{"embeddable":true,"href":"https:\/\/fedemba.org.ar\/web\/wp-json\/wp\/v2\/media\/2038"}],"wp:attachment":[{"href":"https:\/\/fedemba.org.ar\/web\/wp-json\/wp\/v2\/media?parent=2037"}],"wp:term":[{"taxonomy":"category","embeddable":true,"href":"https:\/\/fedemba.org.ar\/web\/wp-json\/wp\/v2\/categories?post=2037"},{"taxonomy":"post_tag","embeddable":true,"href":"https:\/\/fedemba.org.ar\/web\/wp-json\/wp\/v2\/tags?post=2037"}],"curies":[{"name":"wp","href":"https:\/\/api.w.org\/{rel}","templated":true}]}}