{"id":2064,"date":"2019-09-02T14:44:32","date_gmt":"2019-09-02T17:44:32","guid":{"rendered":"http:\/\/fedemba.org.ar\/web\/?p=2064"},"modified":"2019-09-02T14:44:32","modified_gmt":"2019-09-02T17:44:32","slug":"se-viene-la-asamblea-2019-de-fedemba","status":"publish","type":"post","link":"https:\/\/fedemba.org.ar\/web\/se-viene-la-asamblea-2019-de-fedemba\/","title":{"rendered":"SE VIENE LA ASAMBLEA 2019 DE FEDEMBA"},"content":{"rendered":"<p>El jueves 12 de septiembre a las 18.30 horas se llevar\u00e1 a cabo la Asamblea General Ordinaria de la Federaci\u00f3n de Entidades Mutuales de Buenos Aires (FEDEMBA) en la sede del C\u00edrculo de Suboficiales de la Prefectura Naval Argentina, Carlos Calvo 1337, Capital Federal, para tratar el siguiente orden del d\u00eda:<\/p>\n<p><strong>1\u00b0) Designaci\u00f3n de dos Delegados para la firma del Acta de Asamblea. <\/strong><\/p>\n<p><strong>2\u00b0) Consideraci\u00f3n de la Memoria, Balance General, Cuadros Anexos, Cuenta de Gastos y Recursos e Informe de la Junta Fiscalizadora y del Auditor Externo correspondientes al Ejercicio cerrado el 31-05-2019.<\/strong><\/p>\n<p><strong>3\u00ba) Ratificaci\u00f3n del aumento de la cuota social.<\/strong><\/p>\n<p><strong>4\u00ba) Informe de los convenios suscriptos con el INAES.<\/strong><\/p>\n<p><strong>Finalmente,se realizar\u00e1 la cl\u00e1sica Cena de camarader\u00eda e integraci\u00f3n entre los delegados e invitados especiales.<\/strong><\/p>\n<p><img decoding=\"async\" loading=\"lazy\" class=\"alignleft size-large wp-image-544\" src=\"http:\/\/fedemba.org.ar\/web\/wp-content\/uploads\/2015\/09\/Banner-Asamblea-2015-486x1024.jpg\" alt=\"\" width=\"486\" height=\"1024\" srcset=\"https:\/\/fedemba.org.ar\/web\/wp-content\/uploads\/2015\/09\/Banner-Asamblea-2015-486x1024.jpg 486w, https:\/\/fedemba.org.ar\/web\/wp-content\/uploads\/2015\/09\/Banner-Asamblea-2015-142x300.jpg 142w, https:\/\/fedemba.org.ar\/web\/wp-content\/uploads\/2015\/09\/Banner-Asamblea-2015.jpg 568w\" sizes=\"(max-width: 486px) 100vw, 486px\" \/><\/p>\n","protected":false},"excerpt":{"rendered":"<p>El jueves 12 de septiembre a las 18.30 horas se llevar\u00e1 a cabo la Asamblea General Ordinaria de la Federaci\u00f3n de Entidades Mutuales de Buenos Aires (FEDEMBA) en la sede del C\u00edrculo de Suboficiales de la Prefectura Naval Argentina, Carlos Calvo 1337, Capital Federal, para tratar el siguiente orden del d\u00eda: 1\u00b0) Designaci\u00f3n de dos [&hellip;]<\/p>\n","protected":false},"author":1,"featured_media":544,"comment_status":"closed","ping_status":"closed","sticky":false,"template":"","format":"standard","meta":[],"categories":[1],"tags":[19,107,300,12,6,10],"_links":{"self":[{"href":"https:\/\/fedemba.org.ar\/web\/wp-json\/wp\/v2\/posts\/2064"}],"collection":[{"href":"https:\/\/fedemba.org.ar\/web\/wp-json\/wp\/v2\/posts"}],"about":[{"href":"https:\/\/fedemba.org.ar\/web\/wp-json\/wp\/v2\/types\/post"}],"author":[{"embeddable":true,"href":"https:\/\/fedemba.org.ar\/web\/wp-json\/wp\/v2\/users\/1"}],"replies":[{"embeddable":true,"href":"https:\/\/fedemba.org.ar\/web\/wp-json\/wp\/v2\/comments?post=2064"}],"version-history":[{"count":1,"href":"https:\/\/fedemba.org.ar\/web\/wp-json\/wp\/v2\/posts\/2064\/revisions"}],"predecessor-version":[{"id":2065,"href":"https:\/\/fedemba.org.ar\/web\/wp-json\/wp\/v2\/posts\/2064\/revisions\/2065"}],"wp:featuredmedia":[{"embeddable":true,"href":"https:\/\/fedemba.org.ar\/web\/wp-json\/wp\/v2\/media\/544"}],"wp:attachment":[{"href":"https:\/\/fedemba.org.ar\/web\/wp-json\/wp\/v2\/media?parent=2064"}],"wp:term":[{"taxonomy":"category","embeddable":true,"href":"https:\/\/fedemba.org.ar\/web\/wp-json\/wp\/v2\/categories?post=2064"},{"taxonomy":"post_tag","embeddable":true,"href":"https:\/\/fedemba.org.ar\/web\/wp-json\/wp\/v2\/tags?post=2064"}],"curies":[{"name":"wp","href":"https:\/\/api.w.org\/{rel}","templated":true}]}}