{"id":2078,"date":"2019-09-30T16:17:12","date_gmt":"2019-09-30T19:17:12","guid":{"rendered":"http:\/\/fedemba.org.ar\/web\/?p=2078"},"modified":"2019-09-30T16:20:52","modified_gmt":"2019-09-30T19:20:52","slug":"fedemba-participo-en-la-apertura-de-las-pasantias-intercontinentales-de-odema","status":"publish","type":"post","link":"https:\/\/fedemba.org.ar\/web\/fedemba-participo-en-la-apertura-de-las-pasantias-intercontinentales-de-odema\/","title":{"rendered":"FEDEMBA PARTICIP\u00d3 EN LA APERTURA DE LAS PASANT\u00cdAS INTERCONTINENTALES DE ODEMA"},"content":{"rendered":"<p>La Federaci\u00f3n de Entidades Mutuales de Buenos Aires (FEDEMBA)\u00a0<strong>particip\u00f3 en la apertura de las Pasant\u00edas Intercontinentales<\/strong>\u00a0<strong>que organiza\u00a0<\/strong>la Organizaci\u00f3n de Entidades Mutuales de las Am\u00e9ricas\u00a0<strong>(ODEMA),<\/strong>\u00a0del 18 al 20 de septiembre en Buenos Aires.<\/p>\n<p>En este sentido, la Jornada se inici\u00f3 con las palabras del Presidente del Instituto Nacional de Asociativismo y Econom\u00eda Social\u00a0<strong>(INAES), Marcelo Collomb<\/strong>; de la\u00a0<strong>Secretaria de Promoci\u00f3n y Relaciones Institucionales de FEDEMBA Rosa Rodr\u00edguez;<\/strong>\u00a0del Presidente de\u00a0<strong>ODEMA<\/strong>\u00a0y de la Uni\u00f3n Mundial de la Mutualidad\u00a0<strong>(UMM),<\/strong>\u00a0<strong>Alfredo Sigliano<\/strong>; y del Vicepresidente por Europa de la\u00a0<strong>UMM y\u00a0<\/strong>Presidente de la Uni\u00e3o das Mutualidades Portuguesas\u00a0<strong>(UMP)<\/strong>\u00a0<strong>, Luis Alberto Silva.<\/strong><\/p>\n<figure class=\"wp-block-image\">\n<p><div id=\"attachment_5521\" style=\"width: 849px\" class=\"wp-caption aligncenter\"><img aria-describedby=\"caption-attachment-5521\" decoding=\"async\" loading=\"lazy\" class=\"wp-image-5521\" src=\"http:\/\/www.conam.org.ar\/web\/wp-content\/uploads\/2019\/09\/20190918_093643-1024x768.jpg\" sizes=\"(max-width: 1024px) 100vw, 1024px\" srcset=\"http:\/\/www.conam.org.ar\/web\/wp-content\/uploads\/2019\/09\/20190918_093643-1024x768.jpg 1024w, http:\/\/www.conam.org.ar\/web\/wp-content\/uploads\/2019\/09\/20190918_093643-300x225.jpg 300w, http:\/\/www.conam.org.ar\/web\/wp-content\/uploads\/2019\/09\/20190918_093643-768x576.jpg 768w\" alt=\"\" width=\"839\" height=\"629\" \/><p id=\"caption-attachment-5521\" class=\"wp-caption-text\">El Presidente de\u00a0ODEMA\u00a0y de la Uni\u00f3n Mundial de la Mutualidad\u00a0(UMM),\u00a0Alfredo Sigliano; el Presidente del INAES, Marcelo Collomb; y la\u00a0Secretaria de Promoci\u00f3n y Relaciones Institucionales de FEDEMBA, Rosa Rodr\u00edguez.<\/p><\/div><\/figure>\n<p>Cabe resaltar que\u00a0<strong>diversas mutuales de Am\u00e9rica y de Europa se encuentran participando de estas pasant\u00edas,<\/strong>\u00a0que consisten en una serie de capacitaciones sobre los servicios que brindan las mutuales argentinas y una visita a diversas entidades para conocer el funcionamiento de las mismas.<\/p>\n<figure class=\"wp-block-image\"><img decoding=\"async\" class=\"wp-image-5522 aligncenter\" src=\"http:\/\/www.conam.org.ar\/web\/wp-content\/uploads\/2019\/09\/20190918_093346-1024x768.jpg\" sizes=\"(max-width: 1024px) 100vw, 1024px\" srcset=\"http:\/\/www.conam.org.ar\/web\/wp-content\/uploads\/2019\/09\/20190918_093346-1024x768.jpg 1024w, http:\/\/www.conam.org.ar\/web\/wp-content\/uploads\/2019\/09\/20190918_093346-300x225.jpg 300w, http:\/\/www.conam.org.ar\/web\/wp-content\/uploads\/2019\/09\/20190918_093346-768x576.jpg 768w\" alt=\"\" \/><\/figure>\n<figure class=\"wp-block-image\">\n<p><div id=\"attachment_5523\" style=\"width: 849px\" class=\"wp-caption aligncenter\"><img aria-describedby=\"caption-attachment-5523\" decoding=\"async\" loading=\"lazy\" class=\"wp-image-5523\" src=\"http:\/\/www.conam.org.ar\/web\/wp-content\/uploads\/2019\/09\/20190918_110605-1024x768.jpg\" sizes=\"(max-width: 1024px) 100vw, 1024px\" srcset=\"http:\/\/www.conam.org.ar\/web\/wp-content\/uploads\/2019\/09\/20190918_110605-1024x768.jpg 1024w, http:\/\/www.conam.org.ar\/web\/wp-content\/uploads\/2019\/09\/20190918_110605-300x225.jpg 300w, http:\/\/www.conam.org.ar\/web\/wp-content\/uploads\/2019\/09\/20190918_110605-768x576.jpg 768w\" alt=\"\" width=\"839\" height=\"629\" \/><p id=\"caption-attachment-5523\" class=\"wp-caption-text\"><strong>Luis Alberto Silva, Alfredo Sigliano y Lira Fern\u00e1ndez de la UMM le dieron la bienvenida a los presentes. Asimismo, se pas\u00f3 un video de Abdelmoula Abdelmounni, Presidente de la Uni\u00f3n Africana de la Mutualidad y Vicepresidente por \u00c1frica de la UMM, y de Virginia Gamba, Representante Especial para Ni\u00f1os y los Conflictos Armados en la Organizaci\u00f3n de Naciones Unidas.<\/strong><\/p><\/div><\/figure>\n<p><strong>El primer panel<\/strong>\u00a0de expositores estuvo a cargo del Presidente de FEDEMBA,<strong>\u00a0Hugo Bozzini<\/strong>, de <strong>Rosa Rodr\u00edguez<\/strong>, y del Coordinador Operativo de\u00a0<strong>ODEMA, Andr\u00e9s Rom\u00e1n<\/strong>, introduciendo a los pasantes a la experiencia mutualista argentina con un resumen de la situaci\u00f3n pol\u00edtica, social y econ\u00f3mica actual en el mutualismo.<\/p>\n<figure class=\"wp-block-image\"><img decoding=\"async\" class=\"wp-image-5524 aligncenter\" src=\"http:\/\/www.conam.org.ar\/web\/wp-content\/uploads\/2019\/09\/20190918_121751-1024x768.jpg\" sizes=\"(max-width: 1024px) 100vw, 1024px\" srcset=\"http:\/\/www.conam.org.ar\/web\/wp-content\/uploads\/2019\/09\/20190918_121751-1024x768.jpg 1024w, http:\/\/www.conam.org.ar\/web\/wp-content\/uploads\/2019\/09\/20190918_121751-300x225.jpg 300w, http:\/\/www.conam.org.ar\/web\/wp-content\/uploads\/2019\/09\/20190918_121751-768x576.jpg 768w\" alt=\"\" \/><\/figure>\n<p>Posteriormente, se desarroll\u00f3<strong>\u00a0el segundo panel<\/strong>\u00a0de la tarde con Rosa Rodr\u00edguez<strong>, la Secretaria de FEDEMBA, Clara Avalos, la Integrante del Consejo Consultivo, Sandra Rodr\u00edguez, adem\u00e1s de Alejandro Fogola, Dami\u00e1n de Brito y Sebasti\u00e1n Mazzino<\/strong>\u00a0de\u00a0<strong>FOCOMFA<\/strong>, quienes\u00a0<strong>explicaron sobre el funcionamiento de los Fondos Compensadores\u00a0<\/strong>en Argentina.<\/p>\n<figure class=\"wp-block-image\"><img decoding=\"async\" class=\"wp-image-5525 aligncenter\" src=\"http:\/\/www.conam.org.ar\/web\/wp-content\/uploads\/2019\/09\/20190918_130036-1024x768.jpg\" sizes=\"(max-width: 1024px) 100vw, 1024px\" srcset=\"http:\/\/www.conam.org.ar\/web\/wp-content\/uploads\/2019\/09\/20190918_130036-1024x768.jpg 1024w, http:\/\/www.conam.org.ar\/web\/wp-content\/uploads\/2019\/09\/20190918_130036-300x225.jpg 300w, http:\/\/www.conam.org.ar\/web\/wp-content\/uploads\/2019\/09\/20190918_130036-768x576.jpg 768w\" alt=\"\" \/><\/figure>\n<p>Por otra parte,\u00a0<strong>Gast\u00f3n Ricciardi, Cristian Panelli, Guillermo Lamboglia, Alejandra L\u00f3pez y Romina Massa\u00a0<\/strong>de la Asociaci\u00f3n Mutual de Protecci\u00f3n Familiar\u00a0<strong>(AMPF)<\/strong>\u00a0<strong>expusieron sobre el sistema de salud<\/strong>\u00a0mutualista. Finalmente, los pasantes tuvieron la posibilidad de recorrer el nuevo\u00a0<strong>Centro de Diagn\u00f3stico de AMPF.<\/strong><\/p>\n<figure class=\"wp-block-image\"><img decoding=\"async\" class=\"wp-image-5526 aligncenter\" src=\"http:\/\/www.conam.org.ar\/web\/wp-content\/uploads\/2019\/09\/20190918_093454-1024x768.jpg\" sizes=\"(max-width: 1024px) 100vw, 1024px\" srcset=\"http:\/\/www.conam.org.ar\/web\/wp-content\/uploads\/2019\/09\/20190918_093454-1024x768.jpg 1024w, http:\/\/www.conam.org.ar\/web\/wp-content\/uploads\/2019\/09\/20190918_093454-300x225.jpg 300w, http:\/\/www.conam.org.ar\/web\/wp-content\/uploads\/2019\/09\/20190918_093454-768x576.jpg 768w\" alt=\"\" \/><\/figure>\n","protected":false},"excerpt":{"rendered":"<p>La Federaci\u00f3n de Entidades Mutuales de Buenos Aires (FEDEMBA)\u00a0particip\u00f3 en la apertura de las Pasant\u00edas Intercontinentales\u00a0que organiza\u00a0la Organizaci\u00f3n de Entidades Mutuales de las Am\u00e9ricas\u00a0(ODEMA),\u00a0del 18 al 20 de septiembre en Buenos Aires. En este sentido, la Jornada se inici\u00f3 con las palabras del Presidente del Instituto Nacional de Asociativismo y Econom\u00eda Social\u00a0(INAES), Marcelo Collomb; de [&hellip;]<\/p>\n","protected":false},"author":1,"featured_media":2079,"comment_status":"closed","ping_status":"closed","sticky":false,"template":"","format":"standard","meta":[],"categories":[1],"tags":[379,376,386,37,56,383,316,140,385,300,12,6,11,377,378,17,8,380,302,51,10,382,13,175,70,384,216,205,301,381],"_links":{"self":[{"href":"https:\/\/fedemba.org.ar\/web\/wp-json\/wp\/v2\/posts\/2078"}],"collection":[{"href":"https:\/\/fedemba.org.ar\/web\/wp-json\/wp\/v2\/posts"}],"about":[{"href":"https:\/\/fedemba.org.ar\/web\/wp-json\/wp\/v2\/types\/post"}],"author":[{"embeddable":true,"href":"https:\/\/fedemba.org.ar\/web\/wp-json\/wp\/v2\/users\/1"}],"replies":[{"embeddable":true,"href":"https:\/\/fedemba.org.ar\/web\/wp-json\/wp\/v2\/comments?post=2078"}],"version-history":[{"count":2,"href":"https:\/\/fedemba.org.ar\/web\/wp-json\/wp\/v2\/posts\/2078\/revisions"}],"predecessor-version":[{"id":2081,"href":"https:\/\/fedemba.org.ar\/web\/wp-json\/wp\/v2\/posts\/2078\/revisions\/2081"}],"wp:featuredmedia":[{"embeddable":true,"href":"https:\/\/fedemba.org.ar\/web\/wp-json\/wp\/v2\/media\/2079"}],"wp:attachment":[{"href":"https:\/\/fedemba.org.ar\/web\/wp-json\/wp\/v2\/media?parent=2078"}],"wp:term":[{"taxonomy":"category","embeddable":true,"href":"https:\/\/fedemba.org.ar\/web\/wp-json\/wp\/v2\/categories?post=2078"},{"taxonomy":"post_tag","embeddable":true,"href":"https:\/\/fedemba.org.ar\/web\/wp-json\/wp\/v2\/tags?post=2078"}],"curies":[{"name":"wp","href":"https:\/\/api.w.org\/{rel}","templated":true}]}}