{"id":208,"date":"2013-07-15T11:42:43","date_gmt":"2013-07-15T14:42:43","guid":{"rendered":"http:\/\/fedemba.org.ar\/web\/?p=208"},"modified":"2015-05-14T16:18:50","modified_gmt":"2015-05-14T19:18:50","slug":"desfile-benefico-y-solidario","status":"publish","type":"post","link":"https:\/\/fedemba.org.ar\/web\/desfile-benefico-y-solidario\/","title":{"rendered":"\u00abDesfile de Moda por la Sonrisa de un Ni\u00f1o\u00bb"},"content":{"rendered":"<p>FEDEMBA\u00a0particip\u00f3 en el \u00abDesfile de Moda por la Sonrisa de un Ni\u00f1o\u00bb, realizado el 12 de julio de 2013, en el sal\u00f3n de la Escuela de Pasteler\u00eda Profesional de la Asociaci\u00f3n Mutual 12 de Enero Trabajadores Pasteleros, Confiteros, Pizzeros, Heladeros, Alfajoreros y Servicios R\u00e1pidos.<\/p>\n<p>Con\u00a0m\u00e1s de 300 personas que colmaron el lugar,\u00a0el evento solidario fue un \u00e9xito enorme. Donde adem\u00e1s, todo lo\u00a0que se recaud\u00f3\u00a0fue destinado a la compra de alimentos, \u00fatiles y juguetes para ni\u00f1os de menores recursos de Buenos Aires y distintas localidades del interior del pa\u00eds.<\/p>\n<p>El evento\u00a0ben\u00e9fico fue organizado por la Comisi\u00f3n de G\u00e9nero de CONAM y consisti\u00f3 en un desfile de ropa elaborada por Cooperativas de Trabajo, prendas aportadas por diferentes Mutuales y otras entidades que prestaron su colaboraci\u00f3n.<\/p>\n<p><a href=\"http:\/\/fedemba.org.ar\/web\/wp-content\/uploads\/2013\/07\/paguina-fedemba2.jpg\"><img decoding=\"async\" loading=\"lazy\" class=\"alignleft size-medium wp-image-301\" src=\"http:\/\/fedemba.org.ar\/web\/wp-content\/uploads\/2013\/07\/paguina-fedemba2-300x199.jpg\" alt=\"paguina fedemba2\" width=\"300\" height=\"199\" srcset=\"https:\/\/fedemba.org.ar\/web\/wp-content\/uploads\/2013\/07\/paguina-fedemba2-300x199.jpg 300w, https:\/\/fedemba.org.ar\/web\/wp-content\/uploads\/2013\/07\/paguina-fedemba2-1024x680.jpg 1024w\" sizes=\"(max-width: 300px) 100vw, 300px\" \/><\/a><a href=\"http:\/\/fedemba.org.ar\/web\/wp-content\/uploads\/2013\/07\/paguina-fedemba3.jpg\"><img decoding=\"async\" loading=\"lazy\" class=\"alignleft size-medium wp-image-303\" src=\"http:\/\/fedemba.org.ar\/web\/wp-content\/uploads\/2013\/07\/paguina-fedemba3-300x199.jpg\" alt=\"paguina fedemba3\" width=\"300\" height=\"199\" srcset=\"https:\/\/fedemba.org.ar\/web\/wp-content\/uploads\/2013\/07\/paguina-fedemba3-300x199.jpg 300w, https:\/\/fedemba.org.ar\/web\/wp-content\/uploads\/2013\/07\/paguina-fedemba3-1024x680.jpg 1024w\" sizes=\"(max-width: 300px) 100vw, 300px\" \/><\/a><\/p>\n<p>&nbsp;<\/p>\n<p>&nbsp;<\/p>\n<p>&nbsp;<\/p>\n<p>&nbsp;<\/p>\n<p>&nbsp;<\/p>\n<p><a href=\"http:\/\/fedemba.org.ar\/web\/wp-content\/uploads\/2013\/07\/paguina-fedemba-5.jpg\"><img decoding=\"async\" loading=\"lazy\" class=\"alignleft  wp-image-305\" src=\"http:\/\/fedemba.org.ar\/web\/wp-content\/uploads\/2013\/07\/paguina-fedemba-5-200x300.jpg\" alt=\"paguina fedemba 5\" width=\"183\" height=\"275\" srcset=\"https:\/\/fedemba.org.ar\/web\/wp-content\/uploads\/2013\/07\/paguina-fedemba-5-200x300.jpg 200w, https:\/\/fedemba.org.ar\/web\/wp-content\/uploads\/2013\/07\/paguina-fedemba-5-683x1024.jpg 683w, https:\/\/fedemba.org.ar\/web\/wp-content\/uploads\/2013\/07\/paguina-fedemba-5.jpg 1575w\" sizes=\"(max-width: 183px) 100vw, 183px\" \/><\/a><a href=\"http:\/\/fedemba.org.ar\/web\/wp-content\/uploads\/2013\/07\/paguina-fedemba.jpg\"><img decoding=\"async\" loading=\"lazy\" class=\"alignleft  wp-image-308\" src=\"http:\/\/fedemba.org.ar\/web\/wp-content\/uploads\/2013\/07\/paguina-fedemba-300x199.jpg\" alt=\"paguina fedemba\" width=\"415\" height=\"275\" srcset=\"https:\/\/fedemba.org.ar\/web\/wp-content\/uploads\/2013\/07\/paguina-fedemba-300x199.jpg 300w, https:\/\/fedemba.org.ar\/web\/wp-content\/uploads\/2013\/07\/paguina-fedemba-1024x680.jpg 1024w\" sizes=\"(max-width: 415px) 100vw, 415px\" \/><\/a><\/p>\n<p>&nbsp;<\/p>\n<p>&nbsp;<\/p>\n<p>&nbsp;<\/p>\n<p>&nbsp;<\/p>\n<p>&nbsp;<\/p>\n<p>&nbsp;<\/p>\n<p>&nbsp;<\/p>\n<p><a href=\"http:\/\/fedemba.org.ar\/web\/wp-content\/uploads\/2013\/07\/paguina-fedemba4.jpg\"><img decoding=\"async\" loading=\"lazy\" class=\"alignleft size-medium wp-image-306\" src=\"http:\/\/fedemba.org.ar\/web\/wp-content\/uploads\/2013\/07\/paguina-fedemba4-300x225.jpg\" alt=\"paguina fedemba4\" width=\"300\" height=\"225\" srcset=\"https:\/\/fedemba.org.ar\/web\/wp-content\/uploads\/2013\/07\/paguina-fedemba4-300x225.jpg 300w, https:\/\/fedemba.org.ar\/web\/wp-content\/uploads\/2013\/07\/paguina-fedemba4.jpg 800w\" sizes=\"(max-width: 300px) 100vw, 300px\" \/><\/a><\/p>\n<p>&nbsp;<\/p>\n<p>&nbsp;<\/p>\n<p><a href=\"http:\/\/fedemba.org.ar\/web\/wp-content\/uploads\/2013\/07\/paguina-fedemba.jpg\">\u00a0<\/a><\/p>\n<p>&nbsp;<\/p>\n","protected":false},"excerpt":{"rendered":"<p>Fedemba particip\u00f3 en el \u00abDesfile de Moda por la Sonrisa de un Ni\u00f1o\u00bb, realizado el 12 de julio, en el sal\u00f3n de la Escuela de Pasteler\u00eda Profesional de la Asociaci\u00f3n Mutual 12 de Enero Trabajadores Pasteleros, Confiteros, Pizzeros, Heladeros, Alfajoreros y Servicios R\u00e1pidos.<\/p>\n","protected":false},"author":1,"featured_media":0,"comment_status":"closed","ping_status":"closed","sticky":false,"template":"","format":"standard","meta":[],"categories":[1],"tags":[18,23,6,10],"_links":{"self":[{"href":"https:\/\/fedemba.org.ar\/web\/wp-json\/wp\/v2\/posts\/208"}],"collection":[{"href":"https:\/\/fedemba.org.ar\/web\/wp-json\/wp\/v2\/posts"}],"about":[{"href":"https:\/\/fedemba.org.ar\/web\/wp-json\/wp\/v2\/types\/post"}],"author":[{"embeddable":true,"href":"https:\/\/fedemba.org.ar\/web\/wp-json\/wp\/v2\/users\/1"}],"replies":[{"embeddable":true,"href":"https:\/\/fedemba.org.ar\/web\/wp-json\/wp\/v2\/comments?post=208"}],"version-history":[{"count":5,"href":"https:\/\/fedemba.org.ar\/web\/wp-json\/wp\/v2\/posts\/208\/revisions"}],"predecessor-version":[{"id":318,"href":"https:\/\/fedemba.org.ar\/web\/wp-json\/wp\/v2\/posts\/208\/revisions\/318"}],"wp:attachment":[{"href":"https:\/\/fedemba.org.ar\/web\/wp-json\/wp\/v2\/media?parent=208"}],"wp:term":[{"taxonomy":"category","embeddable":true,"href":"https:\/\/fedemba.org.ar\/web\/wp-json\/wp\/v2\/categories?post=208"},{"taxonomy":"post_tag","embeddable":true,"href":"https:\/\/fedemba.org.ar\/web\/wp-json\/wp\/v2\/tags?post=208"}],"curies":[{"name":"wp","href":"https:\/\/api.w.org\/{rel}","templated":true}]}}