{"id":212,"date":"2013-09-04T11:57:25","date_gmt":"2013-09-04T14:57:25","guid":{"rendered":"http:\/\/fedemba.org.ar\/web\/?p=212"},"modified":"2015-05-14T16:32:01","modified_gmt":"2015-05-14T19:32:01","slug":"participacion-de-fedemba-en-jornada-de-capacitacion","status":"publish","type":"post","link":"https:\/\/fedemba.org.ar\/web\/participacion-de-fedemba-en-jornada-de-capacitacion\/","title":{"rendered":"Participaci\u00f3n de FEDEMBA en la Jornada \u201cProblem\u00e1tica de la Inclusi\u00f3n de los J\u00f3venes en la Sociedad\u201d y \u201cMigraci\u00f3n Joven\u201d"},"content":{"rendered":"<p>FEDEMBA\u00a0estuvo presente el 30 de agosto\u00a0de 2013\u00a0en\u00a0 la Jornada \u201cProblem\u00e1tica de la Inclusi\u00f3n de los J\u00f3venes en la Sociedad\u201d y \u201cMigraci\u00f3n Joven\u201d, desarrollada en el C\u00edrculo de Suboficiales de la Prefectura Naval Argentina y organizada por la Comisi\u00f3n de la Juventud de CONAM.<\/p>\n<p>La apertura cont\u00f3 con las palabras de la Dra. Rosa B. Rodr\u00edguez, Presidenta de CONAM; del Dr. Rodolfo Mangas, Presidente del Instituto de Promoci\u00f3n de la Econom\u00eda Solidaria (IPES); del Dr. Dar\u00edo Mart\u00ednez Corti, Presidente de la Federaci\u00f3n de Entidades Mutuales de Buenos Aires (FEDEMBA); y del Sr. Juan Carlos Rodr\u00edguez, Vocal Titular 2\u00ba del C\u00edrculo de Suboficiales de la Prefectura Naval Argentina.<\/p>\n<p>La Dra. Lidya Kety Mart\u00ednez, Presidenta de Mutual Universitaria,\u00a0disert\u00f3 junto con\u00a0el Sr. Luis Hlebowicz, Presidente de la Asociaci\u00f3n Mutual 12 de Enero y Secretario General de la Federaci\u00f3n Argentina de Trabajadores Pasteleros, Confiteros, Heladeros, Pizzeros y Alfajoreros, \u00a0sobre el tema \u201cVisi\u00f3n desde la Educaci\u00f3n\u201d.<\/p>\n<div id=\"attachment_322\" style=\"width: 310px\" class=\"wp-caption alignleft\"><a href=\"http:\/\/fedemba.org.ar\/web\/wp-content\/uploads\/2013\/09\/JORNADA-J\u00d3VENES-3.jpg\"><img aria-describedby=\"caption-attachment-322\" decoding=\"async\" loading=\"lazy\" class=\"size-medium wp-image-322\" src=\"http:\/\/fedemba.org.ar\/web\/wp-content\/uploads\/2013\/09\/JORNADA-J\u00d3VENES-3-300x200.jpg\" alt=\"Buenos Aires 30\/08\/13: Confederacion Nacional de Mutualidades de la Republica Argentina (CONAM ). Jornada &quot;Problematica de la Inclusion de los Jovenes en la Sociedad&quot; y &quot;Migracion Joven&quot;\" width=\"300\" height=\"200\" srcset=\"https:\/\/fedemba.org.ar\/web\/wp-content\/uploads\/2013\/09\/JORNADA-J\u00d3VENES-3-300x200.jpg 300w, https:\/\/fedemba.org.ar\/web\/wp-content\/uploads\/2013\/09\/JORNADA-J\u00d3VENES-3-1024x683.jpg 1024w\" sizes=\"(max-width: 300px) 100vw, 300px\" \/><\/a><p id=\"caption-attachment-322\" class=\"wp-caption-text\">Buenos Aires 30\/08\/13: Confederacion Nacional de Mutualidades de la Republica Argentina (CONAM ). Jornada \u00abProblematica de la Inclusion de los Jovenes en la Sociedad\u00bb y \u00abMigracion Joven\u00bb<\/p><\/div>\n<div id=\"attachment_321\" style=\"width: 310px\" class=\"wp-caption alignleft\"><a href=\"http:\/\/fedemba.org.ar\/web\/wp-content\/uploads\/2013\/09\/JORNADA-J\u00d3VENES-2.jpg\"><img aria-describedby=\"caption-attachment-321\" decoding=\"async\" loading=\"lazy\" class=\"size-medium wp-image-321\" src=\"http:\/\/fedemba.org.ar\/web\/wp-content\/uploads\/2013\/09\/JORNADA-J\u00d3VENES-2-300x211.jpg\" alt=\"Buenos Aires 30\/08\/13: Confederacion Nacional de Mutualidades de la Republica Argentina (CONAM ). Jornada &quot;Problematica de la Inclusion de los Jovenes en la Sociedad&quot; y &quot;Migracion Joven&quot;\" width=\"300\" height=\"211\" srcset=\"https:\/\/fedemba.org.ar\/web\/wp-content\/uploads\/2013\/09\/JORNADA-J\u00d3VENES-2-300x211.jpg 300w, https:\/\/fedemba.org.ar\/web\/wp-content\/uploads\/2013\/09\/JORNADA-J\u00d3VENES-2-1024x720.jpg 1024w\" sizes=\"(max-width: 300px) 100vw, 300px\" \/><\/a><p id=\"caption-attachment-321\" class=\"wp-caption-text\">Buenos Aires 30\/08\/13: Confederacion Nacional de Mutualidades de la Republica Argentina (CONAM ). Jornada \u00abProblematica de la Inclusion de los Jovenes en la Sociedad\u00bb y \u00abMigracion Joven\u00bb<\/p><\/div>\n","protected":false},"excerpt":{"rendered":"<p>FEDEMBA estuvo presente el 30 de agosto de 2013 en  la Jornada \u201cProblem\u00e1tica de la Inclusi\u00f3n de los J\u00f3venes en la Sociedad\u201d y \u201cMigraci\u00f3n Joven\u201d, desarrollada en el C\u00edrculo de Suboficiales de la Prefectura Naval Argentina y organizada por la Comisi\u00f3n de la Juventud de CONAM.<\/p>\n","protected":false},"author":1,"featured_media":323,"comment_status":"closed","ping_status":"closed","sticky":false,"template":"","format":"standard","meta":[],"categories":[1],"tags":[18,12,6,15,24,10],"_links":{"self":[{"href":"https:\/\/fedemba.org.ar\/web\/wp-json\/wp\/v2\/posts\/212"}],"collection":[{"href":"https:\/\/fedemba.org.ar\/web\/wp-json\/wp\/v2\/posts"}],"about":[{"href":"https:\/\/fedemba.org.ar\/web\/wp-json\/wp\/v2\/types\/post"}],"author":[{"embeddable":true,"href":"https:\/\/fedemba.org.ar\/web\/wp-json\/wp\/v2\/users\/1"}],"replies":[{"embeddable":true,"href":"https:\/\/fedemba.org.ar\/web\/wp-json\/wp\/v2\/comments?post=212"}],"version-history":[{"count":4,"href":"https:\/\/fedemba.org.ar\/web\/wp-json\/wp\/v2\/posts\/212\/revisions"}],"predecessor-version":[{"id":325,"href":"https:\/\/fedemba.org.ar\/web\/wp-json\/wp\/v2\/posts\/212\/revisions\/325"}],"wp:featuredmedia":[{"embeddable":true,"href":"https:\/\/fedemba.org.ar\/web\/wp-json\/wp\/v2\/media\/323"}],"wp:attachment":[{"href":"https:\/\/fedemba.org.ar\/web\/wp-json\/wp\/v2\/media?parent=212"}],"wp:term":[{"taxonomy":"category","embeddable":true,"href":"https:\/\/fedemba.org.ar\/web\/wp-json\/wp\/v2\/categories?post=212"},{"taxonomy":"post_tag","embeddable":true,"href":"https:\/\/fedemba.org.ar\/web\/wp-json\/wp\/v2\/tags?post=212"}],"curies":[{"name":"wp","href":"https:\/\/api.w.org\/{rel}","templated":true}]}}